{"id":1237,"date":"2010-04-29T14:39:45","date_gmt":"2010-04-29T17:39:45","guid":{"rendered":"http:\/\/www.atecordoba.org\/?p=1237"},"modified":"2010-04-29T14:39:45","modified_gmt":"2010-04-29T17:39:45","slug":"personal-civil-de-las-ff-aa-planifica-cronograma-de-asambleas-en-cordoba","status":"publish","type":"post","link":"https:\/\/atecordoba.org\/?p=1237","title":{"rendered":"Personal Civil de las FF.AA. planifica cronograma de asambleas en C\u00f3rdoba"},"content":{"rendered":"<div>\n<div dir=\"ltr\">\n<p><strong>El Hospital Aern\u00e1utico realizar\u00e1 un paro de 72 horas 4, 5 y 6 de mayo<\/strong><\/p>\n<\/div>\n<\/div>\n<div>\n<div dir=\"ltr\">\n<p>(C\u00f3rdoba, 29-04-2010) En una jornada de debate del cuerpo de delegados del Personal Civil de las Fuerzas Armadas de C\u00f3rdoba se estableci\u00f3 una cronograma de asambleas a desarrollarse la semana que viene.<\/p>\n<p>En la oportunidad estuvieron presentes los compa\u00f1eros Marta Caballero y Claudia Gayol, por el Hospital Aeron\u00e1utico, Rita Toncovich, por el Centro Zonal Odontol\u00f3gico, V\u00edctor Lecuona, por la farmacia del IOSE, Jorge Staffolani y Mat\u00edas Padlubne, por el \u00c1rea Material R\u00edo Cuarto, Marcela Chavez, por el Complejo Tur\u00edstico Ascochinga, Juan Carlos Pereyra, por la Residencia Serrana Iose La Falda, Juan Carlos Gonz\u00e1lez y Noe Benjam\u00edn Estallio, por la Escuela de Aviaci\u00f3n Militar, Enriqueta Benza y Mirta Oddino, por el Insituto Universitario Aeron\u00e1utico, Soledad Tuturro, por le IOSE CAR Noroeste. Asi tambi\u00e9n, se encontraron en el lugar, Oscar Mengarelli, adjunto de ATE C\u00f3rdoba, Diegop Guerra, secretario de Organizaci\u00f3n del CDP, Lu\u00eds Barcena, secretario del Interior, Miriam Martino, prosecretaria Administrativa, y Alejandro Charra, delegado paritario nacional.<\/p>\n<p>Del debate y la discusi\u00f3n de los mandatos de las asambleas por sector se resolvi\u00f3:<\/p>\n<p><img loading=\"lazy\" decoding=\"async\" src=\"http:\/\/www.atecordoba.org\/local\/cache-vignettes\/L16xH14\/puce_prive-07a10.gif\" alt=\"-\" width=\"16\" height=\"14\" \/>\u00a0Cronogramas de asambleas de los distintos sectores.<\/p>\n<p><img loading=\"lazy\" decoding=\"async\" src=\"http:\/\/www.atecordoba.org\/local\/cache-vignettes\/L16xH14\/puce_prive-07a10.gif\" alt=\"-\" width=\"16\" height=\"14\" \/>\u00a0El hospital Aeron\u00e1utico y Zonal odontol\u00f3gico, paro por 72 horas los d\u00edas 4, 5 y 6 de mayo.<\/p>\n<p><img loading=\"lazy\" decoding=\"async\" src=\"http:\/\/www.atecordoba.org\/local\/cache-vignettes\/L16xH14\/puce_prive-07a10.gif\" alt=\"-\" width=\"16\" height=\"14\" \/>\u00a0Paro provincial del Personal Civil, con movilizaci\u00f3n, el 6 de mayo.<\/p>\n<p><img loading=\"lazy\" decoding=\"async\" src=\"http:\/\/www.atecordoba.org\/local\/cache-vignettes\/L16xH14\/puce_prive-07a10.gif\" alt=\"-\" width=\"16\" height=\"14\" \/>\u00a0Se apoya la jornada de protesta en reclamo de la ley previsional nacional el 30 de abril, a las 10 hs, frente a la delegaci\u00f3n local del Pami.<\/p>\n<p>Detalle de las asambleas:<\/p>\n<p><img loading=\"lazy\" decoding=\"async\" src=\"http:\/\/www.atecordoba.org\/local\/cache-vignettes\/L16xH14\/puce_prive-07a10.gif\" alt=\"-\" width=\"16\" height=\"14\" \/>\u00a0IUA el 29-04<\/p>\n<p><img loading=\"lazy\" decoding=\"async\" src=\"http:\/\/www.atecordoba.org\/local\/cache-vignettes\/L16xH14\/puce_prive-07a10.gif\" alt=\"-\" width=\"16\" height=\"14\" \/>\u00a0\u00c1rea Material R\u00edo Cuarto 29-04<\/p>\n<p><img loading=\"lazy\" decoding=\"async\" src=\"http:\/\/www.atecordoba.org\/local\/cache-vignettes\/L16xH14\/puce_prive-07a10.gif\" alt=\"-\" width=\"16\" height=\"14\" \/>\u00a0Iose CAr Noroeste y Farmacia 30-04 a las 9 hs.<\/p>\n<p><img loading=\"lazy\" decoding=\"async\" src=\"http:\/\/www.atecordoba.org\/local\/cache-vignettes\/L16xH14\/puce_prive-07a10.gif\" alt=\"-\" width=\"16\" height=\"14\" \/>\u00a0Hospital Aeron\u00e1utico 30-4 a las 13 hs.<\/p>\n<p><img loading=\"lazy\" decoding=\"async\" src=\"http:\/\/www.atecordoba.org\/local\/cache-vignettes\/L16xH14\/puce_prive-07a10.gif\" alt=\"-\" width=\"16\" height=\"14\" \/>\u00a0Delegaci\u00f3n c\u00f3rdoba IOSE 30-4 13.30 hs.<\/p>\n<p><img loading=\"lazy\" decoding=\"async\" src=\"http:\/\/www.atecordoba.org\/local\/cache-vignettes\/L16xH14\/puce_prive-07a10.gif\" alt=\"-\" width=\"16\" height=\"14\" \/>\u00a0Escuela de Aviaci\u00f3n Militar 3-5 9.30 hs<\/p>\n<p><img loading=\"lazy\" decoding=\"async\" src=\"http:\/\/www.atecordoba.org\/local\/cache-vignettes\/L16xH14\/puce_prive-07a10.gif\" alt=\"-\" width=\"16\" height=\"14\" \/>\u00a0Escuela de Suboficiales 3-5 11hs.<\/p>\n<p><img loading=\"lazy\" decoding=\"async\" src=\"http:\/\/www.atecordoba.org\/local\/cache-vignettes\/L16xH14\/puce_prive-07a10.gif\" alt=\"-\" width=\"16\" height=\"14\" \/>\u00a0Mantenimiento y Administraci\u00f3n de Barrio Aeron\u00e1utico 3-5 8.30 hs.<\/p>\n<p><img loading=\"lazy\" decoding=\"async\" src=\"http:\/\/www.atecordoba.org\/local\/cache-vignettes\/L16xH14\/puce_prive-07a10.gif\" alt=\"-\" width=\"16\" height=\"14\" \/>\u00a0Central Zonal Odontol\u00f3gico 29-4<\/p>\n<p><img loading=\"lazy\" decoding=\"async\" src=\"http:\/\/www.atecordoba.org\/local\/cache-vignettes\/L16xH14\/puce_prive-07a10.gif\" alt=\"-\" width=\"16\" height=\"14\" \/>\u00a0Hoster\u00eda IOSE Villa General Belgrano 29-4<\/p>\n<p><img loading=\"lazy\" decoding=\"async\" src=\"http:\/\/www.atecordoba.org\/local\/cache-vignettes\/L16xH14\/puce_prive-07a10.gif\" alt=\"-\" width=\"16\" height=\"14\" \/>\u00a0Residencia Serrana La Falda IOSE 3-5 10.30 hs.<\/p>\n<p><img loading=\"lazy\" decoding=\"async\" src=\"http:\/\/www.atecordoba.org\/local\/cache-vignettes\/L16xH14\/puce_prive-07a10.gif\" alt=\"-\" width=\"16\" height=\"14\" \/>\u00a0Unidad Tur\u00edstica Ascochinga 4-5 10 hs.<\/p>\n<p><a href=\"http:\/\/www.atecordoba.org\/wp-content\/uploads\/2012\/07\/28-04-10_ACTA_PERSONAL_CIVIL.jpg\">Acta\u00a0<\/a><\/p>\n<p>&nbsp;<\/p>\n<\/div>\n<\/div>\n","protected":false},"excerpt":{"rendered":"<p>El Hospital Aern\u00e1utico realizar\u00e1 un paro de 72 horas 4, 5 y 6 de mayo (C\u00f3rdoba, 29-04-2010) En una jornada de debate del cuerpo de delegados del Personal Civil de las Fuerzas Armadas de C\u00f3rdoba se estableci\u00f3 una cronograma de asambleas a desarrollarse la semana que viene. En la oportunidad estuvieron presentes los compa\u00f1eros Marta [&hellip;]<\/p>\n","protected":false},"author":1,"featured_media":19220,"comment_status":"open","ping_status":"open","sticky":false,"template":"","format":"standard","meta":{"_exactmetrics_skip_tracking":false,"_exactmetrics_sitenote_active":false,"_exactmetrics_sitenote_note":"","_exactmetrics_sitenote_category":0,"jnews-multi-image_gallery":[],"jnews_single_post":[],"jnews_primary_category":[],"jnews_social_meta":[],"jnews_review":[],"enable_review":"","type":"","name":"","summary":"","brand":"","sku":"","good":[],"bad":[],"score_override":"","override_value":"","rating":[],"price":[],"jnews_override_counter":[],"jnews_post_split":[],"footnotes":""},"categories":[20],"tags":[28,24,11],"class_list":["post-1237","post","type-post","status-publish","format-standard","has-post-thumbnail","hentry","category-municipales","tag-ff-aa","tag-municipales-2","tag-noticias-2"],"jetpack_featured_media_url":"https:\/\/atecordoba.org\/wp-content\/uploads\/2020\/05\/logo-nuevochico-e1561581322808.png","_links":{"self":[{"href":"https:\/\/atecordoba.org\/index.php?rest_route=\/wp\/v2\/posts\/1237","targetHints":{"allow":["GET"]}}],"collection":[{"href":"https:\/\/atecordoba.org\/index.php?rest_route=\/wp\/v2\/posts"}],"about":[{"href":"https:\/\/atecordoba.org\/index.php?rest_route=\/wp\/v2\/types\/post"}],"author":[{"embeddable":true,"href":"https:\/\/atecordoba.org\/index.php?rest_route=\/wp\/v2\/users\/1"}],"replies":[{"embeddable":true,"href":"https:\/\/atecordoba.org\/index.php?rest_route=%2Fwp%2Fv2%2Fcomments&post=1237"}],"version-history":[{"count":0,"href":"https:\/\/atecordoba.org\/index.php?rest_route=\/wp\/v2\/posts\/1237\/revisions"}],"wp:featuredmedia":[{"embeddable":true,"href":"https:\/\/atecordoba.org\/index.php?rest_route=\/wp\/v2\/media\/19220"}],"wp:attachment":[{"href":"https:\/\/atecordoba.org\/index.php?rest_route=%2Fwp%2Fv2%2Fmedia&parent=1237"}],"wp:term":[{"taxonomy":"category","embeddable":true,"href":"https:\/\/atecordoba.org\/index.php?rest_route=%2Fwp%2Fv2%2Fcategories&post=1237"},{"taxonomy":"post_tag","embeddable":true,"href":"https:\/\/atecordoba.org\/index.php?rest_route=%2Fwp%2Fv2%2Ftags&post=1237"}],"curies":[{"name":"wp","href":"https:\/\/api.w.org\/{rel}","templated":true}]}}