{"id":12367,"date":"2020-03-04T11:34:59","date_gmt":"2020-03-04T14:34:59","guid":{"rendered":"https:\/\/www.atecordoba.org\/?p=12367"},"modified":"2020-05-05T09:09:47","modified_gmt":"2020-05-05T12:09:47","slug":"basta-de-operaciones-recomposicion-salarial-ya-y-reincorporacion-de-despedidos-y-despedidas-por-schiaretti","status":"publish","type":"post","link":"https:\/\/atecordoba.org\/?p=12367","title":{"rendered":"Basta de operaciones: recomposici\u00f3n salarial ya y reincorporaci\u00f3n de despedidos y despedidas por Schiaretti"},"content":{"rendered":"\n<p>En medio de la crisis econ\u00f3mica y en un contexto social cada vez m\u00e1s complicado, el Gobierno de C\u00f3rdoba di\u00f3 de baja los contratos de m\u00e1s de 70 trabajadora\/es de la Administraci\u00f3n P\u00fablica Provincial . Con una antig\u00fcedad promedio de entre 5 y 6 a\u00f1os de ejercicio en la funci\u00f3n y evaluaciones positivas en el desempe\u00f1o de las mismas, dejan en la calle a empleados contratados los cuales debieron estar en Planta Permanente hace mucho tiempo, e incrementan el ej\u00e9rcito de \u00f1oquis en los despachos de los funcionarios.<\/p>\n\n\n\n<p>Lo grave de\nesta situaci\u00f3n es que estos despidos ponen al descubierto una oscura maniobra\nde la gesti\u00f3n Schiaretti que expulsa trabajadores en coincidencia con el\ncomienzo de la negociaci\u00f3n salarial con los gremios amigos, que \u00e9l mismo ha\nelegido a tal fin.<\/p>\n\n\n\n<p>Es as\u00ed que\ndesde la Asociaci\u00f3n de Trabajadores del Estado (ATE), advertimos que esta\noperaci\u00f3n: <\/p>\n\n\n\n<p>&#8211; pretende\ninstalar un falso eje para no hablar de la recomposici\u00f3n salarial urgente que\ntodas las compa\u00f1eras y compa\u00f1eros que trabajamos en el Estado\nProvincial,reclamamos;<\/p>\n\n\n\n<p>&#8211; busca apretar\n-a partir de despidos disciplinadores- a quienes trabajan en condiciones\nprecarias a aceptar salarios -&#8220;becas&#8221;, &#8220;monotributos&#8221; o\ncualquiera de las formas que pretendan disimular las formas irregulares de\nempleo en la provincia- y siempre&nbsp; a la\nbaja; <\/p>\n\n\n\n<p>&#8211; busca\natemorizar y aplacar los reclamos del resto de los contratados quienes reclaman\ndesde hace tiempo por el justo pase a planta permanente.<\/p>\n\n\n\n<p>Por todo esto,\nes que desde ATE exigimos se desarme toda esta operaci\u00f3n, se restituya el\ntrabajo a quienes fueron perjudicados por el cinismo de las autoridades de\nturno y se vuelva INMEDIATAMENTE a discutir la recomposici\u00f3n salarial sobre la\nbase de la CLAUSULA GATILLO para conservar el poder adquisitivo del salario.<\/p>\n\n\n\n<p>Por ello, reclamamos la participaci\u00f3n en\nla mesa de negociaci\u00f3n salarial como voz de los trabajadores y trabajadoras de\nla administraci\u00f3n provincial. Porque sostenemos desde siempre que no se puede\nser juez y parte, y quienes representan a los laburantes deben hacerlo desde el\ncompromiso con los que ponen el lomo todos los d\u00edas para sostener los distintos\nservicios, a veces sin insumos y con sueldos miserables. ATE eligi\u00f3 organizar.\nATE eligi\u00f3 la dignidad. ATE exige el final de las mentiras y el comienzo de un\ncamino de recomposici\u00f3n de las pol\u00edticas p\u00fablicas alejadas del cinismo y la\nmentira. <\/p>\n\n\n\n<p>Lanzamos el estado de alerta en los lugares de trabajo\ncon asambleas por repartici\u00f3n entre los d\u00edas 5 al 9 de Marzo.<\/p>\n\n\n\n<p>A su vez invitamos al Encuentro de delegadas y delegados\nProvinciales con mandato vigente&nbsp; el\npr\u00f3ximo martes 10 de marzo a las 10 horas en ATE, Entre R\u00edos 450.<\/p>\n\n\n\n<p>\u00a1Recomposici\u00f3n\nsalarial urgente!<\/p>\n\n\n\n<p>\u00a1Pase a planta\npermanente!<\/p>\n\n\n\n<p>\u00a1Inmediata\nreincorporaci\u00f3n de despedidos y despedidas!<\/p>\n\n\n\n<p>Contactos:<\/p>\n\n\n\n<p><strong>Federico Giuliani, secretario general ATE\nProvincia de C\u00f3rdoba. 0358\/154355410<\/strong><\/p>\n\n\n\n<p><strong>Hugo Dur\u00e1n, secretario general adjunto ATE\nProvincia de C\u00f3rdoba. 0351\/153692528<\/strong><\/p>\n\n\n\n<p><strong>Asociaci\u00f3n de\nTrabajadores del Estado<\/strong><\/p>\n\n\n\n<p><strong>Consejo Directivo Provincial C\u00f3rdoba<\/strong><\/p>\n","protected":false},"excerpt":{"rendered":"<p>En medio de la crisis econ\u00f3mica y en un contexto social cada vez m\u00e1s complicado, el Gobierno de C\u00f3rdoba di\u00f3 de baja los contratos de m\u00e1s de 70 trabajadora\/es de la Administraci\u00f3n P\u00fablica Provincial . Con una antig\u00fcedad promedio de entre 5 y 6 a\u00f1os de ejercicio en la funci\u00f3n y evaluaciones positivas en el [&hellip;]<\/p>\n","protected":false},"author":1,"featured_media":19220,"comment_status":"open","ping_status":"open","sticky":true,"template":"","format":"standard","meta":{"_exactmetrics_skip_tracking":false,"_exactmetrics_sitenote_active":false,"_exactmetrics_sitenote_note":"","_exactmetrics_sitenote_category":0,"jnews-multi-image_gallery":[],"jnews_single_post":[],"jnews_primary_category":[],"jnews_social_meta":[],"jnews_review":[],"enable_review":"","type":"","name":"","summary":"","brand":"","sku":"","good":[],"bad":[],"score_override":"","override_value":"","rating":[],"price":[],"jnews_override_counter":[],"jnews_post_split":[],"footnotes":""},"categories":[1],"tags":[],"class_list":["post-12367","post","type-post","status-publish","format-standard","has-post-thumbnail","hentry","category-sin-categoria"],"jetpack_featured_media_url":"https:\/\/atecordoba.org\/wp-content\/uploads\/2020\/05\/logo-nuevochico-e1561581322808.png","_links":{"self":[{"href":"https:\/\/atecordoba.org\/index.php?rest_route=\/wp\/v2\/posts\/12367","targetHints":{"allow":["GET"]}}],"collection":[{"href":"https:\/\/atecordoba.org\/index.php?rest_route=\/wp\/v2\/posts"}],"about":[{"href":"https:\/\/atecordoba.org\/index.php?rest_route=\/wp\/v2\/types\/post"}],"author":[{"embeddable":true,"href":"https:\/\/atecordoba.org\/index.php?rest_route=\/wp\/v2\/users\/1"}],"replies":[{"embeddable":true,"href":"https:\/\/atecordoba.org\/index.php?rest_route=%2Fwp%2Fv2%2Fcomments&post=12367"}],"version-history":[{"count":1,"href":"https:\/\/atecordoba.org\/index.php?rest_route=\/wp\/v2\/posts\/12367\/revisions"}],"predecessor-version":[{"id":18614,"href":"https:\/\/atecordoba.org\/index.php?rest_route=\/wp\/v2\/posts\/12367\/revisions\/18614"}],"wp:featuredmedia":[{"embeddable":true,"href":"https:\/\/atecordoba.org\/index.php?rest_route=\/wp\/v2\/media\/19220"}],"wp:attachment":[{"href":"https:\/\/atecordoba.org\/index.php?rest_route=%2Fwp%2Fv2%2Fmedia&parent=12367"}],"wp:term":[{"taxonomy":"category","embeddable":true,"href":"https:\/\/atecordoba.org\/index.php?rest_route=%2Fwp%2Fv2%2Fcategories&post=12367"},{"taxonomy":"post_tag","embeddable":true,"href":"https:\/\/atecordoba.org\/index.php?rest_route=%2Fwp%2Fv2%2Ftags&post=12367"}],"curies":[{"name":"wp","href":"https:\/\/api.w.org\/{rel}","templated":true}]}}