{"id":12364,"date":"2020-03-02T16:30:00","date_gmt":"2020-03-02T19:30:00","guid":{"rendered":"https:\/\/www.atecordoba.org\/?p=12364"},"modified":"2020-05-05T09:09:47","modified_gmt":"2020-05-05T12:09:47","slug":"innamorato-queremos-crecer-y-mucho","status":"publish","type":"post","link":"https:\/\/atecordoba.org\/?p=12364","title":{"rendered":"Innamorato: &#8220;Queremos crecer, y mucho&#8221;"},"content":{"rendered":"\n<p><em>Edith Innamorato, Secretaria del Interior del Consejo Directivo Provincial de ATE C\u00f3rdoba, describi\u00f3 los esfuerzos que desde su secretar\u00eda realizan para llevar la propuesta de ATE a cada rinc\u00f3n de la Provincia y para funcionar &#8220;como enlace entre el\u00a0CDP y todas las seccionales y\/o municipalidades o dependencias de sectores provinciales o nacionales&#8221;<\/em><\/p>\n\n\n\n<p><strong>\u00bfCu\u00e1l es la funci\u00f3n de la Secretar\u00eda del Interior en el marco del Consejo Directivo Provincial (CDP)?<\/strong><\/p>\n\n\n\n<p>La Secretar\u00eda del Interior realiza el enlace entre el CDP y todas las seccionales y\/o municipalidades o dependencias de sectores provinciales o nacionales que est\u00e9n dentro dentro de la jurisdicci\u00f3n del CDP. Tenemos varias municipalidades que dependen directamente del CDP y luego hay otras con las que trabajamos a trav\u00e9s de las diferentes seccionales.<\/p>\n\n\n\n<p>En la Secretar\u00eda buscamos realizar todos los enlaces posibles entre seccionales y con el CDP. Hemos propuesto hacer mayor y mejor gestiones en las comunas y Municipalidades, haciendo funcionar la fortaleza del conjunto, saliendo del aislamiento. De las m\u00e1s de 400 comunas y municipios que existen en la provincia, hoy estamos solo en 69 defendiendo a los trabajadores y trabajadoras, pero tenemos un desaf\u00edo muy grande por delante para continuar fortaleciendo el sector, porque queremos crecer, y mucho.<\/p>\n\n\n\n<figure class=\"wp-block-image size-large\"><img decoding=\"async\" src=\"http:\/\/atecordoba.org\/wp-content\/uploads\/2020\/05\/Edith-foto-1024x576.jpg\" alt=\"\" class=\"wp-image-12365\"\/><figcaption>Secretaria del Interior, Edith Innamorato: &#8220;Hemos propuesto federalizar la provincia, cambiando la \u00f3ptica del Consejo Directivo Provincial&#8221;<\/figcaption><\/figure>\n\n\n\n<p><strong>\u00bfCu\u00e1l ha sido la \u00f3ptica con la que han encarado desde esta gesti\u00f3n la pol\u00edtica de la Secretar\u00eda?<\/strong><\/p>\n\n\n\n<p>Hemos propuesto federalizar la provincia, cambiando la \u00f3ptica desde el Consejo Directivo Provincial. Al CDP ya no solo le competen los sectores de C\u00f3rdoba Capital y su \u00e9gido urbano, sino que tambi\u00e9n todo lo que corresponde a cada una de las seccionales y delegaciones que, con su autonom\u00eda, fortalecen al todo provincial que tambi\u00e9n da fuerza a cada seccional en particular.<\/p>\n\n\n\n<p>Hemos comenzado a trabajar muy fuerte en la cuesti\u00f3n municipal, que era una de las propuestas: una muestra de ello fue la Coordinaci\u00f3n de Municipales que realizamos estos d\u00edas y que fue producto del Primer Plenario de Municipales que realizamos en diciembre pasado. Desde esta mesa de trabajo, de Cooordinaci\u00f3n, estableceremos l\u00edneas generales b\u00e1sicas entre todas las municipalidades. Hay muchas diferencias entre los municipios del sur, del centro, del norte. Y no nos referimos solo a lo econ\u00f3mico -que es abismal-, sino tambi\u00e9n en el trato con los trabajadores y trabajadoras.<\/p>\n\n\n\n<p>As\u00ed que el desaf\u00edo de crecimiento viene por ah\u00ed. Crecer para equilibrar hacia arriba a quienes trabajen en estos sectores municipales. De hecho, ya hemos incorporado dos nuevas municipalidades en lo que va de 2020: una la de Sald\u00e1n y otra la de Jes\u00fas Mar\u00eda, lo que da muestra que con compromiso y trabajo se ven los frutos.<\/p>\n\n\n\n<p>Hemos podido hacer conocer la nueva pol\u00edtica de ATE en muchos lugares de la provincia y el CDP ha entablado un v\u00ednculo muy fuerte con los Secretarios Generales de cada una de las seccionales, eso marca una impronta muy fuerte a nuestra gesti\u00f3n.<\/p>\n\n\n\n<p><strong>\u00bfCu\u00e1les ser\u00e1n los desaf\u00edos hacia 2020?<\/strong><\/p>\n\n\n\n<p>El desaf\u00edo para este 2020 es la creaci\u00f3n de una delegaci\u00f3n en la zona norte del conurbano de C\u00f3rdoba (Unquillo, Jes\u00fas Mar\u00eda) para conformar una futura seccional all\u00ed. Adem\u00e1s planteamos hacer crecer el sindicato en cada una de las municipalidades en el interior provincial para fortalecer a quienes all\u00ed trabajan. Ser\u00eda muy importante, a tal fin, lograr algunas pautas m\u00ednimas para un plan de carrera tanto administrativa como operativas en estas dependencias y pase a planta permanente mayor ya que la precarizaci\u00f3n laboral tiene porcentajes alt\u00edsimos en los municipios, sobre todo los del norte provincial pero presente en pr\u00e1cticamente todos.<\/p>\n","protected":false},"excerpt":{"rendered":"<p>Edith Innamorato, Secretaria del Interior del Consejo Directivo Provincial de ATE C\u00f3rdoba, describi\u00f3 los esfuerzos que desde su secretar\u00eda realizan para llevar la propuesta de ATE a cada rinc\u00f3n de la Provincia y para funcionar &#8220;como enlace entre el\u00a0CDP y todas las seccionales y\/o municipalidades o dependencias de sectores provinciales o nacionales&#8221; \u00bfCu\u00e1l es la [&hellip;]<\/p>\n","protected":false},"author":1,"featured_media":19220,"comment_status":"open","ping_status":"open","sticky":true,"template":"","format":"standard","meta":{"_exactmetrics_skip_tracking":false,"_exactmetrics_sitenote_active":false,"_exactmetrics_sitenote_note":"","_exactmetrics_sitenote_category":0,"jnews-multi-image_gallery":[],"jnews_single_post":[],"jnews_primary_category":[],"jnews_social_meta":[],"jnews_review":[],"enable_review":"","type":"","name":"","summary":"","brand":"","sku":"","good":[],"bad":[],"score_override":"","override_value":"","rating":[],"price":[],"jnews_override_counter":[],"jnews_post_split":[],"footnotes":""},"categories":[1],"tags":[],"class_list":["post-12364","post","type-post","status-publish","format-standard","has-post-thumbnail","hentry","category-sin-categoria"],"jetpack_featured_media_url":"https:\/\/atecordoba.org\/wp-content\/uploads\/2020\/05\/logo-nuevochico-e1561581322808.png","_links":{"self":[{"href":"https:\/\/atecordoba.org\/index.php?rest_route=\/wp\/v2\/posts\/12364","targetHints":{"allow":["GET"]}}],"collection":[{"href":"https:\/\/atecordoba.org\/index.php?rest_route=\/wp\/v2\/posts"}],"about":[{"href":"https:\/\/atecordoba.org\/index.php?rest_route=\/wp\/v2\/types\/post"}],"author":[{"embeddable":true,"href":"https:\/\/atecordoba.org\/index.php?rest_route=\/wp\/v2\/users\/1"}],"replies":[{"embeddable":true,"href":"https:\/\/atecordoba.org\/index.php?rest_route=%2Fwp%2Fv2%2Fcomments&post=12364"}],"version-history":[{"count":1,"href":"https:\/\/atecordoba.org\/index.php?rest_route=\/wp\/v2\/posts\/12364\/revisions"}],"predecessor-version":[{"id":18618,"href":"https:\/\/atecordoba.org\/index.php?rest_route=\/wp\/v2\/posts\/12364\/revisions\/18618"}],"wp:featuredmedia":[{"embeddable":true,"href":"https:\/\/atecordoba.org\/index.php?rest_route=\/wp\/v2\/media\/19220"}],"wp:attachment":[{"href":"https:\/\/atecordoba.org\/index.php?rest_route=%2Fwp%2Fv2%2Fmedia&parent=12364"}],"wp:term":[{"taxonomy":"category","embeddable":true,"href":"https:\/\/atecordoba.org\/index.php?rest_route=%2Fwp%2Fv2%2Fcategories&post=12364"},{"taxonomy":"post_tag","embeddable":true,"href":"https:\/\/atecordoba.org\/index.php?rest_route=%2Fwp%2Fv2%2Ftags&post=12364"}],"curies":[{"name":"wp","href":"https:\/\/api.w.org\/{rel}","templated":true}]}}