{"id":1236,"date":"2010-05-04T18:09:42","date_gmt":"2010-05-04T21:09:42","guid":{"rendered":"http:\/\/www.atecordoba.org\/?p=1236"},"modified":"2010-05-04T18:09:42","modified_gmt":"2010-05-04T21:09:42","slug":"xiv-congreso-extrordinario-de-la-asociacion-trabajadores-del-estado-c-d-p-cordoba","status":"publish","type":"post","link":"https:\/\/atecordoba.org\/?p=1236","title":{"rendered":"XIV CONGRESO EXTRORDINARIO DE LA ASOCIACION TRABAJADORES DEL ESTADO C.D.P. CORDOBA"},"content":{"rendered":"<div>\n<div dir=\"ltr\">\n<p style=\"text-align: center;\"><a href=\"http:\/\/www.atecordoba.org\/wp-content\/uploads\/2012\/07\/IMG_2244.jpg\"><img loading=\"lazy\" decoding=\"async\" class=\"wp-image-1240 aligncenter\" title=\"IMG_2244\" src=\"http:\/\/www.atecordoba.org\/wp-content\/uploads\/2012\/07\/IMG_2244-1024x768.jpg\" alt=\"\" width=\"502\" height=\"377\" \/><\/a><\/p>\n<p><strong>Resumen del acta del XIV Congreso Extraordinario<\/strong><\/p>\n<\/div>\n<\/div>\n<div>\n<div dir=\"ltr\">\n<p>A las 14,30 horas dio inicio al XIV Congreso Extraordinario, la Secretaria General del C.D.P. C\u00f3rdoba, la Cra. Mar\u00eda Teresa Romero.<\/p>\n<p>El Cro. Oscar Mengarelli (Sec. General Adjunto) mociona se realice el Congreso Extraordinario con la misma Comisi\u00f3n de Poderes: Cros. Germ\u00e1n Vitales (Mint. de Trabajo), Ricardo Reyna (Pensiones) y Raquel Encina (CNC), como as\u00ed tambi\u00e9n de la Autoridades del Congreso Ordinario: Mar\u00eda Teresa Romero (Presidenta), Susana Bruna (Vicepresidenta), Oscar Mengarelli y Federico Giuliani (Secretarios).- Moci\u00f3n apoyada por el Cro. Luis Barcena (Ministerio de Educaci\u00f3n) y aprobada por unanimidad.<\/p>\n<p>La Cra. Romero solicita a la Cra. Raquel Encina, vocero de la Comisi\u00f3n de Poderes que lea el informe, que cincuenta y cinco (55) congresales electos se encuentran presentes de los sesenta y siete (67) electos.<\/p>\n<p>A continuaci\u00f3n, se realiza el trabajo en talleres divididos en cinco comisiones, donde los compa\u00f1eros participaron en el an\u00e1lisis y propuestas a desarrollar en el 2010.<\/p>\n<p>En t\u00e9rminos generales no hubo diferencias en las comisiones, ya que todas solicitan m\u00e1s Plenarios tanto de nacionales, provinciales y municipales.<\/p>\n<p>El a\u00f1o pasado se realizaron, pero consideran que hacen falta muchos m\u00e1s, y que es necesario tambi\u00e9n la participaci\u00f3n real en los mismos. Se requiere armar Jornadas Provinciales con todos los sectores (Plenarios Integrales).<\/p>\n<p>Es muy importante que entiendan la necesidad de que ATE represente a los trabajadores municipales, que quieren estar dentro de nuestra organizaci\u00f3n.<\/p>\n<p>Tambi\u00e9n surge la necesidad de trabajar por el 82% m\u00f3vil, ratificar la vigencia del c\u00f3digo de descuento en la Provincia, reafirmar la campa\u00f1a de afiliaci\u00f3n, promover la estatizaci\u00f3n de las ART y el reconocimiento de la Ley de Higiene y Seguridad Laboral.<\/p>\n<p>El CDP debe coordinar y unificar l\u00edneas de acci\u00f3n con las Seccionales y Delegaciones de la Provincia.<\/p>\n<p>Se ratifica la autonom\u00eda e independencia de la CTA, tanto de los partidos pol\u00edticos como de los gobiernos. Se propuso tambi\u00e9n debatir el tema de las elecciones de la CTA.<\/p>\n<p>En el a\u00f1o 2009, ATE fue un gremio en movimiento y ha desarrollado muchas actividades. Hubo un gran crecimiento, gracias al trabajo realizado por los militantes y las conducciones.<\/p>\n<p>Con respecto a la Capacitaci\u00f3n, hemos visualizado que el curso del Rol del Delegado Nacional, que fuera dictado en el mes de Junio\/09 en toda la Provincia, si bien es \u00fatil para todos, se necesitan otros cursos.<\/p>\n<p>Uno que es muy necesario es el aprendizaje de las Leyes y algunos hechos m\u00e1s concretos, como por ejemplo que un delegado puede conocer como interponer un recurso, sin necesidad de recurrir al profesional.<\/p>\n<p>En ese sentido, se la ha solicitado al Cro. Carlos Freytes del Sector Provincial, que se sume al equipo de formaci\u00f3n y ha dado su aprobaci\u00f3n.<\/p>\n<p>Tambi\u00e9n se le solicita al Cro. Julio S\u00e1nchez que particip\u00f3 de un plenario de la ni\u00f1ez en La Plata, armar talleres sobre la problem\u00e1tica de la ni\u00f1ez, contestando afirmativamente.<\/p>\n<p>La Cra. Romero se despide, se\u00f1alando que si hay m\u00e1s afiliados y m\u00e1s delegados, es obra de la militancia y que ATE abri\u00f3 las puertas a todos los que quieren trabajar.<\/p>\n<p><strong>Oscar de Isasi<\/strong><\/p>\n<p>A continuaci\u00f3n, habla el Cro Oscar De Isasi (Sec. Gremial del CDN). Comienza diciendo que este es un a\u00f1o muy especial, tiene una caracter\u00edstica importante para la propuesta pol\u00edtica-sindical de ATE, es el \u00faltimo a\u00f1o del mandato, ya que en Abril\/2011 en el pr\u00f3ximo congreso, estaremos valorando la gesti\u00f3n de los cuatro a\u00f1os.<\/p>\n<p>Este a\u00f1o se dirime la perspectiva pol\u00edtica, la orientaci\u00f3n de nuestra CTA y la Constituyente Social debe dar un salto cualitativo y cuantitativo en la Argentina. Por lo tanto, ATE, CTA y la Constituyente Social deben redoblar la apuesta.<\/p>\n<p>Es un a\u00f1o tambi\u00e9n de balance, porque al principio del mandato nos propusimos objetivos, compartidos por ATE C\u00f3rdoba.<\/p>\n<p>Planteamos la pelea salarial, el fin del trabajo en negro, la recuperaci\u00f3n del 82% m\u00f3vil, la equiparaci\u00f3n de las asignaciones familiares con el Estado Nacional y los Convenios Colectivos.<\/p>\n<p>Logramos quebrar el brazo del congelamiento salarial al Gobierno Nacional y a los gobiernos Provinciales, pero estos logros en materia salarial no se trasladaron en capacidad adquisitiva, no hemos podido todav\u00eda recuperar el poder adquisitivo y por lo tanto cuestionamos el modelo econ\u00f3mico.<\/p>\n<p>Tambi\u00e9n logramos que miles de trabajadores, pasen a Planta Permanente fruto de la lucha de los trabajadores, pero no fue por el mecanismo formal de ingreso al Estado, sino que se realiz\u00f3 por mecanismos informales y en negro. Por lo tanto debemos construir m\u00e1s fuerzas para erradicar el trabajo en negro.<\/p>\n<p>Conseguimos Convenios Colectivos de Trabajo, donde ATE estaba organizado y peleaba, ning\u00fan gobierno lo defini\u00f3 solo y en la mayor\u00eda de las provincias y de los municipios, todav\u00eda est\u00e1n ausentes.<\/p>\n<p>Logramos que la Presidente hablara de las asignaciones familiares, y aunque insuficientes en cantidad de dinero y cantidad de habitantes, lo puso en la agenda del Estado. Pero no logramos, que nuestros compa\u00f1eros trabajadores del Estado cobren los $180,00.<\/p>\n<p>Desde que asumimos, nos hemos planteados desaf\u00edos desde ATE, que ten\u00edan que ver con la necesidad de construir fuerzas. Dec\u00edamos que no est\u00e1bamos como est\u00e1bamos por falta de propuestas. Por lo tanto nos ten\u00edamos que dar el debate de fondo, para construir las fuerzas necesarias para que lo que decimos que hay que hacer, se haga en parte.<\/p>\n<p>Por lo tanto, nos planteamos el crecimiento en afiliaciones, en Delegaciones, en Seccionales y la consolidaci\u00f3n de la conducci\u00f3n pol\u00edtica a nivel Nacional y de las Provincias.<\/p>\n<p>Haciendo el Balance a nivel nacional, hemos crecido en afiliaciones de 170.000 a 210.000 y nuestra meta es llegar a los 300.000.<\/p>\n<p>Crecimos en delegados, pero necesitamos m\u00e1s porque la elecci\u00f3n de un delegado implica la capacidad de dar disputa en el lugar de trabajo y de discutir la pol\u00edtica. Tambi\u00e9n hemos crecido en Seccionales, pero faltan muchas m\u00e1s casas de los trabajadores en todo el pa\u00eds, porque donde ATE no plantea la organizaci\u00f3n, se defienden como pueden y pelean para no agonizar.<\/p>\n<p>En C\u00f3rdoba tambi\u00e9n crecimos, en afiliaciones un 50%, en delegados el 30%. Recuperamos la Secciona R\u00edo IV (2009) y este a\u00f1o se abrir\u00e1 la Seccional del Norte de la Provincia.<\/p>\n<p>Necesitamos que ATE este creciendo, organizando el poder en los sectores de trabajo y movilizando en la calle y esto no es independiente a la posibilidad de conseguir los objetivos, por lo tanto necesitamos ratificar los ejes de trabajo.<\/p>\n<p>Necesitamos transformar el Estado y convertirlo en un Estado redistribuidor que invierta en salud, educaci\u00f3n, en pol\u00edticas sociales.<\/p>\n<p>Por ello se hace imprescindible la CTA, no se puede pensar en ganar desde los estatales solamente, porque somos una minor\u00eda organizada, si se puede pensar en seguir luchando, organizando, movilizando y en construir nuevos espacios de unidad.<\/p>\n<p>La CTA es aut\u00f3noma de los partidos pol\u00edticos y del Estado. Y no significa no meterse en pol\u00edtica. Significa el derecho de la clase trabajadora de discutir en sus \u00e1mbitos, como debe intervenir en los procesos hist\u00f3ricos.<\/p>\n<p>Caminamos al 23\/09\/2010 para construir desde la autonom\u00eda.<\/p>\n<p>Debemos avanzar en el sector privado y por eso necesitamos la personer\u00eda.<\/p>\n<p>Ratificamos la construcci\u00f3n territorial, para aportar a la construcci\u00f3n del movimiento popular. Tambi\u00e9n la construcci\u00f3n de un espacio multisectorial es vital, por eso lanzamos la Constituyente Social, capaz de poner en discusi\u00f3n la distribuci\u00f3n de la riqueza. Vertebrar un espacio pol\u00edtico propio de la clase trabajadora y construir un movimiento de masas para cambiar la relaci\u00f3n de fuerzas.<\/p>\n<p>El desaf\u00edo de ATE hacia ATE, hacia la CTA y la Constituyente Social, est\u00e1 basado en el crecimiento en cantidad, en organizaci\u00f3n en construcci\u00f3n de cada vez m\u00e1s delegados y m\u00e1s seccionales, en la formaci\u00f3n como herramienta de consolidaci\u00f3n de nuestros dirigentes en los sectores de trabajo y con capacidad de discutir la pol\u00edtica.<\/p>\n<p>Todo ese aporte hacia la construcci\u00f3n de la CTA aut\u00f3noma y desde ah\u00ed la potenciaci\u00f3n de un espacio pol\u00edtico que nos permita tener una fuerza necesaria.<\/p>\n<p><strong>Cierre<\/strong>\u00a0A continuaci\u00f3n, se solicita que los congresales Cra. Rita Toncovich (Hosp.Aeron\u00e1utico) y Roberto Noriega (ANAC), firmen la presente acta.<\/p>\n<p>En la ciudad de C\u00f3rdoba, a los nueve d\u00edas del mes de Abril del a\u00f1o dos mil diez, siendo las dieciocho y treinta horas, se da por finalizado el XIV Congreso Extraordinario con el aplauso de los compa\u00f1eros.<\/p>\n<\/div>\n<\/div>\n","protected":false},"excerpt":{"rendered":"<p>Resumen del acta del XIV Congreso Extraordinario A las 14,30 horas dio inicio al XIV Congreso Extraordinario, la Secretaria General del C.D.P. C\u00f3rdoba, la Cra. Mar\u00eda Teresa Romero. El Cro. Oscar Mengarelli (Sec. General Adjunto) mociona se realice el Congreso Extraordinario con la misma Comisi\u00f3n de Poderes: Cros. Germ\u00e1n Vitales (Mint. de Trabajo), Ricardo Reyna [&hellip;]<\/p>\n","protected":false},"author":1,"featured_media":19220,"comment_status":"open","ping_status":"open","sticky":false,"template":"","format":"standard","meta":{"_exactmetrics_skip_tracking":false,"_exactmetrics_sitenote_active":false,"_exactmetrics_sitenote_note":"","_exactmetrics_sitenote_category":0,"jnews-multi-image_gallery":[],"jnews_single_post":[],"jnews_primary_category":[],"jnews_social_meta":[],"jnews_review":[],"enable_review":"","type":"","name":"","summary":"","brand":"","sku":"","good":[],"bad":[],"score_override":"","override_value":"","rating":[],"price":[],"jnews_override_counter":[],"jnews_post_split":[],"footnotes":""},"categories":[8],"tags":[43,44,11,31],"class_list":["post-1236","post","type-post","status-publish","format-standard","has-post-thumbnail","hentry","category-provinciales","tag-cdp","tag-congreso","tag-noticias-2","tag-provinciales-2"],"jetpack_featured_media_url":"https:\/\/atecordoba.org\/wp-content\/uploads\/2020\/05\/logo-nuevochico-e1561581322808.png","_links":{"self":[{"href":"https:\/\/atecordoba.org\/index.php?rest_route=\/wp\/v2\/posts\/1236","targetHints":{"allow":["GET"]}}],"collection":[{"href":"https:\/\/atecordoba.org\/index.php?rest_route=\/wp\/v2\/posts"}],"about":[{"href":"https:\/\/atecordoba.org\/index.php?rest_route=\/wp\/v2\/types\/post"}],"author":[{"embeddable":true,"href":"https:\/\/atecordoba.org\/index.php?rest_route=\/wp\/v2\/users\/1"}],"replies":[{"embeddable":true,"href":"https:\/\/atecordoba.org\/index.php?rest_route=%2Fwp%2Fv2%2Fcomments&post=1236"}],"version-history":[{"count":0,"href":"https:\/\/atecordoba.org\/index.php?rest_route=\/wp\/v2\/posts\/1236\/revisions"}],"wp:featuredmedia":[{"embeddable":true,"href":"https:\/\/atecordoba.org\/index.php?rest_route=\/wp\/v2\/media\/19220"}],"wp:attachment":[{"href":"https:\/\/atecordoba.org\/index.php?rest_route=%2Fwp%2Fv2%2Fmedia&parent=1236"}],"wp:term":[{"taxonomy":"category","embeddable":true,"href":"https:\/\/atecordoba.org\/index.php?rest_route=%2Fwp%2Fv2%2Fcategories&post=1236"},{"taxonomy":"post_tag","embeddable":true,"href":"https:\/\/atecordoba.org\/index.php?rest_route=%2Fwp%2Fv2%2Ftags&post=1236"}],"curies":[{"name":"wp","href":"https:\/\/api.w.org\/{rel}","templated":true}]}}