{"id":12351,"date":"2020-03-02T10:24:15","date_gmt":"2020-03-02T13:24:15","guid":{"rendered":"https:\/\/www.atecordoba.org\/?p=12351"},"modified":"2020-05-05T09:09:47","modified_gmt":"2020-05-05T12:09:47","slug":"ni-reinas-ni-princesas","status":"publish","type":"post","link":"https:\/\/atecordoba.org\/?p=12351","title":{"rendered":"Ni reinas ni princesas"},"content":{"rendered":"\n<p><strong>Por Florencia Guttlein*<\/strong><\/p>\n\n\n\n<p>El\u00a0<em>viernes 28 de febrero\u00a0la Multisectorial de G\u00e9nero y  Diversidades de R\u00edo Cuarto present\u00f3 en el Concejo Deliberante el  proyecto de Ordenanza que busca prohibir la figura de reinas y princesas  en diferentes cert\u00e1menes de belleza de la ciudad. Este\u00a0espacio tiene el  apoyo de la Comisi\u00f3n Nacional Coordinadora de Acciones para la  Elaboraci\u00f3n de Sanciones de Violencia de G\u00e9nero (CONSAVIG).<\/em><\/p>\n\n\n\n<figure class=\"wp-block-image size-large\"><img decoding=\"async\" src=\"http:\/\/atecordoba.org\/wp-content\/uploads\/2020\/05\/WhatsApp-Image-2020-02-28-at-14.04.48.jpg\" alt=\"\" class=\"wp-image-12352\"\/><\/figure>\n\n\n\n<p>La Multisectorial de G\u00e9nero y Diversidad, conformada por m\u00e1s de \nveinte organizaciones de R\u00edo Cuarto -entre ellas la CTA Aut\u00f3noma, ATE y \nCispren -, presentaron en el Concejo Deliberante el proyecto de \nOrdenanza que pretender prohibir el uso de la figura de reinas y \nprincesas en diferentes eventos de la ciudad. Dicha idea se viene \ntrabajando desde hace alg\u00fan tiempo en un espacio donde confluyen \ndiversas organizaciones que buscan debatir y llevar acciones en conjunto\n sobre diversos temas, problem\u00e1ticas y situaciones relacionados a la \ntem\u00e1tica de G\u00e9nero y Diversidad,<\/p>\n\n\n\n<p>La Secretaria de G\u00e9nero de la CTA Aut\u00f3noma Regional R\u00edo Cuarto, como \nas\u00ed tambi\u00e9n el \u00c1rea de G\u00e9nero de ATE forman parte de la Multisectorial. \nMara Pedernera, Secretaria de Formaci\u00f3n de la CTA-A, form\u00f3 parte de la \npresentaci\u00f3n. Al respecto se\u00f1al\u00f3: \u201cImpulsamos este proyecto junto con \notras 20 organizaciones que forman parte de la Multisectorial con el \nsentido de generar algunas pol\u00edticas que tengan impacto en la sociedad. \nEste tipo de proyectos van en el sentido de dejar de lado la violencia \nsimb\u00f3lica hacia las mujeres, es decir, de apartarnos de esas viejas \nl\u00f3gicas de cosificaci\u00f3n y destacar valores m\u00e1s adecuados a la sociedad \nque pretendemos\u201d.<\/p>\n\n\n\n<figure class=\"wp-block-image\"><img decoding=\"async\" src=\"http:\/\/atecordoba.org\/wp-content\/uploads\/2020\/05\/WhatsApp-Image-2020-02-28-at-11.38.50-768x432-300x169.jpg\" alt=\"\" class=\"wp-image-18660\"\/><\/figure>\n\n\n\n<p>Con respecto a los puntos se\u00f1alados en el proyecto presentado, \nexpres\u00f3: \u201cUno de los \u00edtems importantes del proyecto es encomendar al \nEjecutivo Municipal a desalentar este tipo de iniciativas privadas, para\n reconocer a las personas desde otro lugar. Por otro lado, hay \ninstituciones como el Estado Municipal, que a veces patrocina o promueve\n este tipo de eventos donde se cosifica a la persona, a la mujer, a la \nni\u00f1a porque hay tambi\u00e9n desfile de ni\u00f1os y ni\u00f1as\u201d.<\/p>\n\n\n\n<p>Las elecciones de reinas y princesas es una pr\u00e1ctica muy arraigada en\n nuestra sociedad, perpetuada por d\u00e9cadas, donde la mujer se la sit\u00faa en\n un lugar de objeto, valorada y \u201celegida\u201d por sus atributos f\u00edsico. En \nestos \u00faltimos a\u00f1os, con la creciente visibilizaci\u00f3n de las pr\u00e1cticas \nviolentas del patriarcado estas elecciones han sido fuertemente \ncriticadas. En muchas fiestas nacionales de nuestro pa\u00eds, en eventos \nimportantes, la elecci\u00f3n de reinas y princesas ha desaparecido o se ha \ncambiado su forma de llevarse a cabo.<\/p>\n\n\n\n<p>Con relaci\u00f3n a la decisi\u00f3n municipal de no realizar la elecci\u00f3n de \nreinas y princesas en estos \u00faltimos Carnavales, Pedernera \nresalt\u00f3:&nbsp;\u201cDestacamos que ha sido una actitud pol\u00edtica el hecho de que en\n estos \u00faltimos Carnavales no se haya realizado la elecci\u00f3n de la reina. \nEsa pol\u00edtica es la que debe ir creciendo, con hechos como estos, el de \nprohibir en R\u00edo Cuarto la figura de reinas y princesas\u201d.<\/p>\n\n\n\n<p><strong>*Equipo de Comunicaci\u00f3n de la CTA Aut\u00f3noma Regional R\u00edo Cuarto<\/strong><\/p>\n","protected":false},"excerpt":{"rendered":"<p>Por Florencia Guttlein* El\u00a0viernes 28 de febrero\u00a0la Multisectorial de G\u00e9nero y Diversidades de R\u00edo Cuarto present\u00f3 en el Concejo Deliberante el proyecto de Ordenanza que busca prohibir la figura de reinas y princesas en diferentes cert\u00e1menes de belleza de la ciudad. Este\u00a0espacio tiene el apoyo de la Comisi\u00f3n Nacional Coordinadora de Acciones para la Elaboraci\u00f3n [&hellip;]<\/p>\n","protected":false},"author":1,"featured_media":19220,"comment_status":"open","ping_status":"open","sticky":true,"template":"","format":"standard","meta":{"_exactmetrics_skip_tracking":false,"_exactmetrics_sitenote_active":false,"_exactmetrics_sitenote_note":"","_exactmetrics_sitenote_category":0,"jnews-multi-image_gallery":[],"jnews_single_post":[],"jnews_primary_category":[],"jnews_social_meta":[],"jnews_review":[],"enable_review":"","type":"","name":"","summary":"","brand":"","sku":"","good":[],"bad":[],"score_override":"","override_value":"","rating":[],"price":[],"jnews_override_counter":[],"jnews_post_split":[],"footnotes":""},"categories":[1],"tags":[],"class_list":["post-12351","post","type-post","status-publish","format-standard","has-post-thumbnail","hentry","category-sin-categoria"],"jetpack_featured_media_url":"https:\/\/atecordoba.org\/wp-content\/uploads\/2020\/05\/logo-nuevochico-e1561581322808.png","_links":{"self":[{"href":"https:\/\/atecordoba.org\/index.php?rest_route=\/wp\/v2\/posts\/12351","targetHints":{"allow":["GET"]}}],"collection":[{"href":"https:\/\/atecordoba.org\/index.php?rest_route=\/wp\/v2\/posts"}],"about":[{"href":"https:\/\/atecordoba.org\/index.php?rest_route=\/wp\/v2\/types\/post"}],"author":[{"embeddable":true,"href":"https:\/\/atecordoba.org\/index.php?rest_route=\/wp\/v2\/users\/1"}],"replies":[{"embeddable":true,"href":"https:\/\/atecordoba.org\/index.php?rest_route=%2Fwp%2Fv2%2Fcomments&post=12351"}],"version-history":[{"count":1,"href":"https:\/\/atecordoba.org\/index.php?rest_route=\/wp\/v2\/posts\/12351\/revisions"}],"predecessor-version":[{"id":18623,"href":"https:\/\/atecordoba.org\/index.php?rest_route=\/wp\/v2\/posts\/12351\/revisions\/18623"}],"wp:featuredmedia":[{"embeddable":true,"href":"https:\/\/atecordoba.org\/index.php?rest_route=\/wp\/v2\/media\/19220"}],"wp:attachment":[{"href":"https:\/\/atecordoba.org\/index.php?rest_route=%2Fwp%2Fv2%2Fmedia&parent=12351"}],"wp:term":[{"taxonomy":"category","embeddable":true,"href":"https:\/\/atecordoba.org\/index.php?rest_route=%2Fwp%2Fv2%2Fcategories&post=12351"},{"taxonomy":"post_tag","embeddable":true,"href":"https:\/\/atecordoba.org\/index.php?rest_route=%2Fwp%2Fv2%2Ftags&post=12351"}],"curies":[{"name":"wp","href":"https:\/\/api.w.org\/{rel}","templated":true}]}}