{"id":12344,"date":"2020-02-28T15:06:45","date_gmt":"2020-02-28T18:06:45","guid":{"rendered":"https:\/\/www.atecordoba.org\/?p=12344"},"modified":"2020-05-05T09:09:48","modified_gmt":"2020-05-05T12:09:48","slug":"ate-cordoba-llevo-su-solidaridad-a-milagro-sala","status":"publish","type":"post","link":"https:\/\/atecordoba.org\/?p=12344","title":{"rendered":"ATE C\u00f3rdoba llev\u00f3 su solidaridad a Milagro Sala"},"content":{"rendered":"\n<p><em>Representantes de ATE y CTA-A de la Provincia de C\u00f3rdoba expresaron la imperiosa necesidad de la inmediata libertad a la m\u00e1xima referente de la T\u00fapac Amaru, encerrada injustamente por la Justicia juje\u00f1a cooptada por el radical Gerardo Morales.<\/em><\/p>\n\n\n\n<figure class=\"wp-block-gallery columns-3 is-cropped wp-block-gallery-1 is-layout-flex wp-block-gallery-is-layout-flex\"><ul class=\"blocks-gallery-grid\"><li class=\"blocks-gallery-item\"><figure><img decoding=\"async\" src=\"http:\/\/atecordoba.org\/wp-content\/uploads\/2020\/05\/Milagro-2.jpg\" alt=\"\" data-id=\"12345\" data-full-url=\"http:\/\/atecordoba.org\/wp-content\/uploads\/2020\/05\/Milagro-2.jpg\" data-link=\"https:\/\/www.atecordoba.org\/?attachment_id=12345\" class=\"wp-image-12345\"\/><\/figure><\/li><li class=\"blocks-gallery-item\"><figure><img decoding=\"async\" src=\"http:\/\/atecordoba.org\/wp-content\/uploads\/2020\/05\/Milagro-3.jpg\" alt=\"\" data-id=\"12346\" data-full-url=\"http:\/\/atecordoba.org\/wp-content\/uploads\/2020\/05\/Milagro-3.jpg\" data-link=\"https:\/\/www.atecordoba.org\/?attachment_id=12346\" class=\"wp-image-12346\"\/><\/figure><\/li><li class=\"blocks-gallery-item\"><figure><img decoding=\"async\" src=\"http:\/\/atecordoba.org\/wp-content\/uploads\/2020\/05\/Milagro-1024x498.jpg\" alt=\"\" data-id=\"12347\" data-full-url=\"https:\/\/www.atecordoba.org\/wp-content\/uploads\/2020\/02\/Milagro.jpg\" data-link=\"https:\/\/www.atecordoba.org\/?attachment_id=12347\" class=\"wp-image-12347\"\/><\/figure><\/li><li class=\"blocks-gallery-item\"><figure><img decoding=\"async\" src=\"http:\/\/atecordoba.org\/wp-content\/uploads\/2020\/05\/Milagroo.jpg\" alt=\"\" data-id=\"12348\" data-full-url=\"http:\/\/atecordoba.org\/wp-content\/uploads\/2020\/05\/Milagroo.jpg\" data-link=\"https:\/\/www.atecordoba.org\/?attachment_id=12348\" class=\"wp-image-12348\"\/><\/figure><\/li><\/ul><\/figure>\n\n\n\n<p>Hoy, una comitiva de compa\u00f1eros y compa\u00f1eras de la Provincia de C\u00f3rdoba visitaron, en el barrio Cuyaya de San Salvador de Jujuy, a la presa pol\u00edtica Milagro Sala. De la comitiva participaron el Secretario General del Consejo Directivo Provincial de ATE (CDP) de la Provincia de C\u00f3rdoba, Federico Giuliani, junto a Oscar Gigena, Secretario de Formaci\u00f3n de la CTA-A de la Provincia de C\u00f3rdoba; Celeste Mart\u00ednez, Secretaria de DDHH de la CTA-A de la Provincia de C\u00f3rdoba y vocal de Consejo Directivo Provincial de ATE C\u00f3rdoba; y Silvia Alcoba, Secretaria General de la CTA-A R\u00edo Cuarto y coordinadora provincial de la FENAT.<\/p>\n\n\n\n<p>\u201cLa prisi\u00f3n domiciliaria a Milagro Sala, dirigente sindical y social, detenida arbitrariamente por el gobierno de Gerardo Morales, es un intento de domesticaci\u00f3n a las organizaciones populares que luchan. Milagro, que se enfrent\u00f3 firmemente al poder econ\u00f3mico, judicial y olig\u00e1rquico de esta provincia, lleva mas de 1500 d\u00edas presa sin condena, por ser militante, luchadora, solidaria, mujer y colla. Debe parar este atropello\u201d, manifest\u00f3 Giuliani, quien agreg\u00f3 que, en la reuni\u00f3n con la referente de la Tupac, \u201cpusimos a disposici\u00f3n nuestra estructura social territorial para discutir en cada actividad, en cada instancia, la exigencia de inmediata libertad de todos los presos y presas pol\u00edticas en la Argentina\u201d.<\/p>\n\n\n\n<p>\u201cNo hay paz social con Presos Pol\u00edticos. Libertad ya a Milagro\u201d, concluy\u00f3 el m\u00e1ximo referente de ATE y de la CTA-A de la provincia de C\u00f3rdoba.<br><\/p>\n","protected":false},"excerpt":{"rendered":"<p>Representantes de ATE y CTA-A de la Provincia de C\u00f3rdoba expresaron la imperiosa necesidad de la inmediata libertad a la m\u00e1xima referente de la T\u00fapac Amaru, encerrada injustamente por la Justicia juje\u00f1a cooptada por el radical Gerardo Morales. Hoy, una comitiva de compa\u00f1eros y compa\u00f1eras de la Provincia de C\u00f3rdoba visitaron, en el barrio Cuyaya [&hellip;]<\/p>\n","protected":false},"author":1,"featured_media":19220,"comment_status":"open","ping_status":"open","sticky":true,"template":"","format":"standard","meta":{"_exactmetrics_skip_tracking":false,"_exactmetrics_sitenote_active":false,"_exactmetrics_sitenote_note":"","_exactmetrics_sitenote_category":0,"jnews-multi-image_gallery":[],"jnews_single_post":[],"jnews_primary_category":[],"jnews_social_meta":[],"jnews_review":[],"enable_review":"","type":"","name":"","summary":"","brand":"","sku":"","good":[],"bad":[],"score_override":"","override_value":"","rating":[],"price":[],"jnews_override_counter":[],"jnews_post_split":[],"footnotes":""},"categories":[1],"tags":[],"class_list":["post-12344","post","type-post","status-publish","format-standard","has-post-thumbnail","hentry","category-sin-categoria"],"jetpack_featured_media_url":"https:\/\/atecordoba.org\/wp-content\/uploads\/2020\/05\/logo-nuevochico-e1561581322808.png","_links":{"self":[{"href":"https:\/\/atecordoba.org\/index.php?rest_route=\/wp\/v2\/posts\/12344","targetHints":{"allow":["GET"]}}],"collection":[{"href":"https:\/\/atecordoba.org\/index.php?rest_route=\/wp\/v2\/posts"}],"about":[{"href":"https:\/\/atecordoba.org\/index.php?rest_route=\/wp\/v2\/types\/post"}],"author":[{"embeddable":true,"href":"https:\/\/atecordoba.org\/index.php?rest_route=\/wp\/v2\/users\/1"}],"replies":[{"embeddable":true,"href":"https:\/\/atecordoba.org\/index.php?rest_route=%2Fwp%2Fv2%2Fcomments&post=12344"}],"version-history":[{"count":2,"href":"https:\/\/atecordoba.org\/index.php?rest_route=\/wp\/v2\/posts\/12344\/revisions"}],"predecessor-version":[{"id":18688,"href":"https:\/\/atecordoba.org\/index.php?rest_route=\/wp\/v2\/posts\/12344\/revisions\/18688"}],"wp:featuredmedia":[{"embeddable":true,"href":"https:\/\/atecordoba.org\/index.php?rest_route=\/wp\/v2\/media\/19220"}],"wp:attachment":[{"href":"https:\/\/atecordoba.org\/index.php?rest_route=%2Fwp%2Fv2%2Fmedia&parent=12344"}],"wp:term":[{"taxonomy":"category","embeddable":true,"href":"https:\/\/atecordoba.org\/index.php?rest_route=%2Fwp%2Fv2%2Fcategories&post=12344"},{"taxonomy":"post_tag","embeddable":true,"href":"https:\/\/atecordoba.org\/index.php?rest_route=%2Fwp%2Fv2%2Ftags&post=12344"}],"curies":[{"name":"wp","href":"https:\/\/api.w.org\/{rel}","templated":true}]}}