{"id":12338,"date":"2020-02-27T12:52:58","date_gmt":"2020-02-27T15:52:58","guid":{"rendered":"https:\/\/www.atecordoba.org\/?p=12338"},"modified":"2020-06-18T23:40:28","modified_gmt":"2020-06-19T02:40:28","slug":"coordinacion-de-municipales-convenio-colectivo-paritarias-libres-y-45-de-aumento","status":"publish","type":"post","link":"https:\/\/atecordoba.org\/?p=12338","title":{"rendered":"Coordinaci\u00f3n de Municipales: Convenio Colectivo, paritarias libres y 45% de aumento"},"content":{"rendered":"\n<p><em>En la reuni\u00f3n -realizada ayer en el CDP de ATE-, representantes municipales plantearon la imperiosa necesidad de una agenda unificada a nivel provincial para eliminar las asimetr\u00edas y contar con un piso com\u00fan que regule la actividad del sector.<\/em><\/p>\n\n\n\n<figure class=\"wp-block-gallery columns-1 is-cropped wp-block-gallery-1 is-layout-flex wp-block-gallery-is-layout-flex\"><ul class=\"blocks-gallery-grid\"><li class=\"blocks-gallery-item\"><figure><img decoding=\"async\" src=\"http:\/\/atecordoba.org\/wp-content\/uploads\/2020\/05\/Munic-3-1024x576.jpg\" alt=\"\" data-id=\"12340\" data-full-url=\"https:\/\/www.atecordoba.org\/wp-content\/uploads\/2020\/02\/Munic-3.jpg\" data-link=\"https:\/\/www.atecordoba.org\/?attachment_id=12340\" class=\"wp-image-12340\"\/><\/figure><\/li><\/ul><\/figure>\n\n\n\n<p>En la tarde de \u00e9ste mi\u00e9rcoles se llev\u00f3 a cabo la primera reuni\u00f3n de coordinaci\u00f3n del equipo de trabajadores municipales de la provincia de C\u00f3rdoba, convocada en las oficinas del Consejo Directivo Provincial de ATE (CDP), en C\u00f3rdoba Capital.&nbsp;<\/p>\n\n\n\n<p>Los representantes de toda la provincia debatieron acerca de las situaciones de precarizaci\u00f3n laboral que sufren los trabajadores y las trabajadoras del sector, el deterioro en el poder adquisitivo de los salarios y definieron que tales situaciones deber\u00e1n abordarse en conjunto en todo el territorio. &#8220;El sector deber\u00e1 contar con&nbsp;un Convenio Colectivo de Trabajo de municipales de la provincia con la base en un plan de carrera para todas y todos, con organigrama de funciones, responsabilidades, tareas, que surja del conocimiento, el debate y la puesta en valor de cada una de las particularidades que&nbsp;presentan&nbsp;quienes trabajan en el sector &#8220;, inform\u00f3 Edith Innamorato, Secretaria del Interior del CDP de ATE.<\/p>\n\n\n\n<figure class=\"wp-block-gallery columns-2 is-cropped wp-block-gallery-2 is-layout-flex wp-block-gallery-is-layout-flex\"><ul class=\"blocks-gallery-grid\"><li class=\"blocks-gallery-item\"><figure><img decoding=\"async\" src=\"http:\/\/atecordoba.org\/wp-content\/uploads\/2020\/05\/Munic-2-1024x576.jpg\" alt=\"\" data-id=\"12339\" data-full-url=\"https:\/\/www.atecordoba.org\/wp-content\/uploads\/2020\/02\/Munic-2.jpg\" data-link=\"https:\/\/www.atecordoba.org\/?attachment_id=12339\" class=\"wp-image-12339\"\/><\/figure><\/li><li class=\"blocks-gallery-item\"><figure><img decoding=\"async\" src=\"http:\/\/atecordoba.org\/wp-content\/uploads\/2020\/05\/Munic-1-1024x576.jpg\" alt=\"\" data-id=\"12341\" data-full-url=\"https:\/\/www.atecordoba.org\/wp-content\/uploads\/2020\/02\/Munic-1.jpg\" data-link=\"https:\/\/www.atecordoba.org\/?attachment_id=12341\" class=\"wp-image-12341\"\/><\/figure><\/li><\/ul><\/figure>\n\n\n\n<p>&#8220;Dicha reuni\u00f3n se convoc\u00f3 para dar los primeros pasos pol\u00edtico-gremiales -tras el plenario realizado a fines de 2019- dentro de un plan de trabajo para mejorar el futuro de las y los trabajadores municipales, para lograr la concreci\u00f3n del Convenio Colectivo, para fortalecer la organizaci\u00f3n de lucha gremial de acuerdo a las necesidades de la provincia y la cobertura legal y gremial para cada uno de nuestros afiliados y afiliadas&#8221;, expres\u00f3 Innamorato.<\/p>\n\n\n\n<p>Tras el an\u00e1lisis del sector, los representantes acordaron solicitar &#8220;un&nbsp;pedido general de aumento del 45% -como piso, visto solamente el poder adquisitivo perdido-, y paritarias abiertas para discutirse en junio nuevas pautas en virtud de que ese piso no sea socavado por la especulaci\u00f3n en los precios de nuestra canasta, como venimos experimentando quienes vivimos de nuestro trabajo&#8221;, puntualiz\u00f3 Innamorato.<\/p>\n\n\n\n<p>En la reuni\u00f3n tambi\u00e9n se habl\u00f3 de la necesidad de fortalecer el sector en miras del primer plenario nacional de Municipales que se realizar\u00e1 este a\u00f1o.<\/p>\n","protected":false},"excerpt":{"rendered":"<p>En la reuni\u00f3n -realizada ayer en el CDP de ATE-, representantes municipales plantearon la imperiosa necesidad de una agenda unificada a nivel provincial para eliminar las asimetr\u00edas y contar con un piso com\u00fan que regule la actividad del sector. En la tarde de \u00e9ste mi\u00e9rcoles se llev\u00f3 a cabo la primera reuni\u00f3n de coordinaci\u00f3n del [&hellip;]<\/p>\n","protected":false},"author":1,"featured_media":19220,"comment_status":"open","ping_status":"open","sticky":true,"template":"","format":"standard","meta":{"_exactmetrics_skip_tracking":false,"_exactmetrics_sitenote_active":false,"_exactmetrics_sitenote_note":"","_exactmetrics_sitenote_category":0,"jnews-multi-image_gallery":[],"jnews_single_post":[],"jnews_primary_category":[],"jnews_social_meta":[],"jnews_review":[],"enable_review":"","type":"","name":"","summary":"","brand":"","sku":"","good":[],"bad":[],"score_override":"","override_value":"","rating":[],"price":[],"jnews_override_counter":[],"jnews_post_split":[],"footnotes":""},"categories":[20],"tags":[],"class_list":["post-12338","post","type-post","status-publish","format-standard","has-post-thumbnail","hentry","category-municipales"],"jetpack_featured_media_url":"https:\/\/atecordoba.org\/wp-content\/uploads\/2020\/05\/logo-nuevochico-e1561581322808.png","_links":{"self":[{"href":"https:\/\/atecordoba.org\/index.php?rest_route=\/wp\/v2\/posts\/12338","targetHints":{"allow":["GET"]}}],"collection":[{"href":"https:\/\/atecordoba.org\/index.php?rest_route=\/wp\/v2\/posts"}],"about":[{"href":"https:\/\/atecordoba.org\/index.php?rest_route=\/wp\/v2\/types\/post"}],"author":[{"embeddable":true,"href":"https:\/\/atecordoba.org\/index.php?rest_route=\/wp\/v2\/users\/1"}],"replies":[{"embeddable":true,"href":"https:\/\/atecordoba.org\/index.php?rest_route=%2Fwp%2Fv2%2Fcomments&post=12338"}],"version-history":[{"count":2,"href":"https:\/\/atecordoba.org\/index.php?rest_route=\/wp\/v2\/posts\/12338\/revisions"}],"predecessor-version":[{"id":18692,"href":"https:\/\/atecordoba.org\/index.php?rest_route=\/wp\/v2\/posts\/12338\/revisions\/18692"}],"wp:featuredmedia":[{"embeddable":true,"href":"https:\/\/atecordoba.org\/index.php?rest_route=\/wp\/v2\/media\/19220"}],"wp:attachment":[{"href":"https:\/\/atecordoba.org\/index.php?rest_route=%2Fwp%2Fv2%2Fmedia&parent=12338"}],"wp:term":[{"taxonomy":"category","embeddable":true,"href":"https:\/\/atecordoba.org\/index.php?rest_route=%2Fwp%2Fv2%2Fcategories&post=12338"},{"taxonomy":"post_tag","embeddable":true,"href":"https:\/\/atecordoba.org\/index.php?rest_route=%2Fwp%2Fv2%2Ftags&post=12338"}],"curies":[{"name":"wp","href":"https:\/\/api.w.org\/{rel}","templated":true}]}}