{"id":12317,"date":"2020-02-26T18:12:53","date_gmt":"2020-02-26T21:12:53","guid":{"rendered":"https:\/\/www.atecordoba.org\/?p=12317"},"modified":"2020-05-05T09:09:53","modified_gmt":"2020-05-05T12:09:53","slug":"reunion-de-ate-con-la-presidenta-de-fadea","status":"publish","type":"post","link":"https:\/\/atecordoba.org\/?p=12317","title":{"rendered":"Reuni\u00f3n de ATE con la presidenta de FADEA"},"content":{"rendered":"\n<p><em>Mirta Iriondo recibi\u00f3 a autoridades de la Asociaci\u00f3n de Trabajadores del Estado (ATE). Tras la instancia qued\u00f3 conformada una mesa de di\u00e1logo. La funcionaria se comprometi\u00f3 a revisar el relevamiento de despidos de la f\u00e1brica realizado por ATE. Adelant\u00f3 que se reincorporar\u00e1n trabajadores y trabajadoras despedidos\/as, con prioridad en aquellos cuyo despido haya sido realizado sin causa.&nbsp;<\/em><\/p>\n\n\n\n<figure class=\"wp-block-image size-large\"><img decoding=\"async\" src=\"http:\/\/atecordoba.org\/wp-content\/uploads\/2020\/05\/CORREDMA-FADEA-1024x498.jpg\" alt=\"\" class=\"wp-image-12331\"\/><figcaption> De la reuni\u00f3n participaron Federico Giuliani, Secretario General del Consejo Directivo Provincial (CDP) de ATE, Cesar Theaux, Secretario de Formacion del CDP, Edith Innamorato, Secretaria de Interior del CDP y el Dr. Eugenio Biafore, tambi\u00e9n miembro del CDP. Las autoridades provinciales del sindicato fueron acompa\u00f1adas por C\u00e9sar Bali\u00f1a y Francisco Dolmann, vocales del CDN y coordinadores de la Comisi\u00f3n para el Relevamiento y Reincorporaci\u00f3n de Despedidxs de la Era Macri (CORREDMA), a nivel nacional. <\/figcaption><\/figure>\n\n\n\n<p>La instancia de esta ma\u00f1ana con Mirta Iriondo, presidenta de la F\u00e1brica Argentina de Aviones &#8216;Brigadier San Mart\u00edn&#8217; (Fadea), puede ser considerada &#8220;refundacional&#8221;. &#8220;La directiva de la empresa reconoci\u00f3 de hecho a ATE como organizaci\u00f3n que representa leg\u00edtmamente el inter\u00e9s de los trabajadores y trabajadoras despedidos\/as de FADEA. Ello es una avance e implica para nosotros que ATE vuelve a FADEA, propiedad del Estado Nacional&#8221;, expres\u00f3 Federico Giuliani, Secretario General del Consejo Directivo Provincial (CDP) de ATE C\u00f3rdoba. &#8220;Con la lucha&nbsp;sin tregua&nbsp;de estos dos meses logramos visibilizar en la sociedad cordobesa la problem\u00e1tica de los despidos en FADEA, la importancia estrat\u00e9gica de la F\u00e1brica de Aviones&#8221;, enfatiz\u00f3 Giualiani quien puntualiz\u00f3, sin embargo, que &#8220;en FADEA se perdi\u00f3 mucho tiempo y muy valioso por parte de las anteriores conducciones sindicales, pero estamos revirtiendo esa mirada porque hay otro sindicalismo que s\u00ed organiza y defiende a sus trabajadores y trabajadoras&#8221;.<\/p>\n\n\n\n<figure class=\"wp-block-gallery columns-3 is-cropped wp-block-gallery-1 is-layout-flex wp-block-gallery-is-layout-flex\"><ul class=\"blocks-gallery-grid\"><li class=\"blocks-gallery-item\"><figure><img decoding=\"async\" src=\"http:\/\/atecordoba.org\/wp-content\/uploads\/2020\/05\/WhatsApp-Image-2020-02-26-at-16.46.42-3-1024x576.jpg\" alt=\"\" data-id=\"12321\" data-full-url=\"https:\/\/www.atecordoba.org\/wp-content\/uploads\/2020\/02\/WhatsApp-Image-2020-02-26-at-16.46.42-3.jpeg\" data-link=\"https:\/\/www.atecordoba.org\/archivos\/12317\/whatsapp-image-2020-02-26-at-16-46-42-3\" class=\"wp-image-12321\"\/><\/figure><\/li><li class=\"blocks-gallery-item\"><figure><img decoding=\"async\" src=\"http:\/\/atecordoba.org\/wp-content\/uploads\/2020\/05\/WhatsApp-Image-2020-02-26-at-16.46.42-2-1024x576.jpg\" alt=\"\" data-id=\"12320\" data-full-url=\"https:\/\/www.atecordoba.org\/wp-content\/uploads\/2020\/02\/WhatsApp-Image-2020-02-26-at-16.46.42-2.jpeg\" data-link=\"https:\/\/www.atecordoba.org\/archivos\/12317\/whatsapp-image-2020-02-26-at-16-46-42-2\" class=\"wp-image-12320\"\/><\/figure><\/li><li class=\"blocks-gallery-item\"><figure><img decoding=\"async\" src=\"http:\/\/atecordoba.org\/wp-content\/uploads\/2020\/05\/WhatsApp-Image-2020-02-26-at-16.46.42-1-1024x576.jpg\" alt=\"\" data-id=\"12319\" data-full-url=\"https:\/\/www.atecordoba.org\/wp-content\/uploads\/2020\/02\/WhatsApp-Image-2020-02-26-at-16.46.42-1.jpeg\" data-link=\"https:\/\/www.atecordoba.org\/archivos\/12317\/whatsapp-image-2020-02-26-at-16-46-42-1\" class=\"wp-image-12319\"\/><\/figure><\/li><li class=\"blocks-gallery-item\"><figure><img decoding=\"async\" src=\"http:\/\/atecordoba.org\/wp-content\/uploads\/2020\/05\/WhatsApp-Image-2020-02-26-at-16.46.42-1024x576.jpg\" alt=\"\" data-id=\"12318\" data-full-url=\"https:\/\/www.atecordoba.org\/wp-content\/uploads\/2020\/02\/WhatsApp-Image-2020-02-26-at-16.46.42.jpeg\" data-link=\"https:\/\/www.atecordoba.org\/archivos\/12317\/whatsapp-image-2020-02-26-at-16-46-42\" class=\"wp-image-12318\"\/><figcaption class=\"blocks-gallery-item__caption\"> Reuni\u00f3n de CORREDMA de hoy con participaci\u00f3n de despedidos\/as de SAF, FADEA, SENASA, M\u00e9dicos Comunitarios, Fabricaciones Militares, donde el principal tema fue la situaci\u00f3n de FADEA. <\/figcaption><\/figure><\/li><\/ul><\/figure>\n\n\n\n<p>El Secretario General del CDP, hizo hincapi\u00e9 en que &#8220;gracias al corte del d\u00eda 13 de febrero en el marco de la Jornada Provincial de Lucha y a la gesti\u00f3n de nuestro secretario general a nivel nacional, Cachorro Godoy y de C\u00e9sar Bali\u00f1a, miembro del Consejo Directivo Nacional de ATE, tuvimos comunicaciones con la Directora de FADEA. En t\u00e9rminos pol\u00edticos, la reuni\u00f3n fue buena, ya que se gener\u00f3 una instancia de di\u00e1logo que no ten\u00edamos y un compromiso de trabajo a futuro analizando las listas de despedidos y despedidas que relevamos como CORREDMA y ATE en la F\u00e1brica&#8221;.<\/p>\n\n\n\n<p>En ese sentido, C\u00e9sar Bali\u00f1a -uno de los coordinadores nacionales de la CORREDMA- indic\u00f3 que en la reuni\u00f3n de hoy &#8220;intercambiamos puntos de vista con Iriondo, y nos dijo que todos los esfuerzos est\u00e1n puestos en reactivar la f\u00e1brica, que la prioridad va a ser reincorporar a los trabajadores y trabajadoras que hayan sido despedidos\/as sin causa, que no se hayan atenido a los retiros voluntarios, a las jubilaciones anticipadas ni a las indemnizaciones. Desde ATE y la CORREDMA le dijimos que acercar\u00edamos nuestros relevamientos y que apuntar\u00edamos a la defensa de cada uno de los casos&#8221;.<\/p>\n\n\n\n<p>&#8220;El Presidente, Alberto Fern\u00e1ndez, y el Jefe de Gabinete, Santiago Cafiero, tienen el listado de los despedidos y despedidas del Estado Nacional, con los casos de FADEA. Ese mismo ser\u00e1 el que pondremos a consideraci\u00f3n de Iriondo. Nuestro planteo es que no hubo un plan de la F\u00e1brica de reestructuramiento que responder\u00eda a nuevos requerimientos productivos o cosas as\u00ed. No. Lo que hubo fue un recorte general en todo el Estado Nacional, que hab\u00eda que achicarlo independientemente de si fuesen organismos, Sociedades del Estado o Sociedades An\u00f3nima donde el principal accionista fuese el Estado&#8221;, enfatiz\u00f3 Bali\u00f1a.<\/p>\n\n\n\n<p>Francisco &#8220;Pancho&#8221; Dolmann, miembro del Consejo Directivo Nacional de ATE y otro de los coordinadores de la CORREDMA, felicit\u00f3, pr su parte, el &#8220;paso adelante&#8221; de los despedidos y despedidas de FADEA. &#8220;Venir a ATE es toda una definici\u00f3n de c\u00f3mo quieren ustedes una organizaci\u00f3n gremial. Ac\u00e1 las cosas se definen as\u00ed, de frente, en Asamblea. Es ac\u00e1 donde se decidi\u00f3 realizar la acci\u00f3n directa del otro d\u00eda y donde seguiremos pensando c\u00f3mo seguir la lucha&#8221;. Dolman adelant\u00f3, en ese sentido, que &#8220;ahora tambi\u00e9n estamos pensando en medidas a nivel nacional con el CCK, Casa de la Moneda, SAF, Biblioteca Nacional, etc, no para insultar y cortar los di\u00e1logos, sino para decir `ac\u00e1 estamos, somos importantes para volver a poner el Estado de pie despu\u00e9s de la pesadilla macrista\u00b4&#8221;. El dirigente remarc\u00f3 adem\u00e1s la actitud de la CORREDMA y el CDP de C\u00f3rdoba &#8220;que tomaron inmediatamente la bandera y asumieron la importancia de esta lucha por los despedidos de manera ejemplar para el resto del Pa\u00eds tambi\u00e9n&#8221;.\u00a0<\/p>\n\n\n\n<p>Por \u00faltimo, Bali\u00f1a destac\u00f3 un hecho que se est\u00e1 produciendo en este momento: &#8220;Le arrancamos al gobierno nacional 202 reincorporaciones para el Hospital Posadas, que se ir\u00e1n produciendo por tandas&#8221;. &#8220;Eso es una alegr\u00eda, una emoci\u00f3n para quienes est\u00e1n en la situaci\u00f3n que estamos todos y todas aqu\u00ed, luchando para volver a reincorporarnos. Felicitamos la decisi\u00f3n de que hayan venido a nuestro gremio: lo que no puede romper el poder es la solidaridad que logramos quienes trabajamos todos los d\u00edas cuando decidimos hacer cosas en conjunto. Eso es emocionante&#8221;, enfatiz\u00f3.<\/p>\n","protected":false},"excerpt":{"rendered":"<p>Mirta Iriondo recibi\u00f3 a autoridades de la Asociaci\u00f3n de Trabajadores del Estado (ATE). Tras la instancia qued\u00f3 conformada una mesa de di\u00e1logo. La funcionaria se comprometi\u00f3 a revisar el relevamiento de despidos de la f\u00e1brica realizado por ATE. Adelant\u00f3 que se reincorporar\u00e1n trabajadores y trabajadoras despedidos\/as, con prioridad en aquellos cuyo despido haya sido realizado [&hellip;]<\/p>\n","protected":false},"author":1,"featured_media":19220,"comment_status":"open","ping_status":"open","sticky":true,"template":"","format":"standard","meta":{"_exactmetrics_skip_tracking":false,"_exactmetrics_sitenote_active":false,"_exactmetrics_sitenote_note":"","_exactmetrics_sitenote_category":0,"jnews-multi-image_gallery":[],"jnews_single_post":[],"jnews_primary_category":[],"jnews_social_meta":[],"jnews_review":[],"enable_review":"","type":"","name":"","summary":"","brand":"","sku":"","good":[],"bad":[],"score_override":"","override_value":"","rating":[],"price":[],"jnews_override_counter":[],"jnews_post_split":[],"footnotes":""},"categories":[1],"tags":[],"class_list":["post-12317","post","type-post","status-publish","format-standard","has-post-thumbnail","hentry","category-sin-categoria"],"jetpack_featured_media_url":"https:\/\/atecordoba.org\/wp-content\/uploads\/2020\/05\/logo-nuevochico-e1561581322808.png","_links":{"self":[{"href":"https:\/\/atecordoba.org\/index.php?rest_route=\/wp\/v2\/posts\/12317","targetHints":{"allow":["GET"]}}],"collection":[{"href":"https:\/\/atecordoba.org\/index.php?rest_route=\/wp\/v2\/posts"}],"about":[{"href":"https:\/\/atecordoba.org\/index.php?rest_route=\/wp\/v2\/types\/post"}],"author":[{"embeddable":true,"href":"https:\/\/atecordoba.org\/index.php?rest_route=\/wp\/v2\/users\/1"}],"replies":[{"embeddable":true,"href":"https:\/\/atecordoba.org\/index.php?rest_route=%2Fwp%2Fv2%2Fcomments&post=12317"}],"version-history":[{"count":1,"href":"https:\/\/atecordoba.org\/index.php?rest_route=\/wp\/v2\/posts\/12317\/revisions"}],"predecessor-version":[{"id":18639,"href":"https:\/\/atecordoba.org\/index.php?rest_route=\/wp\/v2\/posts\/12317\/revisions\/18639"}],"wp:featuredmedia":[{"embeddable":true,"href":"https:\/\/atecordoba.org\/index.php?rest_route=\/wp\/v2\/media\/19220"}],"wp:attachment":[{"href":"https:\/\/atecordoba.org\/index.php?rest_route=%2Fwp%2Fv2%2Fmedia&parent=12317"}],"wp:term":[{"taxonomy":"category","embeddable":true,"href":"https:\/\/atecordoba.org\/index.php?rest_route=%2Fwp%2Fv2%2Fcategories&post=12317"},{"taxonomy":"post_tag","embeddable":true,"href":"https:\/\/atecordoba.org\/index.php?rest_route=%2Fwp%2Fv2%2Ftags&post=12317"}],"curies":[{"name":"wp","href":"https:\/\/api.w.org\/{rel}","templated":true}]}}