{"id":12299,"date":"2020-02-20T12:43:19","date_gmt":"2020-02-20T15:43:19","guid":{"rendered":"https:\/\/www.atecordoba.org\/?p=12299"},"modified":"2020-05-05T09:10:01","modified_gmt":"2020-05-05T12:10:01","slug":"asamblea-fundacional-en-la-puerta-de-la-municipalidad-de-saldan","status":"publish","type":"post","link":"https:\/\/atecordoba.org\/?p=12299","title":{"rendered":"Asamblea fundacional en la puerta de la Municipalidad de Sald\u00e1n"},"content":{"rendered":"\n<p><em>Ayer se realiz\u00f3 la primera reuni\u00f3n de este tipo con trabajadores y trabajadoras que decidieron por la representaci\u00f3n de ATE ante la patronal local. Solicitaron audiencia con el intendente.<\/em><\/p>\n\n\n\n<figure class=\"wp-block-gallery columns-2 is-cropped wp-block-gallery-1 is-layout-flex wp-block-gallery-is-layout-flex\"><ul class=\"blocks-gallery-grid\"><li class=\"blocks-gallery-item\"><figure><img decoding=\"async\" src=\"http:\/\/atecordoba.org\/wp-content\/uploads\/2020\/05\/Saldan.jpg\" alt=\"\" data-id=\"12303\" data-full-url=\"http:\/\/atecordoba.org\/wp-content\/uploads\/2020\/05\/Saldan.jpg\" data-link=\"https:\/\/www.atecordoba.org\/?attachment_id=12303\" class=\"wp-image-12303\"\/><\/figure><\/li><li class=\"blocks-gallery-item\"><figure><img decoding=\"async\" src=\"http:\/\/atecordoba.org\/wp-content\/uploads\/2020\/05\/Saldan1.jpg\" alt=\"\" data-id=\"12304\" data-full-url=\"http:\/\/atecordoba.org\/wp-content\/uploads\/2020\/05\/Saldan1.jpg\" data-link=\"https:\/\/www.atecordoba.org\/?attachment_id=12304\" class=\"wp-image-12304\"\/><\/figure><\/li><\/ul><\/figure>\n\n\n\n<p>Con la participaci\u00f3n de Estela Corzo, Prosecretaria gremial del Consejo Directivo Provincial (CDP), el compa\u00f1ero Roberto Calvetti, vocal del CDP, la Secretaria del Interior del CDP, Edith Innamorato, compa\u00f1eros delegados de Jes\u00fas Mar\u00eda y Mendiolaza, se realiz\u00f3 la primer Asamblea de los compa\u00f1eros y compa\u00f1eras municipales de Sald\u00e1n. Tras la misma, se entreg\u00f3 un pedido de audiencia al Intendente para plantear las cuestiones de inter\u00e9s de los\/las representados\/as.<\/p>\n\n\n\n<p>&#8220;El primer tema que se trat\u00f3 fue el encuentro mantenido con la Jefa de Recursos Humanos del municipio, Elizabeth Uguolini, en la que se le plante\u00f3 la problem\u00e1tica de la inexistencia al d\u00eda de hoy de un espacio f\u00edsico designado para la realizaci\u00f3n de las elecciones el pr\u00f3ximo 27 de febrero. Tambi\u00e9n se le reiter\u00f3 la solicitud de la n\u00f3mina del personal habilitado para las elecciones. Se le plante\u00f3, tambi\u00e9n, la situaci\u00f3n del c\u00f3digo de descuento para los trabajadores y trabajadoras que decidieron la representaci\u00f3n de ATE&#8221;, inform\u00f3 Edith Innamorato. Para los temas vinculados a la elecci\u00f3n -lugar y n\u00f3mina-, Ugualini indic\u00f3 que en la semana tendr\u00e1 una respuesta. &#8220;Con respecto al tema de los descuentos para la representaci\u00f3n, inform\u00f3 que el tema se encuentra en la asesor\u00eda legal del municipio que est\u00e1 verificando si el \u00e1mbito sindical alcanza al personal municipal de la localidad&#8221;, explic\u00f3 Innamorato.<\/p>\n\n\n\n<p>Por otro lado, en la Asamblea, tambi\u00e9n fueron abordadas otras problem\u00e1ticas como &#8220;el reconocimiento de los certificados m\u00e9dicos o los movimientos de personal en distintas \u00e1reas u horarios. Se les explic\u00f3 que en el caso de que el intendente acceda al c\u00f3digo de descuento, reconozca a ATE como sindicato en el \u00e1mbito de la Municipalidad, nos habilite el \u00e1mbito en la discusi\u00f3n de paritarias, comenzaremos inmediatamente con la defensa de la cuesti\u00f3n salarial, el plan de carrera y el pase a planta permanente, todos \u00edtems que hoy no son abordados con la suficiente profundidad desde la administraci\u00f3n municipal&#8221;, expres\u00f3 la Secretaria del Interior del CDP.&nbsp;<\/p>\n\n\n\n<p>Los trabajadores y trabajadoras acordaron, adem\u00e1s, que tras las elecciones, se mantendr\u00e1 otra Asamblea en la puerta de la Municipalidad, para informar si ha habido avances de las solicitudes planteadas ya que habr\u00e1n transcurrido los 10 d\u00edas de las notas presentadas en la Municipallidad para la audiencia con el intendente.&nbsp;<\/p>\n\n\n\n<p>Por \u00faltimo, en la misma Asamblea, se hizo entrega de las mochilas y los \u00fatiles escolares para los compa\u00f1eros y compa\u00f1eras presentes que les correspondiese por tener ni\u00f1os\/as en edad escolar.<\/p>\n","protected":false},"excerpt":{"rendered":"<p>Ayer se realiz\u00f3 la primera reuni\u00f3n de este tipo con trabajadores y trabajadoras que decidieron por la representaci\u00f3n de ATE ante la patronal local. Solicitaron audiencia con el intendente. Con la participaci\u00f3n de Estela Corzo, Prosecretaria gremial del Consejo Directivo Provincial (CDP), el compa\u00f1ero Roberto Calvetti, vocal del CDP, la Secretaria del Interior del CDP, [&hellip;]<\/p>\n","protected":false},"author":1,"featured_media":19220,"comment_status":"open","ping_status":"open","sticky":true,"template":"","format":"standard","meta":{"_exactmetrics_skip_tracking":false,"_exactmetrics_sitenote_active":false,"_exactmetrics_sitenote_note":"","_exactmetrics_sitenote_category":0,"jnews-multi-image_gallery":[],"jnews_single_post":[],"jnews_primary_category":[],"jnews_social_meta":[],"jnews_review":[],"enable_review":"","type":"","name":"","summary":"","brand":"","sku":"","good":[],"bad":[],"score_override":"","override_value":"","rating":[],"price":[],"jnews_override_counter":[],"jnews_post_split":[],"footnotes":""},"categories":[1],"tags":[],"class_list":["post-12299","post","type-post","status-publish","format-standard","has-post-thumbnail","hentry","category-sin-categoria"],"jetpack_featured_media_url":"https:\/\/atecordoba.org\/wp-content\/uploads\/2020\/05\/logo-nuevochico-e1561581322808.png","_links":{"self":[{"href":"https:\/\/atecordoba.org\/index.php?rest_route=\/wp\/v2\/posts\/12299","targetHints":{"allow":["GET"]}}],"collection":[{"href":"https:\/\/atecordoba.org\/index.php?rest_route=\/wp\/v2\/posts"}],"about":[{"href":"https:\/\/atecordoba.org\/index.php?rest_route=\/wp\/v2\/types\/post"}],"author":[{"embeddable":true,"href":"https:\/\/atecordoba.org\/index.php?rest_route=\/wp\/v2\/users\/1"}],"replies":[{"embeddable":true,"href":"https:\/\/atecordoba.org\/index.php?rest_route=%2Fwp%2Fv2%2Fcomments&post=12299"}],"version-history":[{"count":1,"href":"https:\/\/atecordoba.org\/index.php?rest_route=\/wp\/v2\/posts\/12299\/revisions"}],"predecessor-version":[{"id":18651,"href":"https:\/\/atecordoba.org\/index.php?rest_route=\/wp\/v2\/posts\/12299\/revisions\/18651"}],"wp:featuredmedia":[{"embeddable":true,"href":"https:\/\/atecordoba.org\/index.php?rest_route=\/wp\/v2\/media\/19220"}],"wp:attachment":[{"href":"https:\/\/atecordoba.org\/index.php?rest_route=%2Fwp%2Fv2%2Fmedia&parent=12299"}],"wp:term":[{"taxonomy":"category","embeddable":true,"href":"https:\/\/atecordoba.org\/index.php?rest_route=%2Fwp%2Fv2%2Fcategories&post=12299"},{"taxonomy":"post_tag","embeddable":true,"href":"https:\/\/atecordoba.org\/index.php?rest_route=%2Fwp%2Fv2%2Ftags&post=12299"}],"curies":[{"name":"wp","href":"https:\/\/api.w.org\/{rel}","templated":true}]}}