{"id":12298,"date":"2020-02-20T12:40:10","date_gmt":"2020-02-20T15:40:10","guid":{"rendered":"https:\/\/www.atecordoba.org\/?p=12298"},"modified":"2020-05-05T09:10:03","modified_gmt":"2020-05-05T12:10:03","slug":"los-docentes-civiles-de-las-ff-aa-se-renieron-con-funcionarios-de-defensa","status":"publish","type":"post","link":"https:\/\/atecordoba.org\/?p=12298","title":{"rendered":"Los Docentes Civiles de las FF.AA se renieron con funcionarios de Defensa"},"content":{"rendered":"\n<p> Se plante\u00f3 la preocupaci\u00f3n por la situaci\u00f3n salarial y laboral del  sector, y casos puntuales como los de la Universidad de la Defensa o  nivel inicial. <\/p>\n\n\n\n<figure class=\"wp-block-image size-large\"><img decoding=\"async\" src=\"http:\/\/atecordoba.org\/wp-content\/uploads\/2020\/05\/86831387_10157991123389805_317712612219420672_n.jpg\" alt=\"\" class=\"wp-image-12300\"\/><\/figure>\n\n\n\n<p>En el marco de las reuniones que la\nAsociaci\u00f3n Trabajadores del Estado viene sosteniendo con distintos funcionarios\ndel Gobierno en pos de reorganizar la Administraci\u00f3n Publica Nacional luego de\nla era macrista, un grupo de dirigentes del Sector Docente de las Fuerzas\nArmadas se reunieron con el Subsecretario de Coordinaci\u00f3n Administrativa, Lic.\nLeonardo Garay, con el Director de Formaci\u00f3n, Dr. Sergio Eissa, y el Director\nde Recursos Humanos, Sr. Fabi\u00e1n S\u00e1nchez; todos funcionarios del Ministerio de\nDefensa.<\/p>\n\n\n\n<p>En la conversaci\u00f3n, la delegaci\u00f3n docente\nle expres\u00f3 su preocupaci\u00f3n en materia salarial, sobre todo en el caso m\u00e1s\nextremo que es el de los compa\u00f1eros del Instituto Damaso Centeno, dependiente\ndel Ej\u00e9rcito Argentino.<\/p>\n\n\n\n<p>Al respecto, Alan Ojeda, docente de ese\nInstituto, expres\u00f3: \u201cAl no cobrar ni siquiera el suplemento por zona, tenemos\nel salario docente m\u00e1s deprimido de toda la CABA y posiblemente del pa\u00eds, con\nuna diferencia respecto de los docentes de la jurisdicci\u00f3n local que ronda el\n40%\u201d.<\/p>\n\n\n\n<p>En tanto, Dar\u00edo Cecotti se\u00f1al\u00f3: \u201cAqu\u00ed no se\nrespeta lo que fija la paritaria nacional docente, que fija un piso m\u00ednimo para\nel salario de esta actividad. En el caso del D\u00e1maso estamos hablando de\nprofesionales de la educaci\u00f3n que trabajan por $17.000, cuando en CABA estar\u00edan\nganando $30.000, por eso el a\u00f1o pasado renunciaron muchos docentes y quedaron\n300 horas libres que despu\u00e9s nadie quer\u00eda tomar\u201d.<\/p>\n\n\n\n<p>&nbsp;\u201cLa\ncomunidad educativa del D\u00e1maso es muy fuerte, es un fen\u00f3meno que supera lo que\ndesde los gremios podamos entender y se hizo o\u00edr en esa ocasi\u00f3n. Los padres\nquer\u00edan saber por qu\u00e9 pagan una cuota de m\u00e1s de $7.000 para que sus hijos\ntengan m\u00e1s de la mitad de las horas libres. En estas condiciones no se pueden\nempezar las clases\u201d, agreg\u00f3 Ojeda. <\/p>\n\n\n\n<p>\u201cCabe aclarar que la situaci\u00f3n es general y\nata\u00f1e a todos los docentes civiles del pa\u00eds y no solo a los del D\u00e1maso, si bien\neste es el sector m\u00e1s atrasado en esta materia, necesitamos una soluci\u00f3n global\nal problema para comenzar el a\u00f1o lectivo en paz\u201d, indic\u00f3 por su parte Dabel\nRoblin, Secretario General de ATE Ver\u00f3nica \u2013 Punta Indio quien acompa\u00f1o a los\ndocentes durante la audiencia. <\/p>\n\n\n\n<p>Los funcionarios reconocieron que se trata\nde un problema a tratar y solicitaron a ATE acercar propuestas que ayuden a\nsolucionar este atraso salarial.<\/p>\n\n\n\n<p><strong>Universidad\nde la Defensa<\/strong><\/p>\n\n\n\n<p>Adem\u00e1s, se trat\u00f3 la situaci\u00f3n actual de la\nUniversidad de la Defensa Nacional, tema que es de la mayor preocupaci\u00f3n ya que\nlos cambios que la gesti\u00f3n anterior pretend\u00eda realizar eran, en opini\u00f3n de ATE,\ndemasiado bruscos y no garantizaban la estabilidad laboral de los compa\u00f1eros.<\/p>\n\n\n\n<p>\u201cSe pretend\u00eda hacer de nuestra Universidad\nuna Universidad Nacional m\u00e1s y eso es inviable porque nuestro sistema educativo\nabarca todos los niveles de la educaci\u00f3n desde el inicial hasta el\nuniversitario y much\u00edsimas especialidades que no encajan en el modelo\nuniversitario cl\u00e1sico\u201d, manifest\u00f3 Alejandro Charra, Paritario Nacional del\nSector.<\/p>\n\n\n\n<p>\u201cNo le podemos pedir a un instructor de\nequitaci\u00f3n que haga una carrera de grado en 5 a\u00f1os para poder revalidarse\ndentro del sistema y no perder la fuente de trabajo, cuando a duras penas si\ntiene el secundario terminado, lo que no implica que no est\u00e9 desempe\u00f1ando una\ntarea docente. Podemos poner en la misma materia un veterinario, que tiene t\u00edtulo,\npero tal vez no sepa montar\u201d, ejemplific\u00f3.<\/p>\n\n\n\n<p>Al respecto, el Dr. Eissa aclaro que es el\nesp\u00edritu de esta gesti\u00f3n respetar el proyecto original con el que se cre\u00f3 la\nUNDEF, que nunca fue pensada para ser otra cosa que un ente descentralizado\ndependiente del Ministerio de Defensa y que los docentes continuaran prestando\nsus funciones en el marco de la Administraci\u00f3n P\u00fablica Nacional y el Convenio\nColectivo de Trabajo General para la misma (Dto. 214\/06). <\/p>\n\n\n\n<p>A su vez, indic\u00f3: \u201cEsto demuestra a las\nclaras que el intento del macrismo que tuvo la complicidad de UPCN y UPCIFA de\nexcluir a los Civiles y Docentes Civiles de las FF.AA y de Seguridad y del\nIOSFA del \u00e1mbito de nuestro convenio retrotrayendo en materia de derechos a\nestos trabajadores m\u00e1s de 15 a\u00f1os, habr\u00eda fracasado y no ser\u00eda de inter\u00e9s de\nesta gesti\u00f3n avanzar en ese sentido\u201d, sentencio Rub\u00e9n L\u00f3pez, Secretario General\nde la Junta Interna de IOSFA Capital Federal.<\/p>\n\n\n\n<p><strong>Igualdad\nde Oportunidades<\/strong><\/p>\n\n\n\n<p>Tambi\u00e9n se trataron puntos que tienen que\nver con la Igualdad de Oportunidades y Trato. La delegaci\u00f3n expres\u00f3 su preocupaci\u00f3n\nal constatar c\u00f3mo han avanzado en estos \u00faltimos 4 a\u00f1os las jefaturas militares\nde las fuerzas respecto de las conquistas y derechos que supimos conseguir\ndurante el periodo 2006 \u2013 2015, que fue el de mayor avance. <\/p>\n\n\n\n<p>\u201cEs inaceptable que las jefaturas hayan\ntomado como propios los Liceos y Escuelas, y pretendan nombrar personal por\nfuera de la normativa legal vigente, como en el rid\u00edculo caso del Liceo\nAeron\u00e1utico Militar donde por un acuerdo de c\u00fapulas militares se terminan\nusando horas docentes para nombrar a una fisioterapeuta en el Escuadr\u00f3n Sanidad\u201d,\nse\u00f1al\u00f3 Mercedes Guzm\u00e1n, &nbsp;delegada del\nLiceo Aeron\u00e1utico Militar de Funes, Santa F\u00e9, a la vez que denunci\u00f3 el despido\nde una delegada de ATE, vulnerando la tutela sindical. <\/p>\n\n\n\n<p>A su vez, Charra denunci\u00f3 que \u201clas\ncomisiones de g\u00e9nero creadas por las fuerzas son un verso y se dedican a\nencubrir, cuando no a revictimizar a nuestras compa\u00f1eras, no siguen ning\u00fan protocolo\u201d.<\/p>\n\n\n\n<p>Sergio Zanon del INAC \u2013 CIATA de Mor\u00f3n y\nParitario del sector se\u00f1al\u00f3: \u201cLas fuerzas est\u00e1n desmadradas liquidan los\nhaberes de la forma en la que se les antoja, cada una de una forma distinta y,\na veces, ni siquiera del mismo modo dos meses seguidos, nos deben 8 meses de\nincentivo docente y no tenemos fecha de pr\u00f3ximo cobro\u201d.<\/p>\n\n\n\n<p>\u00a0En este sentido los funcionarios expresaron que seg\u00fan lo instruido por el Sr. Ministro, Dr. Agust\u00edn Rossi el Ministerio debe ejercer la conducci\u00f3n de las FF.AA. en todos los \u00e1mbitos de la defensa nacional y que se revisaran los nombramientos hasta marzo con consulta a las entidades sindicales.<\/p>\n\n\n\n<figure class=\"wp-block-image size-large\"><img decoding=\"async\" src=\"http:\/\/atecordoba.org\/wp-content\/uploads\/2020\/05\/87007040_188944702331588_829507903122571264_n.jpg\" alt=\"\" class=\"wp-image-12301\"\/><\/figure>\n\n\n\n<p><strong>Nivel\ninicial<\/strong><\/p>\n\n\n\n<p>Por \u00faltimo se solicit\u00f3 una respuesta a la\nsituaci\u00f3n de las compa\u00f1eras Docentes del Nivel Inicial, cuyo Nivel no est\u00e1\nincluido en el Estatuto para el Personal Docente de las FF.AA, dando pie a\ninnumerables injusticias sobre estas docentes. <\/p>\n\n\n\n<p>\u201cUn a\u00f1o nos ponen en un lugar al otro en\nuno distinto, nos cambian los horarios y siempre somos suplentes as\u00ed que no\npodemos decir nada porque siempre est\u00e1 la amenaza de que el a\u00f1o que viene no\nnos contraten, nos tienen con horas del Nivel Primario y siempre nos recuerdan\nque son horas prestadas por ese nivel, como si nos estuvieran haciendo un\nfavor\u201d, remarc\u00f3 Raquel Lastra Delegada del Liceo Gregorio Araoz de la Madrid de\nTucum\u00e1n. <\/p>\n\n\n\n<p>\u201cNo solo eso, nos dificulta, por no decir\nimpide, el acceso a carpetas medicas prolongadas, como por ejemplo a la por\nmaternidad, en algunos casos se nos desemplea durante el mes de enero y se nos\ncontrata en febrero. No tenemos vacaciones, estamos desempleadas un mes!, si\nbien es cierto que cuando esto sucede se nos paga en diciembre doble, tampoco\nes menos cierto que por cuestiones estatutarias cada 6 a\u00f1os perdemos uno de\nantig\u00fcedad\u201d, declar\u00f3 Lorena Viegas del Jard\u00edn del Edificio Libertad. &nbsp;\u201cY tendr\u00edan que ver lo que son los maternales,\nse nombra personal bajo cualquier figura contractual, de esta forma no se\npueden garantizar ni los derechos del docente, ni los del Ni\u00f1o\u201d agreg\u00f3 Silvio\nM\u00e1rquez del edificio Libertad.<\/p>\n\n\n\n<p>&nbsp;Los\nfuncionarios a su turno aclararon que si bien la soluci\u00f3n a este y otros tantos\nconvenios pasa por discutir un Convenio Colectivo de Trabajo Sectorial\nespecifico de los Docentes Civiles, cuesti\u00f3n que aseguraron se abordara en\ncuanto terminen de analizar la situaci\u00f3n actual, se encuentran estudiando la\naplicaci\u00f3n de un proyecto de resoluci\u00f3n enviado por la Jefatura del Ej\u00e9rcito\npara anexar el Nivel Inicial al actual Estatuto, proyecto que, record\u00f3 el\nfuncionario, contaba con aceptaci\u00f3n en la parte gremial durante las frustradas\nnegociaciones que en pos de un CCTS se llevaron a cabo durante el a\u00f1o pasado. <\/p>\n\n\n\n<p>\u201cSi bien podemos estar de acuerdo con una\nmedida parcial como anexar el Nivel Inicial al Estatuto y entendemos que la\npropuesta que est\u00e1 en la mesa no es mala, le hemos solicitado a los\nfuncionarios que exista consulta a la parte gremial en todo lo que tenga que\nver con su aplicaci\u00f3n, como salvaguarda de los derechos de las trabajadoras\u201d,\ndijo al respecto Pablo Garc\u00eda Secretario General de ATE San Martin a la salida\nde la reuni\u00f3n.<\/p>\n\n\n\n<p><strong>Prensa ATE<\/strong><\/p>\n","protected":false},"excerpt":{"rendered":"<p>Se plante\u00f3 la preocupaci\u00f3n por la situaci\u00f3n salarial y laboral del sector, y casos puntuales como los de la Universidad de la Defensa o nivel inicial. En el marco de las reuniones que la Asociaci\u00f3n Trabajadores del Estado viene sosteniendo con distintos funcionarios del Gobierno en pos de reorganizar la Administraci\u00f3n Publica Nacional luego de [&hellip;]<\/p>\n","protected":false},"author":1,"featured_media":19220,"comment_status":"open","ping_status":"open","sticky":true,"template":"","format":"standard","meta":{"_exactmetrics_skip_tracking":false,"_exactmetrics_sitenote_active":false,"_exactmetrics_sitenote_note":"","_exactmetrics_sitenote_category":0,"jnews-multi-image_gallery":[],"jnews_single_post":[],"jnews_primary_category":[],"jnews_social_meta":[],"jnews_review":[],"enable_review":"","type":"","name":"","summary":"","brand":"","sku":"","good":[],"bad":[],"score_override":"","override_value":"","rating":[],"price":[],"jnews_override_counter":[],"jnews_post_split":[],"footnotes":""},"categories":[1],"tags":[],"class_list":["post-12298","post","type-post","status-publish","format-standard","has-post-thumbnail","hentry","category-sin-categoria"],"jetpack_featured_media_url":"https:\/\/atecordoba.org\/wp-content\/uploads\/2020\/05\/logo-nuevochico-e1561581322808.png","_links":{"self":[{"href":"https:\/\/atecordoba.org\/index.php?rest_route=\/wp\/v2\/posts\/12298","targetHints":{"allow":["GET"]}}],"collection":[{"href":"https:\/\/atecordoba.org\/index.php?rest_route=\/wp\/v2\/posts"}],"about":[{"href":"https:\/\/atecordoba.org\/index.php?rest_route=\/wp\/v2\/types\/post"}],"author":[{"embeddable":true,"href":"https:\/\/atecordoba.org\/index.php?rest_route=\/wp\/v2\/users\/1"}],"replies":[{"embeddable":true,"href":"https:\/\/atecordoba.org\/index.php?rest_route=%2Fwp%2Fv2%2Fcomments&post=12298"}],"version-history":[{"count":2,"href":"https:\/\/atecordoba.org\/index.php?rest_route=\/wp\/v2\/posts\/12298\/revisions"}],"predecessor-version":[{"id":18703,"href":"https:\/\/atecordoba.org\/index.php?rest_route=\/wp\/v2\/posts\/12298\/revisions\/18703"}],"wp:featuredmedia":[{"embeddable":true,"href":"https:\/\/atecordoba.org\/index.php?rest_route=\/wp\/v2\/media\/19220"}],"wp:attachment":[{"href":"https:\/\/atecordoba.org\/index.php?rest_route=%2Fwp%2Fv2%2Fmedia&parent=12298"}],"wp:term":[{"taxonomy":"category","embeddable":true,"href":"https:\/\/atecordoba.org\/index.php?rest_route=%2Fwp%2Fv2%2Fcategories&post=12298"},{"taxonomy":"post_tag","embeddable":true,"href":"https:\/\/atecordoba.org\/index.php?rest_route=%2Fwp%2Fv2%2Ftags&post=12298"}],"curies":[{"name":"wp","href":"https:\/\/api.w.org\/{rel}","templated":true}]}}