{"id":12293,"date":"2020-02-19T12:05:21","date_gmt":"2020-02-19T15:05:21","guid":{"rendered":"https:\/\/www.atecordoba.org\/?p=12293"},"modified":"2020-05-05T09:10:06","modified_gmt":"2020-05-05T12:10:06","slug":"ya-esta-disponible-el-cronograma-del-encuentro-nacional-de-jovenes-2020","status":"publish","type":"post","link":"https:\/\/atecordoba.org\/?p=12293","title":{"rendered":"Ya est\u00e1 disponible el Cronograma del Encuentro Nacional de J\u00f3venes 2020"},"content":{"rendered":"\n<p> Se llevar\u00e1 a cabo del 22 al 25 de Febrero en Burzaco, con el objetivo de debatir la actual coyuntura regional y nacional. <\/p>\n\n\n\n<figure class=\"wp-block-image size-large\"><img decoding=\"async\" src=\"http:\/\/atecordoba.org\/wp-content\/uploads\/2020\/05\/86708017_1554227501391279_2077042890105683968_n.jpg\" alt=\"\" class=\"wp-image-12294\"\/><\/figure>\n\n\n\n<p>La propuesta de este nuevo Encuentro\nNacional de J\u00f3venes de ATE no es un hecho aislado, es un hecho pol\u00edtico que se\nenmarca y pretende continuar las l\u00edneas estrat\u00e9gicas establecidas por el\nEncuentro Nacional de J\u00f3venes Dirigentes de ATE, realizado en Diciembre de 2015\nen la ciudad de Mercedes, Provincia de Buenos Aires.<\/p>\n\n\n\n<p>Sin lugar a dudas, la coyuntura a nivel\nregional y nacional ha cambiado, y eso merece el debate pol\u00edtico-sindical de la\njuventud que protagoniza esos procesos de cambio. <\/p>\n\n\n\n<p>Am\u00e9rica Latina ha sido sacudida, durante\neste \u00faltimo tiempo, por diferentes escenarios que han puesto en cuesti\u00f3n el\nmodelo neoliberal: Hait\u00ed, Ecuador, Venezuela, Cuba y Chile en su m\u00e1s reciente\nexpresi\u00f3n, con la #Revoluci\u00f3nDeLos30Pesos y el grito de #ChileDespert\u00f3.&nbsp; La revuelta propiciada por una protesta\nestudiantil ante la suba del boleto, se propag\u00f3 por todo el pa\u00eds cuestionando\nlas estructuras a\u00fan vigentes de la dictadura de Pinochet.&nbsp; Como bien se gritaba en las calles, no eran los\n30 pesos, sino 30 a\u00f1os de agobio, y el pueblo chileno dijo basta. <\/p>\n\n\n\n<p>La\njuventud no pide, exige. <\/p>\n\n\n\n<p>La revancha de la derecha no se hizo\nesperar e inici\u00f3 un golpe de Estado en el basti\u00f3n del proceso de cambio m\u00e1s\nprofundo de nuestro continente. Luego de las elecciones, Evo Morales sufr\u00eda un\ngolpe \u201cblando\u201d encubierto por los organismos internacionales, de mano de la\nderecha m\u00e1s rancia de su pa\u00eds. <\/p>\n\n\n\n<p>Durante el mismo mes de octubre, en nuestro\npa\u00eds ten\u00eda lugar la contienda electoral que dejaba fuera a Mauricio Macri del\nsill\u00f3n presidencial y la f\u00f3rmula Fern\u00e1ndez-Fern\u00e1ndez ganaba las elecciones\nabriendo as\u00ed una nueva etapa. <\/p>\n\n\n\n<p>Es en este nuevo contexto regional y\nnacional que nos proponemos este debate. <\/p>\n\n\n\n<p>Reinventar ATE en el marco de este nuevo\nmovimiento pol\u00edtico, sindical, social y cultural del Siglo XXI, con nuevas\ndiscusiones acerca del Estado y su rol, es pensar la historia reciente de\nnuestra organizaci\u00f3n, su estructura, la representaci\u00f3n y el modelo sindical, y\ntambi\u00e9n c\u00f3mo construimos poder popular desde la clase trabajadora. Sabiendo que\nen esa construcci\u00f3n, las disputas con otros modelos, la polifon\u00eda de voces en\ntensi\u00f3n y la apertura a las nuevas agendas, nos obligan a re-discutir para\nreinventar ATE para la etapa que viene, y sin lugar a dudas nos enriquece. <\/p>\n\n\n\n<p>Las nuevas (o viejas) discusiones se abren\npara que podamos debatir este escenario.&nbsp;\nRevisar las rupturas y continuidades de las pr\u00e1cticas pol\u00edticas de la\njuventud es un desaf\u00edo imprescindible para discutir el Estado,&nbsp; las pol\u00edticas p\u00fablicas, el poder, y la forma\nde construcci\u00f3n del mismo.<\/p>\n","protected":false},"excerpt":{"rendered":"<p>Se llevar\u00e1 a cabo del 22 al 25 de Febrero en Burzaco, con el objetivo de debatir la actual coyuntura regional y nacional. La propuesta de este nuevo Encuentro Nacional de J\u00f3venes de ATE no es un hecho aislado, es un hecho pol\u00edtico que se enmarca y pretende continuar las l\u00edneas estrat\u00e9gicas establecidas por el [&hellip;]<\/p>\n","protected":false},"author":1,"featured_media":19220,"comment_status":"open","ping_status":"open","sticky":true,"template":"","format":"standard","meta":{"_exactmetrics_skip_tracking":false,"_exactmetrics_sitenote_active":false,"_exactmetrics_sitenote_note":"","_exactmetrics_sitenote_category":0,"jnews-multi-image_gallery":[],"jnews_single_post":[],"jnews_primary_category":[],"jnews_social_meta":[],"jnews_review":[],"enable_review":"","type":"","name":"","summary":"","brand":"","sku":"","good":[],"bad":[],"score_override":"","override_value":"","rating":[],"price":[],"jnews_override_counter":[],"jnews_post_split":[],"footnotes":""},"categories":[1],"tags":[],"class_list":["post-12293","post","type-post","status-publish","format-standard","has-post-thumbnail","hentry","category-sin-categoria"],"jetpack_featured_media_url":"https:\/\/atecordoba.org\/wp-content\/uploads\/2020\/05\/logo-nuevochico-e1561581322808.png","_links":{"self":[{"href":"https:\/\/atecordoba.org\/index.php?rest_route=\/wp\/v2\/posts\/12293","targetHints":{"allow":["GET"]}}],"collection":[{"href":"https:\/\/atecordoba.org\/index.php?rest_route=\/wp\/v2\/posts"}],"about":[{"href":"https:\/\/atecordoba.org\/index.php?rest_route=\/wp\/v2\/types\/post"}],"author":[{"embeddable":true,"href":"https:\/\/atecordoba.org\/index.php?rest_route=\/wp\/v2\/users\/1"}],"replies":[{"embeddable":true,"href":"https:\/\/atecordoba.org\/index.php?rest_route=%2Fwp%2Fv2%2Fcomments&post=12293"}],"version-history":[{"count":2,"href":"https:\/\/atecordoba.org\/index.php?rest_route=\/wp\/v2\/posts\/12293\/revisions"}],"predecessor-version":[{"id":18705,"href":"https:\/\/atecordoba.org\/index.php?rest_route=\/wp\/v2\/posts\/12293\/revisions\/18705"}],"wp:featuredmedia":[{"embeddable":true,"href":"https:\/\/atecordoba.org\/index.php?rest_route=\/wp\/v2\/media\/19220"}],"wp:attachment":[{"href":"https:\/\/atecordoba.org\/index.php?rest_route=%2Fwp%2Fv2%2Fmedia&parent=12293"}],"wp:term":[{"taxonomy":"category","embeddable":true,"href":"https:\/\/atecordoba.org\/index.php?rest_route=%2Fwp%2Fv2%2Fcategories&post=12293"},{"taxonomy":"post_tag","embeddable":true,"href":"https:\/\/atecordoba.org\/index.php?rest_route=%2Fwp%2Fv2%2Ftags&post=12293"}],"curies":[{"name":"wp","href":"https:\/\/api.w.org\/{rel}","templated":true}]}}