{"id":12289,"date":"2020-02-19T09:51:46","date_gmt":"2020-02-19T12:51:46","guid":{"rendered":"https:\/\/www.atecordoba.org\/?p=12289"},"modified":"2020-05-05T09:10:07","modified_gmt":"2020-05-05T12:10:07","slug":"ate-se-reunio-con-autoridades-y-recorrio-la-universidad-nacional-de-rio-cuarto","status":"publish","type":"post","link":"https:\/\/atecordoba.org\/?p=12289","title":{"rendered":"ATE se reuni\u00f3 con autoridades y recorri\u00f3 la Universidad Nacional de R\u00edo Cuarto"},"content":{"rendered":"\n<p> Participaron dirigentes de ATE Conicet, de la seccional y del CDP de  C\u00f3rdoba. Tambi\u00e9n hubo una recorrida y una charla sobre el Convenio. <\/p>\n\n\n\n<figure class=\"wp-block-image size-large\"><img decoding=\"async\" src=\"http:\/\/atecordoba.org\/wp-content\/uploads\/2020\/05\/86717657_1594717087350417_5000811219381125120_n.jpg\" alt=\"\" class=\"wp-image-12290\"\/><\/figure>\n\n\n\n<p>Dirigentes de ATE CONICET, de la seccional R\u00edo Cuarto y del Consejo Directivo Provincial de C\u00f3rdoba, realizaron una recorrida por la Universidad Nacional ubicada en esa localidad y se reunieron con sus autoridades. Adem\u00e1s, en los nuevos laboratorios e institutos dialogaron con investigadores y becarios. Por la tarde, brindaron una charla sobre la situaci\u00f3n del sector y por la creaci\u00f3n de un Convenio Colectivo sectorial.<\/p>\n\n\n\n<p>De la actividad participaron Rafaela\nAlcoba, Secretaria General de ATE R\u00edo Cuarto; Julia Giuliani por el CDP\nC\u00f3rdoba; Marita Pedernera por la CTAA R\u00edo Cuarto, y Flavio Sives de ATE\nCONICET.<\/p>\n\n\n\n<p>Flavio Sives se\u00f1al\u00f3 que el objetivo fue fortalecer la organizaci\u00f3n de las compa\u00f1eras y compa\u00f1eros investigadores y becarixs en ATE, para debatir y avanzar en la mejora de su situaci\u00f3n.<\/p>\n\n\n\n<figure class=\"wp-block-image size-large\"><img decoding=\"async\" src=\"http:\/\/atecordoba.org\/wp-content\/uploads\/2020\/05\/87154805_1309562982567913_1277336055653072896_n.jpg\" alt=\"\" class=\"wp-image-12291\"\/><\/figure>\n\n\n\n<p>En esa l\u00ednea, por la ma\u00f1ana mantuvieron una\nreuni\u00f3n con el Vicerrector de la Casa de Altos Estudios, Jorge Gonz\u00e1lez; con el\nSecretario general, Enrique Bergamo y con el Secretario de Ciencia y T\u00e9cnica,\nJuan Marioli.<\/p>\n\n\n\n<p>\u201cHablamos sobre la situaci\u00f3n de los\nbecarixs, de la posibilidad de que lxs trabajadores que son CONICET puro\naccedan a los jardines maternales de la Universidad y a la obra social de la\ninstituci\u00f3n\u201d, inform\u00f3 Sives.<\/p>\n\n\n\n<p>Asimismo, expres\u00f3: \u201cEl panorama, como en\ntodo el Estado Nacional es cr\u00edtico. Esta nueva gestion ha dado buenas se\u00f1ales\nhacia el sector de Ciencia y T\u00e9cnica. Comenz\u00f3 con una mejora salarial para los\nadministrativos del CONICET, con la revinculaci\u00f3n de 170 compa\u00f1eros despedidxs\nde INTI, con la mejora en los estipendios de los becarixs \u2013un plan hacia fines\nde julio que va a estar ligado a las paritarias-, con la mejora subsidios, con\nel aumento ingresos\u201d.<\/p>\n\n\n\n<p>\u201cSe puede decir que son se\u00f1ales peque\u00f1as,\nque hace falta m\u00e1s, pero la verdad es que uno de los pocos sectores que est\u00e1\nteniendo se\u00f1ales claras y positivas\u201d, indic\u00f3 Sives y se\u00f1al\u00f3: \u201cAhora el\nprincipal discusi\u00f3n que estamos teniendo es salarial de planta, investigadores\ny profesionales de apoyo y la cuesti\u00f3n del Convenio Colectivo\u201d.<\/p>\n\n\n\n<p><strong>Prensa ATE<\/strong><\/p>\n","protected":false},"excerpt":{"rendered":"<p>Participaron dirigentes de ATE Conicet, de la seccional y del CDP de C\u00f3rdoba. Tambi\u00e9n hubo una recorrida y una charla sobre el Convenio. Dirigentes de ATE CONICET, de la seccional R\u00edo Cuarto y del Consejo Directivo Provincial de C\u00f3rdoba, realizaron una recorrida por la Universidad Nacional ubicada en esa localidad y se reunieron con sus [&hellip;]<\/p>\n","protected":false},"author":1,"featured_media":19220,"comment_status":"open","ping_status":"open","sticky":true,"template":"","format":"standard","meta":{"_exactmetrics_skip_tracking":false,"_exactmetrics_sitenote_active":false,"_exactmetrics_sitenote_note":"","_exactmetrics_sitenote_category":0,"jnews-multi-image_gallery":[],"jnews_single_post":[],"jnews_primary_category":[],"jnews_social_meta":[],"jnews_review":[],"enable_review":"","type":"","name":"","summary":"","brand":"","sku":"","good":[],"bad":[],"score_override":"","override_value":"","rating":[],"price":[],"jnews_override_counter":[],"jnews_post_split":[],"footnotes":""},"categories":[1],"tags":[],"class_list":["post-12289","post","type-post","status-publish","format-standard","has-post-thumbnail","hentry","category-sin-categoria"],"jetpack_featured_media_url":"https:\/\/atecordoba.org\/wp-content\/uploads\/2020\/05\/logo-nuevochico-e1561581322808.png","_links":{"self":[{"href":"https:\/\/atecordoba.org\/index.php?rest_route=\/wp\/v2\/posts\/12289","targetHints":{"allow":["GET"]}}],"collection":[{"href":"https:\/\/atecordoba.org\/index.php?rest_route=\/wp\/v2\/posts"}],"about":[{"href":"https:\/\/atecordoba.org\/index.php?rest_route=\/wp\/v2\/types\/post"}],"author":[{"embeddable":true,"href":"https:\/\/atecordoba.org\/index.php?rest_route=\/wp\/v2\/users\/1"}],"replies":[{"embeddable":true,"href":"https:\/\/atecordoba.org\/index.php?rest_route=%2Fwp%2Fv2%2Fcomments&post=12289"}],"version-history":[{"count":2,"href":"https:\/\/atecordoba.org\/index.php?rest_route=\/wp\/v2\/posts\/12289\/revisions"}],"predecessor-version":[{"id":18708,"href":"https:\/\/atecordoba.org\/index.php?rest_route=\/wp\/v2\/posts\/12289\/revisions\/18708"}],"wp:featuredmedia":[{"embeddable":true,"href":"https:\/\/atecordoba.org\/index.php?rest_route=\/wp\/v2\/media\/19220"}],"wp:attachment":[{"href":"https:\/\/atecordoba.org\/index.php?rest_route=%2Fwp%2Fv2%2Fmedia&parent=12289"}],"wp:term":[{"taxonomy":"category","embeddable":true,"href":"https:\/\/atecordoba.org\/index.php?rest_route=%2Fwp%2Fv2%2Fcategories&post=12289"},{"taxonomy":"post_tag","embeddable":true,"href":"https:\/\/atecordoba.org\/index.php?rest_route=%2Fwp%2Fv2%2Ftags&post=12289"}],"curies":[{"name":"wp","href":"https:\/\/api.w.org\/{rel}","templated":true}]}}