{"id":12282,"date":"2020-02-18T15:46:12","date_gmt":"2020-02-18T18:46:12","guid":{"rendered":"https:\/\/www.atecordoba.org\/?p=12282"},"modified":"2020-05-05T09:10:10","modified_gmt":"2020-05-05T12:10:10","slug":"la-palabra-es-poder","status":"publish","type":"post","link":"https:\/\/atecordoba.org\/?p=12282","title":{"rendered":"La palabra es poder"},"content":{"rendered":"\n<p><em>La Secretar\u00eda de Prensa del Consejo Directivo (CDP) de ATE C\u00f3rdoba convoc\u00f3 a las \u00e1reas de comunicaci\u00f3n de toda la provincia a trabajar en conjunto.<\/em><\/p>\n\n\n\n<figure class=\"wp-block-gallery columns-2 is-cropped wp-block-gallery-1 is-layout-flex wp-block-gallery-is-layout-flex\"><ul class=\"blocks-gallery-grid\"><li class=\"blocks-gallery-item\"><figure><img decoding=\"async\" src=\"http:\/\/atecordoba.org\/wp-content\/uploads\/2020\/05\/IMG_20200218_105429-1024x576.jpg\" alt=\"\" data-id=\"12283\" data-full-url=\"https:\/\/www.atecordoba.org\/wp-content\/uploads\/2020\/02\/IMG_20200218_105429-scaled.jpg\" data-link=\"https:\/\/www.atecordoba.org\/?attachment_id=12283\" class=\"wp-image-12283\"\/><\/figure><\/li><li class=\"blocks-gallery-item\"><figure><img decoding=\"async\" src=\"http:\/\/atecordoba.org\/wp-content\/uploads\/2020\/05\/IMG_20200218_142046-1024x576.jpg\" alt=\"\" data-id=\"12284\" data-full-url=\"https:\/\/www.atecordoba.org\/wp-content\/uploads\/2020\/02\/IMG_20200218_142046-scaled.jpg\" data-link=\"https:\/\/www.atecordoba.org\/?attachment_id=12284\" class=\"wp-image-12284\"\/><\/figure><\/li><\/ul><\/figure>\n\n\n\n<p>Este martes 18 de febrero se realiz\u00f3 el 1\u00ba Encuentro Provincial de las Secretar\u00edas de Prensa y Comunicaci\u00f3n de las Regionales de ATE de la Provincia de C\u00f3rdoba. Del Encuentro &#8220;fundacional&#8221;, participaron las seccionales de San Francisco, R\u00edo Cuarto, R\u00edo Tercero, Villa Mar\u00eda e integrantes del CDP.<\/p>\n\n\n\n<p>&#8220;La instancia sirvi\u00f3 a que los equipos pudieran acordar el abordaje de una pol\u00edtica comunicacional integrada, con la perspectiva de g\u00e9nero como eje transversal&#8221;, explic\u00f3 Julia Giualiani, Secretaria de Prensa del CDP. La referente destac\u00f3 que la instancia &#8220;tuvo tambi\u00e9n el objetivo de distribuir capacidades para la planificaci\u00f3n, gesti\u00f3n y ejecuci\u00f3n de la comunicaci\u00f3n de ATE en cada rinc\u00f3n de la Provincia&#8221;. En ese sentido, quienes asistieron, realizaron un &#8220;Taller de Redacci\u00f3n&#8221; y recibieron, tambi\u00e9n, un material con &#8220;algunas recomendaciones para el uso del lenguaje incluyente&#8221;, que servir\u00e1 de soporte para la elaboraci\u00f3n de materiales de prensa y comunicaci\u00f3n en cada regional. Quienes participaron acordaron la importancia, tambi\u00e9n, de generar pol\u00edticas de articulaci\u00f3n con medios de comunicaci\u00f3n y periodistas en cada una de las regiones, con <a href=\"https:\/\/www.atecordoba.org\/archivos\/12203\">encuentros similares al realizado el lunes pasado en la sede del CDP<\/a>.<\/p>\n\n\n\n<p>&#8220;Estos encuentros de trabajo entre compa\u00f1eros y compa\u00f1eras de las \u00e1reas de prensa de toda la provincia se realizar\u00e1n peri\u00f3dicamente para fortalecer la estrategia comunicacional de ATE como sujeto pol\u00edtico y gremial de todo C\u00f3rdoba&#8221;, informaron desde el CDP.<\/p>\n","protected":false},"excerpt":{"rendered":"<p>La Secretar\u00eda de Prensa del Consejo Directivo (CDP) de ATE C\u00f3rdoba convoc\u00f3 a las \u00e1reas de comunicaci\u00f3n de toda la provincia a trabajar en conjunto. Este martes 18 de febrero se realiz\u00f3 el 1\u00ba Encuentro Provincial de las Secretar\u00edas de Prensa y Comunicaci\u00f3n de las Regionales de ATE de la Provincia de C\u00f3rdoba. Del Encuentro [&hellip;]<\/p>\n","protected":false},"author":1,"featured_media":19220,"comment_status":"open","ping_status":"open","sticky":true,"template":"","format":"standard","meta":{"_exactmetrics_skip_tracking":false,"_exactmetrics_sitenote_active":false,"_exactmetrics_sitenote_note":"","_exactmetrics_sitenote_category":0,"jnews-multi-image_gallery":[],"jnews_single_post":[],"jnews_primary_category":[],"jnews_social_meta":[],"jnews_review":[],"enable_review":"","type":"","name":"","summary":"","brand":"","sku":"","good":[],"bad":[],"score_override":"","override_value":"","rating":[],"price":[],"jnews_override_counter":[],"jnews_post_split":[],"footnotes":""},"categories":[1],"tags":[],"class_list":["post-12282","post","type-post","status-publish","format-standard","has-post-thumbnail","hentry","category-sin-categoria"],"jetpack_featured_media_url":"https:\/\/atecordoba.org\/wp-content\/uploads\/2020\/05\/logo-nuevochico-e1561581322808.png","_links":{"self":[{"href":"https:\/\/atecordoba.org\/index.php?rest_route=\/wp\/v2\/posts\/12282","targetHints":{"allow":["GET"]}}],"collection":[{"href":"https:\/\/atecordoba.org\/index.php?rest_route=\/wp\/v2\/posts"}],"about":[{"href":"https:\/\/atecordoba.org\/index.php?rest_route=\/wp\/v2\/types\/post"}],"author":[{"embeddable":true,"href":"https:\/\/atecordoba.org\/index.php?rest_route=\/wp\/v2\/users\/1"}],"replies":[{"embeddable":true,"href":"https:\/\/atecordoba.org\/index.php?rest_route=%2Fwp%2Fv2%2Fcomments&post=12282"}],"version-history":[{"count":1,"href":"https:\/\/atecordoba.org\/index.php?rest_route=\/wp\/v2\/posts\/12282\/revisions"}],"predecessor-version":[{"id":18661,"href":"https:\/\/atecordoba.org\/index.php?rest_route=\/wp\/v2\/posts\/12282\/revisions\/18661"}],"wp:featuredmedia":[{"embeddable":true,"href":"https:\/\/atecordoba.org\/index.php?rest_route=\/wp\/v2\/media\/19220"}],"wp:attachment":[{"href":"https:\/\/atecordoba.org\/index.php?rest_route=%2Fwp%2Fv2%2Fmedia&parent=12282"}],"wp:term":[{"taxonomy":"category","embeddable":true,"href":"https:\/\/atecordoba.org\/index.php?rest_route=%2Fwp%2Fv2%2Fcategories&post=12282"},{"taxonomy":"post_tag","embeddable":true,"href":"https:\/\/atecordoba.org\/index.php?rest_route=%2Fwp%2Fv2%2Ftags&post=12282"}],"curies":[{"name":"wp","href":"https:\/\/api.w.org\/{rel}","templated":true}]}}