{"id":12277,"date":"2020-02-18T09:44:17","date_gmt":"2020-02-18T12:44:17","guid":{"rendered":"https:\/\/www.atecordoba.org\/?p=12277"},"modified":"2020-05-05T09:10:10","modified_gmt":"2020-05-05T12:10:10","slug":"ate-se-diferencia-de-otros-gremios-y-avala-clausula-gatillo","status":"publish","type":"post","link":"https:\/\/atecordoba.org\/?p=12277","title":{"rendered":"ATE se diferencia de otros gremios y avala cl\u00e1usula gatillo"},"content":{"rendered":"\n<p><em>El titular de la Asociaci\u00f3n Trabajadores del Estado, Hugo Godoy, dijo: &#8220;No rechazo esa f\u00f3rmula como m\u00e9todo v\u00e1lido para preservar los salarios&#8221;.&nbsp;<\/em><\/p>\n\n\n\n<figure class=\"wp-block-image size-large\"><img decoding=\"async\" src=\"http:\/\/atecordoba.org\/wp-content\/uploads\/2020\/05\/18-02-Hugo-Godoy.jpg\" alt=\"\" class=\"wp-image-12278\"\/><\/figure>\n\n\n\n<p>El secretario general de la Asociaci\u00f3n Trabajadores del Estado (ATE), Hugo Godoy, se diferenci\u00f3 este lunes de otros sindicalistas y aval\u00f3 la &#8220;cl\u00e1usula gatillo&#8221; en el marco de las negociaciones paritarias.<\/p>\n\n\n\n<p>En di\u00e1logo con Cadena 3, Godoy expres\u00f3: &#8220;No la rechazo como m\u00e9todo v\u00e1lido del derecho de los trabajadores a preservar sus ingresos salariales&#8221;.<br> De esa manera, el gremialista de los estatales tom\u00f3 distancia con respecto a la posici\u00f3n de sus pares Hugo Yasky, de la CTA de los Trabajadores, y de Hugo Moyano, el l\u00edder camionero, quienes se mostraron a favor de negociar sumas fijas, en vez de actualizar los sueldos en relaci\u00f3n con la inflaci\u00f3n.<\/p>\n\n\n\n<p>&#8220;Est\u00e1 demostrado que a la inflaci\u00f3n no la genera la evoluci\u00f3n de los salarios. El \u00faltimo a\u00f1o, \u00e9stos perdieron entre un 15 y 20 por ciento y, en el caso de los estatales, un 25 por ciento de la capacidad de ingreso&#8221;, afirm\u00f3.<\/p>\n\n\n\n<p>&#8220;Aun con servicios congelados, naftas con incrementos limitados y d\u00f3lar planchado, los precios siguen aumentando. Eso demuestra que la espiral inflacionaria no la generan los salarios, sino las especulaciones de unas 200 empresas, que bien podr\u00edan ser controladas por el Estado, pero no hay pol\u00edticas activas al respecto&#8221;, a\u00f1adi\u00f3.<\/p>\n\n\n\n<p><strong>Entrevista de &#8220;Informados, al regreso&#8221;. Cadena 3.<\/strong><\/p>\n","protected":false},"excerpt":{"rendered":"<p>El titular de la Asociaci\u00f3n Trabajadores del Estado, Hugo Godoy, dijo: &#8220;No rechazo esa f\u00f3rmula como m\u00e9todo v\u00e1lido para preservar los salarios&#8221;.&nbsp; El secretario general de la Asociaci\u00f3n Trabajadores del Estado (ATE), Hugo Godoy, se diferenci\u00f3 este lunes de otros sindicalistas y aval\u00f3 la &#8220;cl\u00e1usula gatillo&#8221; en el marco de las negociaciones paritarias. En di\u00e1logo [&hellip;]<\/p>\n","protected":false},"author":1,"featured_media":19220,"comment_status":"open","ping_status":"open","sticky":true,"template":"","format":"standard","meta":{"_exactmetrics_skip_tracking":false,"_exactmetrics_sitenote_active":false,"_exactmetrics_sitenote_note":"","_exactmetrics_sitenote_category":0,"jnews-multi-image_gallery":[],"jnews_single_post":[],"jnews_primary_category":[],"jnews_social_meta":[],"jnews_review":[],"enable_review":"","type":"","name":"","summary":"","brand":"","sku":"","good":[],"bad":[],"score_override":"","override_value":"","rating":[],"price":[],"jnews_override_counter":[],"jnews_post_split":[],"footnotes":""},"categories":[1],"tags":[],"class_list":["post-12277","post","type-post","status-publish","format-standard","has-post-thumbnail","hentry","category-sin-categoria"],"jetpack_featured_media_url":"https:\/\/atecordoba.org\/wp-content\/uploads\/2020\/05\/logo-nuevochico-e1561581322808.png","_links":{"self":[{"href":"https:\/\/atecordoba.org\/index.php?rest_route=\/wp\/v2\/posts\/12277","targetHints":{"allow":["GET"]}}],"collection":[{"href":"https:\/\/atecordoba.org\/index.php?rest_route=\/wp\/v2\/posts"}],"about":[{"href":"https:\/\/atecordoba.org\/index.php?rest_route=\/wp\/v2\/types\/post"}],"author":[{"embeddable":true,"href":"https:\/\/atecordoba.org\/index.php?rest_route=\/wp\/v2\/users\/1"}],"replies":[{"embeddable":true,"href":"https:\/\/atecordoba.org\/index.php?rest_route=%2Fwp%2Fv2%2Fcomments&post=12277"}],"version-history":[{"count":2,"href":"https:\/\/atecordoba.org\/index.php?rest_route=\/wp\/v2\/posts\/12277\/revisions"}],"predecessor-version":[{"id":18710,"href":"https:\/\/atecordoba.org\/index.php?rest_route=\/wp\/v2\/posts\/12277\/revisions\/18710"}],"wp:featuredmedia":[{"embeddable":true,"href":"https:\/\/atecordoba.org\/index.php?rest_route=\/wp\/v2\/media\/19220"}],"wp:attachment":[{"href":"https:\/\/atecordoba.org\/index.php?rest_route=%2Fwp%2Fv2%2Fmedia&parent=12277"}],"wp:term":[{"taxonomy":"category","embeddable":true,"href":"https:\/\/atecordoba.org\/index.php?rest_route=%2Fwp%2Fv2%2Fcategories&post=12277"},{"taxonomy":"post_tag","embeddable":true,"href":"https:\/\/atecordoba.org\/index.php?rest_route=%2Fwp%2Fv2%2Ftags&post=12277"}],"curies":[{"name":"wp","href":"https:\/\/api.w.org\/{rel}","templated":true}]}}