{"id":12272,"date":"2020-02-17T12:48:55","date_gmt":"2020-02-17T15:48:55","guid":{"rendered":"https:\/\/www.atecordoba.org\/?p=12272"},"modified":"2020-05-05T09:10:12","modified_gmt":"2020-05-05T12:10:12","slug":"queremos-ser-parte-de-las-decisiones-que-se-tomen-en-la-fabrica-militar-de-ahora-en-adelante","status":"publish","type":"post","link":"https:\/\/atecordoba.org\/?p=12272","title":{"rendered":"&#8220;Queremos ser parte de las decisiones que se tomen en la F\u00e1brica Militar de ahora en adelante&#8221;"},"content":{"rendered":"\n<p><em>Juan Baz\u00e1n y David Salto, de la F\u00e1brica Militar de R\u00edo Tercero, expresaron la preocupaci\u00f3n de los trabajadores del sector ante la falta de designaci\u00f3n del nuevo directorio de Fabricaciones Militares (FM). &#8220;Estamos en una zona gris&#8221;, advirtieron y solicitaron un Director Obrero para &#8220;ser parte de las decisiones&#8221;.<\/em><\/p>\n\n\n\n<figure class=\"wp-block-image size-large\"><img decoding=\"async\" src=\"http:\/\/atecordoba.org\/wp-content\/uploads\/2020\/05\/Juan-Baz\u00e1n-David-Salto-fm-1024x576.jpg\" alt=\"\" class=\"wp-image-12274\"\/><figcaption> <em>Juan Baz\u00e1n (izquierda) y\u00a0David Salto (derecha), advirtieron &#8220;estamos trabajando con lo que tenemos, como se puede&#8221;.<\/em><\/figcaption><\/figure>\n\n\n\n<p>Juan Baz\u00e1n y&nbsp;David Salto se desempe\u00f1an como&nbsp;Secretario de Organizaci\u00f3n y Secretario Gremial de ATE R\u00edo Tercero. Ambos, son trabajadores de la F\u00e1brica Militar desde hace 17 y 9 a\u00f1\u00f1os, respectivamente. Baz\u00e1n, en el \u00e1rea de&nbsp;Mantenimiento de Producci\u00f3n Qu\u00edmica; Salto en Producci\u00f3n Metalmec\u00e1nica, puntualmente en la divisi\u00f3n de armamento. Ambos manifestaron la preocupaci\u00f3n ante la falta de recursos humanos, de insumos, repuestos y de mantenimiento de las plantas. &#8220;Con el cambio de Gobierno, nos encontramos con que las expectaivas de reactivaci\u00f3n no est\u00e1n a la altura, en el sentido de que los tiempos de ellos no son los tiempos nuestros, de nuestra urgencia&#8221;, expres\u00f3 Salto.<\/p>\n\n\n\n<p><strong>\u00bfCu\u00e1l es la situaci\u00f3n de la F\u00e1brica Militar de R\u00edo Tercero<\/strong><\/p>\n\n\n\n<p><em>Juan Baz\u00e1n (JB):\u00a0<\/em>Estamos en una zona gris en la que el nuevo gobierno a\u00fan no ha nombrado las autoridades espec\u00edficas para la nuestra F\u00e1brica en particular, pero tampoco para ning\u00fan establecimiento del complejo industrial militar del Estado nacional. Han circulado algunos nombres, pero nada oficial. Y ello se agrava cuando vemos que las autoridades designadas por el otro gobierno contin\u00faan sentadas en sus puestos pero sin tomar ninguna resoluci\u00f3n.<\/p>\n\n\n\n<p><strong>\u00bfHa habido alguna reactivaci\u00f3n en la \u00f3rbita productiva?<\/strong><\/p>\n\n\n\n<p><em>JB:<\/em>&nbsp;Seguimos igual, en el mismo camino del macrismo, lamentablemente. Tenemos el problema de la falta de recursos humanos a raiz de los despidos; seguimos con el problema de repuestos para poner en funcionamiento cierto equipamiento ya que no hay qui\u00e9n decida la compra de los mismos. Estamos trabajando con lo que tenemos, como se puede.<\/p>\n\n\n\n<p><strong>\u00bfQu\u00e9 se oye desde las autoridades pol\u00edticas a nivel nacional?<\/strong><\/p>\n\n\n\n<p><em>JB:&nbsp;<\/em>Se oye poco y nada. Se ha nombrado al Ministro de Defensa, a algunos funcionarios y asesores dependientes de \u00e9l, pero no mucho m\u00e1s. No hay definiciones nuevas. Ese es el gran apuro que tenemos los trabajadores para saber qui\u00e9n nos conduce y hacia d\u00f3nde vamos.<\/p>\n\n\n\n<p><em>David Salto (DS):<\/em>&nbsp;Lo que hay son solo rumores tras la designaci\u00f3n del Ministro Rossi y de la ex Diputada Castro de San Juan en Ciencia y Tecnolog\u00eda del Ministerio (de donde dependen las Fabricaciones MIlitares).<\/p>\n\n\n\n<p>En lo que tiene que ver con los mandos intermedios de la Sociedad del Estado (figura que cre\u00f3 el macrismo para Fabricaciones Militares), se ha ido uno de los directores de la anterior gesti\u00f3n, Fernando Esperanza, pero a\u00fan quedan Seraf\u00edn y Casal. Al estar en transici\u00f3n, estos funcionarios saben que se van, y por ello no toman decisiones. Por eso estamos en un parate.<\/p>\n\n\n\n<p>Del 2015 en adelante, hubo una caida de la facturaci\u00f3n a partir de la baja de convenios de trabajo que ten\u00edamos con distintas empresas y organismos. Ello hace que se justificaran los despidos y dem\u00e1s.<\/p>\n\n\n\n<p><strong>\u00bfQu\u00e9 perspectivas hay?<\/strong><\/p>\n\n\n\n<p><em>DS:&nbsp;<\/em>Con el cambio de Gobierno, nos encontramos con que las expectaivas de reactivaci\u00f3n no est\u00e1n a la altura, en el sentido de que los tiempos de ellos no son los tiempos nuestros, de nuestra urgencia.<\/p>\n\n\n\n<p>Estamos manteniendo la producci\u00f3n &#8220;a pulm\u00f3n&#8221;, por as\u00ed decirlo, gracias al esfuerzo de los trabajadores. Tenemos falta de insumos, de personal, de mantenimiento de las m\u00e1quinas y la infraestructura; trabajamos como se puede. Hemos tenido&nbsp;200 bajas en total durante el macrismo: 100 despedidos y 100 jubilados a las que llamamos &#8220;bajas&#8221; porque son puestos que no se han recuperado.&nbsp;<\/p>\n\n\n\n<p>Que hay perspectivas de reactivar la producci\u00f3n, s\u00ed. Se est\u00e1 hablando con el Ministro de Transporte para recuperar la producci\u00f3n de vagones; se est\u00e1 hablando de recuperar clientes en las plantas qu\u00edmicas. Pero ah\u00ed viene el problema de por qu\u00e9 necesitamos las nuevas autoridades: no pod\u00e9s hablar de reactivaci\u00f3n productiva si no conoc\u00e9s el estado en que se encuentran las plantas. Como venimos hasta ahora, podremos producir un a\u00f1o, dos m\u00e1s, a lo sumo. Pero si quisieras reactivar a largo plazo, necesit\u00e1s una inversi\u00f3n fuerte, recuperar todo lo destruido y reci\u00e9n ah\u00ed hablar de producci\u00f3n.<\/p>\n\n\n\n<p><strong>\u00bfHay nuevas acciones gremiales previstas?<\/strong><\/p>\n\n\n\n<p><em>DS:\u00a0<\/em>Nos encontramos en un estado de Asamblea Permanente y de Alerta y Movilizaci\u00f3n, y eso no se di\u00f3 e baja. Pasa que nos estamos manejando en Plenarios de Fabricaciones Militares a nivel nacional y desde ah\u00ed diagramando medidas de fuerza si esto no se reactiva.<\/p>\n\n\n\n<p>El Presidente de la Naci\u00f3n pidi\u00f3 plazo hasta marzo para hacer un relevamiento general de c\u00f3mo est\u00e1 el Estado y de ah\u00ed empezar a trabajar. Advertimos que esa fecha se acerca y no pasa nada. Parece que Fabricaciones Militares qued\u00f3 relegado: ya han designado responsable en R\u00edo Turbio a An\u00edbal Fern\u00e1ndez, a Mirta Iriondo en FADEA -ambas buenas noticias-, pero en FM no pasa nada. Y, llegado el momento, puede llegarse a tomar medidas de fuerza para impulsar la reactivaci\u00f3n.<\/p>\n\n\n\n<p>En ese sentido, queda pendiente un Plenario Nacional de Fabricaciones Militares, el \u00faltimo fue hace 20 d\u00edas. Ah\u00ed la intenci\u00f3n es continuar planteando que queremos hablar de la producci\u00f3n pero, fundamentalmente tambi\u00e9n, del proyecto pol\u00edtico de FM. Si se va a crear un directorio para una Sociedad del Estado, nosotros queremos nuestro Director Obrero, que sea la voz de los trabajadores a la hora de tomar decisiones. Todo sea para sumar en beneficio de FM, hablando del largo plazo.<\/p>\n\n\n\n<p><em>JB:<\/em>&nbsp;No queremos estar mirando, queremos ser parte de las decisiones que se tomen en la F\u00e1brica Militar de ahora en adelante porque hemos venido sufriendo las consecuencias de los &#8220;paracaidistas pol\u00edticos&#8221;, de gente que no conoce designada en altos mandos.<\/p>\n","protected":false},"excerpt":{"rendered":"<p>Juan Baz\u00e1n y David Salto, de la F\u00e1brica Militar de R\u00edo Tercero, expresaron la preocupaci\u00f3n de los trabajadores del sector ante la falta de designaci\u00f3n del nuevo directorio de Fabricaciones Militares (FM). &#8220;Estamos en una zona gris&#8221;, advirtieron y solicitaron un Director Obrero para &#8220;ser parte de las decisiones&#8221;. Juan Baz\u00e1n y&nbsp;David Salto se desempe\u00f1an [&hellip;]<\/p>\n","protected":false},"author":1,"featured_media":19220,"comment_status":"open","ping_status":"open","sticky":true,"template":"","format":"standard","meta":{"_exactmetrics_skip_tracking":false,"_exactmetrics_sitenote_active":false,"_exactmetrics_sitenote_note":"","_exactmetrics_sitenote_category":0,"jnews-multi-image_gallery":[],"jnews_single_post":[],"jnews_primary_category":[],"jnews_social_meta":[],"jnews_review":[],"enable_review":"","type":"","name":"","summary":"","brand":"","sku":"","good":[],"bad":[],"score_override":"","override_value":"","rating":[],"price":[],"jnews_override_counter":[],"jnews_post_split":[],"footnotes":""},"categories":[1],"tags":[],"class_list":["post-12272","post","type-post","status-publish","format-standard","has-post-thumbnail","hentry","category-sin-categoria"],"jetpack_featured_media_url":"https:\/\/atecordoba.org\/wp-content\/uploads\/2020\/05\/logo-nuevochico-e1561581322808.png","_links":{"self":[{"href":"https:\/\/atecordoba.org\/index.php?rest_route=\/wp\/v2\/posts\/12272","targetHints":{"allow":["GET"]}}],"collection":[{"href":"https:\/\/atecordoba.org\/index.php?rest_route=\/wp\/v2\/posts"}],"about":[{"href":"https:\/\/atecordoba.org\/index.php?rest_route=\/wp\/v2\/types\/post"}],"author":[{"embeddable":true,"href":"https:\/\/atecordoba.org\/index.php?rest_route=\/wp\/v2\/users\/1"}],"replies":[{"embeddable":true,"href":"https:\/\/atecordoba.org\/index.php?rest_route=%2Fwp%2Fv2%2Fcomments&post=12272"}],"version-history":[{"count":2,"href":"https:\/\/atecordoba.org\/index.php?rest_route=\/wp\/v2\/posts\/12272\/revisions"}],"predecessor-version":[{"id":18712,"href":"https:\/\/atecordoba.org\/index.php?rest_route=\/wp\/v2\/posts\/12272\/revisions\/18712"}],"wp:featuredmedia":[{"embeddable":true,"href":"https:\/\/atecordoba.org\/index.php?rest_route=\/wp\/v2\/media\/19220"}],"wp:attachment":[{"href":"https:\/\/atecordoba.org\/index.php?rest_route=%2Fwp%2Fv2%2Fmedia&parent=12272"}],"wp:term":[{"taxonomy":"category","embeddable":true,"href":"https:\/\/atecordoba.org\/index.php?rest_route=%2Fwp%2Fv2%2Fcategories&post=12272"},{"taxonomy":"post_tag","embeddable":true,"href":"https:\/\/atecordoba.org\/index.php?rest_route=%2Fwp%2Fv2%2Ftags&post=12272"}],"curies":[{"name":"wp","href":"https:\/\/api.w.org\/{rel}","templated":true}]}}