{"id":1227,"date":"2010-05-06T16:28:17","date_gmt":"2010-05-06T19:28:17","guid":{"rendered":"http:\/\/www.atecordoba.org\/?p=1227"},"modified":"2010-05-06T16:28:17","modified_gmt":"2010-05-06T19:28:17","slug":"ate-reclama-compromiso-del-estado-con-el-turismo-social","status":"publish","type":"post","link":"https:\/\/atecordoba.org\/?p=1227","title":{"rendered":"ATE reclama compromiso del Estado con el turismo social"},"content":{"rendered":"<p style=\"text-align: center;\"><img loading=\"lazy\" decoding=\"async\" class=\"aligncenter  wp-image-1229\" title=\"arton37\" src=\"http:\/\/www.atecordoba.org\/wp-content\/uploads\/2012\/07\/arton37.jpg\" alt=\"\" width=\"512\" height=\"384\" \/><\/p>\n<div>\n<div dir=\"ltr\">\n<p><strong>Los trabajadores realizaron un relevamiento en los hoteles del Complejo Tur\u00edstico de Embalse donde demuestran el grado de abandono del lugar. En una asamblea analizaron la situaci\u00f3n y reclamaron el pase a planta permanente de los compa\u00f1eros contratados y elementos de trabajo.<\/strong><\/p>\n<\/div>\n<\/div>\n<div>\n<div dir=\"ltr\">\n<p>(C\u00f3rdoba, 6-5-2010)<\/p>\n<p>La conducci\u00f3n de la seccional R\u00edo Tercero de ATE, encabezada por Cristian Colman y con la presencia de Lu\u00eds Barcena desde la secretaria de Interior del CDP, mantuvo una reuni\u00f3n con los trabajadores del complejo tur\u00edstico Embalse con el objetivo de consolidar el trabajo de nuestro gremio en el sector.<\/p>\n<p>En la oportunidad los compa\u00f1eros denunciaron el asombroso grado de deterioro en que se encuentran los hoteles que fundara juan Domingo Per\u00f3n pra que trabajadores y jubilados puedan disfrutar de vacaciones junto a sus familias.<\/p>\n<p>En la actualidad, los compa\u00f1eros denuncian que hace cuatro a\u00f1os que no reciben ropa de trabajo y que el Estado no ha invertido lo indispensable para que el complejo funcione con normalidad.<\/p>\n<p>&#8220;Estamos preocupados por el estado del complejo y queremos comunicarles a las autoridades municipales, provinciales y nacionales que deseamos un futuro mejor para este lugar de turismo social. Por eso pedimos que nos apoyen en este reclamo que s\u00f3lo pretende que vuelva a ser lo que hist\u00f3ricamente fue conjuntamente con Chapadmalal en la provincia de Buenos Aires. El turismo social es un sentimiento para nostros y todos sabemos a quien va dirigido: a los trabajadores&#8221;, reza un comunicado emitido por los trabajadores tras la asamblea.<\/p>\n<p>&#8220;Si al UTE no funciona, no funciona el pueblo. luchemos entre todos para que Embalse no seas un pueblo fantasma y no se convierta al resto de los hoteles en toro hotel n\u00ba5&#8221;, agrega el comunicado.<\/p>\n<p>Los trabajadores achacan el abandono del lugar al consecionario que terceriz\u00f3 la adminsitraci\u00f3n del complejo.<\/p>\n<p>Tambi\u00e9n se plante\u00f3 en la asamblea el pase a plata de los trabajadores contratados y que se cubran las vacantes en el sector, tal como lo establece el SINEP (Sistema Nacional de Empleo p\u00fablico)<\/p>\n<p>Por \u00faltimo, los trabajadores reclamaron ropa y elementos de seguridad &#8220;ya que hace tres a\u00f1os que no recibimos nada&#8221;, aseguraron.<\/p>\n<\/div>\n<\/div>\n","protected":false},"excerpt":{"rendered":"<p>Los trabajadores realizaron un relevamiento en los hoteles del Complejo Tur\u00edstico de Embalse donde demuestran el grado de abandono del lugar. En una asamblea analizaron la situaci\u00f3n y reclamaron el pase a planta permanente de los compa\u00f1eros contratados y elementos de trabajo. (C\u00f3rdoba, 6-5-2010) La conducci\u00f3n de la seccional R\u00edo Tercero de ATE, encabezada por [&hellip;]<\/p>\n","protected":false},"author":1,"featured_media":19220,"comment_status":"open","ping_status":"open","sticky":false,"template":"","format":"standard","meta":{"_exactmetrics_skip_tracking":false,"_exactmetrics_sitenote_active":false,"_exactmetrics_sitenote_note":"","_exactmetrics_sitenote_category":0,"jnews-multi-image_gallery":[],"jnews_single_post":[],"jnews_primary_category":[],"jnews_social_meta":[],"jnews_review":[],"enable_review":"","type":"","name":"","summary":"","brand":"","sku":"","good":[],"bad":[],"score_override":"","override_value":"","rating":[],"price":[],"jnews_override_counter":[],"jnews_post_split":[],"footnotes":""},"categories":[18],"tags":[26,29,11],"class_list":["post-1227","post","type-post","status-publish","format-standard","has-post-thumbnail","hentry","category-nacionales","tag-ate","tag-nacionales-2","tag-noticias-2"],"jetpack_featured_media_url":"https:\/\/atecordoba.org\/wp-content\/uploads\/2020\/05\/logo-nuevochico-e1561581322808.png","_links":{"self":[{"href":"https:\/\/atecordoba.org\/index.php?rest_route=\/wp\/v2\/posts\/1227","targetHints":{"allow":["GET"]}}],"collection":[{"href":"https:\/\/atecordoba.org\/index.php?rest_route=\/wp\/v2\/posts"}],"about":[{"href":"https:\/\/atecordoba.org\/index.php?rest_route=\/wp\/v2\/types\/post"}],"author":[{"embeddable":true,"href":"https:\/\/atecordoba.org\/index.php?rest_route=\/wp\/v2\/users\/1"}],"replies":[{"embeddable":true,"href":"https:\/\/atecordoba.org\/index.php?rest_route=%2Fwp%2Fv2%2Fcomments&post=1227"}],"version-history":[{"count":0,"href":"https:\/\/atecordoba.org\/index.php?rest_route=\/wp\/v2\/posts\/1227\/revisions"}],"wp:featuredmedia":[{"embeddable":true,"href":"https:\/\/atecordoba.org\/index.php?rest_route=\/wp\/v2\/media\/19220"}],"wp:attachment":[{"href":"https:\/\/atecordoba.org\/index.php?rest_route=%2Fwp%2Fv2%2Fmedia&parent=1227"}],"wp:term":[{"taxonomy":"category","embeddable":true,"href":"https:\/\/atecordoba.org\/index.php?rest_route=%2Fwp%2Fv2%2Fcategories&post=1227"},{"taxonomy":"post_tag","embeddable":true,"href":"https:\/\/atecordoba.org\/index.php?rest_route=%2Fwp%2Fv2%2Ftags&post=1227"}],"curies":[{"name":"wp","href":"https:\/\/api.w.org\/{rel}","templated":true}]}}