{"id":12255,"date":"2020-02-14T13:04:25","date_gmt":"2020-02-14T16:04:25","guid":{"rendered":"https:\/\/www.atecordoba.org\/?p=12255"},"modified":"2020-05-05T09:10:19","modified_gmt":"2020-05-05T12:10:19","slug":"fructifera-audiencia-en-jesus-maria","status":"publish","type":"post","link":"https:\/\/atecordoba.org\/?p=12255","title":{"rendered":"Fruct\u00edfera audiencia en Jes\u00fas Mar\u00eda"},"content":{"rendered":"\n<p>Este viernes 14 de febrero, Edith Innamorato secretaria de interior, Estela Corzo pro secretaria gremial, junto a Lizette Acosta miembro tambi\u00e9n del Consejo Directivo Provincial de ATE C\u00f3rdoba, mantuvieron una audiencia en el municipio de Jes\u00fas Mar\u00eda con la Jefa de Recursos Humanos Betina La Rosa.<\/p>\n\n\n\n<figure class=\"wp-block-image size-large\"><img decoding=\"async\" src=\"http:\/\/atecordoba.org\/wp-content\/uploads\/2020\/05\/86390591_218192019320640_1436080666843283456_n.jpg\" alt=\"\" class=\"wp-image-12258\"\/><\/figure>\n\n\n\n<p>Con la presencia del delegado en Gendarmer\u00eda de Jes\u00fas Mar\u00eda Tony Iribarren y de los delegados \u00a0normalizadores de ATE en la municipalidad Florencio Encina, Pablo Saavedra y Francisco Centeno, \u00a0se plantearon algunas cuestiones sumamente urgentes e imprescindibles para el bienestar de las y los trabajadores. Entre los puntos tratados se destaca la resoluci\u00f3n a que La Rosa se comprometi\u00f3 a aplicar desde el pr\u00f3ximo mes, el c\u00f3digo de descuentos para las y los afiliados; tambi\u00e9n la representante del ejecutivo municipal facilitar\u00e1 en breve el padr\u00f3n del personal para poder convocarlos a las elecciones de delegados y delegadas que pr\u00f3ximamente se realizar\u00e1, invitando a todas y todos los municipales a votar en las urnas que se ubicar\u00e1n en diferentes dependencias municipales.<\/p>\n\n\n\n<p>A su vez Innamorato expres\u00f3: \u201creclamamos que se debe trabajar en renovar la carrera administrativa del personal, haciendo factible que todas y todos los trabajadores puedan acceder a un llamado de concursos, no s\u00f3lo para lograr estabilidad sino tambi\u00e9n para ocupar espacios jer\u00e1rquicos, a lo cual la Jefa de Recursos Humanos nos coment\u00f3 que la gesti\u00f3n est\u00e1 trabajando en modificar estas cuestiones as\u00ed como en la capacitaci\u00f3n del personal que sea universal y no seleccionada a dedo la lista de quienes participan de estas instancias\u201d.<\/p>\n\n\n\n<figure class=\"wp-block-image size-large\"><img decoding=\"async\" src=\"http:\/\/atecordoba.org\/wp-content\/uploads\/2020\/05\/86498081_211329579914357_5059592352247578624_n.jpg\" alt=\"\" class=\"wp-image-12257\"\/><\/figure>\n","protected":false},"excerpt":{"rendered":"<p>Este viernes 14 de febrero, Edith Innamorato secretaria de interior, Estela Corzo pro secretaria gremial, junto a Lizette Acosta miembro tambi\u00e9n del Consejo Directivo Provincial de ATE C\u00f3rdoba, mantuvieron una audiencia en el municipio de Jes\u00fas Mar\u00eda con la Jefa de Recursos Humanos Betina La Rosa. Con la presencia del delegado en Gendarmer\u00eda de Jes\u00fas [&hellip;]<\/p>\n","protected":false},"author":1,"featured_media":19220,"comment_status":"open","ping_status":"open","sticky":true,"template":"","format":"standard","meta":{"_exactmetrics_skip_tracking":false,"_exactmetrics_sitenote_active":false,"_exactmetrics_sitenote_note":"","_exactmetrics_sitenote_category":0,"jnews-multi-image_gallery":[],"jnews_single_post":[],"jnews_primary_category":[],"jnews_social_meta":[],"jnews_review":[],"enable_review":"","type":"","name":"","summary":"","brand":"","sku":"","good":[],"bad":[],"score_override":"","override_value":"","rating":[],"price":[],"jnews_override_counter":[],"jnews_post_split":[],"footnotes":""},"categories":[1],"tags":[],"class_list":["post-12255","post","type-post","status-publish","format-standard","has-post-thumbnail","hentry","category-sin-categoria"],"jetpack_featured_media_url":"https:\/\/atecordoba.org\/wp-content\/uploads\/2020\/05\/logo-nuevochico-e1561581322808.png","_links":{"self":[{"href":"https:\/\/atecordoba.org\/index.php?rest_route=\/wp\/v2\/posts\/12255","targetHints":{"allow":["GET"]}}],"collection":[{"href":"https:\/\/atecordoba.org\/index.php?rest_route=\/wp\/v2\/posts"}],"about":[{"href":"https:\/\/atecordoba.org\/index.php?rest_route=\/wp\/v2\/types\/post"}],"author":[{"embeddable":true,"href":"https:\/\/atecordoba.org\/index.php?rest_route=\/wp\/v2\/users\/1"}],"replies":[{"embeddable":true,"href":"https:\/\/atecordoba.org\/index.php?rest_route=%2Fwp%2Fv2%2Fcomments&post=12255"}],"version-history":[{"count":2,"href":"https:\/\/atecordoba.org\/index.php?rest_route=\/wp\/v2\/posts\/12255\/revisions"}],"predecessor-version":[{"id":18718,"href":"https:\/\/atecordoba.org\/index.php?rest_route=\/wp\/v2\/posts\/12255\/revisions\/18718"}],"wp:featuredmedia":[{"embeddable":true,"href":"https:\/\/atecordoba.org\/index.php?rest_route=\/wp\/v2\/media\/19220"}],"wp:attachment":[{"href":"https:\/\/atecordoba.org\/index.php?rest_route=%2Fwp%2Fv2%2Fmedia&parent=12255"}],"wp:term":[{"taxonomy":"category","embeddable":true,"href":"https:\/\/atecordoba.org\/index.php?rest_route=%2Fwp%2Fv2%2Fcategories&post=12255"},{"taxonomy":"post_tag","embeddable":true,"href":"https:\/\/atecordoba.org\/index.php?rest_route=%2Fwp%2Fv2%2Ftags&post=12255"}],"curies":[{"name":"wp","href":"https:\/\/api.w.org\/{rel}","templated":true}]}}