{"id":12231,"date":"2020-02-13T14:40:41","date_gmt":"2020-02-13T17:40:41","guid":{"rendered":"https:\/\/www.atecordoba.org\/?p=12231"},"modified":"2020-05-05T09:10:20","modified_gmt":"2020-05-05T12:10:20","slug":"jornada-provincial-de-lucha-por-la-reincorporacion-de-despedidas-y-despedidos-en-la-era-macri","status":"publish","type":"post","link":"https:\/\/atecordoba.org\/?p=12231","title":{"rendered":"Jornada Provincial de Lucha por la reincorporaci\u00f3n de despedidas y despedidos en la era Macri"},"content":{"rendered":"\n<p><em>Este jueves 13 de febrero, se llev\u00f3 adelante una Jornada Provincial de lucha en los diferentes organismos nacionales con sede en la Provincia de C\u00f3rdoba, que despidieron trabajadores y trabajadoras durante el ajuste macrista.<\/em><\/p>\n\n\n\n<p>Adelant\u00e1ndonos\nal Decreto Nacional 132\/20 -al cual nos oponemos ya que el mismo frena las\nreincorporaciones por 180 d\u00edas-, la semana pasada la CORREDMA (Comisi\u00f3n de Relevamiento\ny Reincorporaci\u00f3n de Despedidxs en la era Macri) conformada por -y parte de-\nATE (Asociaci\u00f3n de Trabajadores del Estado), defini\u00f3 realizar estas\nintervenciones con el fin de visibilizar la situaci\u00f3n de quienes perdieron su\nfuente laboral y las implicancias que esto tiene para la sociedad. La intenci\u00f3n\nera visibilizar la labor de las y los estatales como garantes de derechos para\nel conjunto de la sociedad.<\/p>\n\n\n\n<p><strong>Las acciones en C\u00f3rdoba<\/strong><\/p>\n\n\n\n<figure class=\"wp-block-gallery columns-3 is-cropped wp-block-gallery-1 is-layout-flex wp-block-gallery-is-layout-flex\"><ul class=\"blocks-gallery-grid\"><li class=\"blocks-gallery-item\"><figure><img decoding=\"async\" src=\"http:\/\/atecordoba.org\/wp-content\/uploads\/2020\/05\/WhatsApp-Image-2020-02-13-at-12.48.01-1024x768.jpg\" alt=\"\" data-id=\"12232\" data-full-url=\"https:\/\/www.atecordoba.org\/wp-content\/uploads\/2020\/02\/WhatsApp-Image-2020-02-13-at-12.48.01.jpeg\" data-link=\"https:\/\/www.atecordoba.org\/?attachment_id=12232\" class=\"wp-image-12232\"\/><\/figure><\/li><li class=\"blocks-gallery-item\"><figure><img decoding=\"async\" src=\"http:\/\/atecordoba.org\/wp-content\/uploads\/2020\/05\/WhatsApp-Image-2020-02-13-at-12.48.02-1-1024x767.jpg\" alt=\"\" data-id=\"12233\" data-full-url=\"https:\/\/www.atecordoba.org\/wp-content\/uploads\/2020\/02\/WhatsApp-Image-2020-02-13-at-12.48.02-1.jpeg\" data-link=\"https:\/\/www.atecordoba.org\/?attachment_id=12233\" class=\"wp-image-12233\"\/><\/figure><\/li><li class=\"blocks-gallery-item\"><figure><img decoding=\"async\" src=\"http:\/\/atecordoba.org\/wp-content\/uploads\/2020\/05\/WhatsApp-Image-2020-02-13-at-12.48.02-1024x767.jpg\" alt=\"\" data-id=\"12234\" data-full-url=\"https:\/\/www.atecordoba.org\/wp-content\/uploads\/2020\/02\/WhatsApp-Image-2020-02-13-at-12.48.02.jpeg\" data-link=\"https:\/\/www.atecordoba.org\/?attachment_id=12234\" class=\"wp-image-12234\"\/><\/figure><\/li><\/ul><\/figure>\n\n\n\n<p>En la ciudad de C\u00f3rdoba se realiz\u00f3 desde las 9 horas un corte de calle al ingreso de FadeA para exigir la inmediata reincorporaci\u00f3n de los m\u00e1s de 200 despidos: m\u00e1s a\u00fan ahora que la F\u00e1brica de Aviones \u00fanica en nuestro pa\u00eds y segunda en importancia en Latinoam\u00e9rica, ampli\u00f3 su mercado. <\/p>\n\n\n\n<figure class=\"wp-block-audio\"><audio controls src=\"https:\/\/www.atecordoba.org\/wp-content\/uploads\/2020\/02\/WhatsApp-Audio-2020-02-13-at-14.06.01.ogg\"><\/audio><figcaption>Eva C\u00e1ceres, despedida de FaDeA, evaluando la medida e informando sobre continuidad del plan de lucha.<\/figcaption><\/figure>\n\n\n\n<p>Con la medida en desarrollo, Federico Giuliani, Secretario General del Consejo Directivo Provincial (CDP) de ATE C\u00f3rdoba, fue convocado a una audiencia con el Gerente de Recursos Humanos de FaDeA, Guillermo Cuello (quien ocupa este lugar desde 2016). De la reuni\u00f3n participaron tambi\u00e9n Eva C\u00e1ceres y&nbsp; Mariano Fourcade, despedidxs de Fadea y Agust\u00edn Bertone miembro del CDP de ATE. En la ocasi\u00f3n, Cuello inform\u00f3 que Mirta Iriondo, directora de la F\u00e1brica, mantendr\u00e1 a principios de marzo una reuni\u00f3n con ATE Nacional.<\/p>\n\n\n\n<figure class=\"wp-block-gallery columns-2 is-cropped wp-block-gallery-2 is-layout-flex wp-block-gallery-is-layout-flex\"><ul class=\"blocks-gallery-grid\"><li class=\"blocks-gallery-item\"><figure><img decoding=\"async\" src=\"http:\/\/atecordoba.org\/wp-content\/uploads\/2020\/05\/2ad0e2f4-e3c3-4d7f-857c-af5a6ede0d64-1024x768.jpg\" alt=\"\" data-id=\"12242\" data-full-url=\"https:\/\/www.atecordoba.org\/wp-content\/uploads\/2020\/02\/2ad0e2f4-e3c3-4d7f-857c-af5a6ede0d64.jpg\" data-link=\"https:\/\/www.atecordoba.org\/?attachment_id=12242\" class=\"wp-image-12242\"\/><\/figure><\/li><li class=\"blocks-gallery-item\"><figure><img decoding=\"async\" src=\"http:\/\/atecordoba.org\/wp-content\/uploads\/2020\/05\/355268e4-db17-4fec-b4d8-d5483b042f69-1024x768.jpg\" alt=\"\" data-id=\"12243\" data-full-url=\"https:\/\/www.atecordoba.org\/wp-content\/uploads\/2020\/02\/355268e4-db17-4fec-b4d8-d5483b042f69.jpg\" data-link=\"https:\/\/www.atecordoba.org\/?attachment_id=12243\" class=\"wp-image-12243\"\/><\/figure><\/li><\/ul><\/figure>\n\n\n\n<p>Mientras tanto, el aguante afuera con bombos y quema de gomas segu\u00eda presente definiendo luego de una asamblea convocar al pr\u00f3ximo jueves 20 de febrero a una volanteada en el ingreso del organismo para continuar poniendo en agenda el reclamo.<\/p>\n\n\n\n<figure class=\"wp-block-gallery columns-3 is-cropped wp-block-gallery-3 is-layout-flex wp-block-gallery-is-layout-flex\"><ul class=\"blocks-gallery-grid\"><li class=\"blocks-gallery-item\"><figure><img decoding=\"async\" src=\"http:\/\/atecordoba.org\/wp-content\/uploads\/2020\/05\/WhatsApp-Image-2020-02-13-at-12.49.33-1024x768.jpg\" alt=\"\" data-id=\"12235\" class=\"wp-image-12235\"\/><figcaption class=\"blocks-gallery-item__caption\">Acciones en Terminal de \u00d3mnibus de C\u00f3rdoba<\/figcaption><\/figure><\/li><li class=\"blocks-gallery-item\"><figure><img decoding=\"async\" src=\"http:\/\/atecordoba.org\/wp-content\/uploads\/2020\/05\/1-4-724x1024.jpg\" alt=\"\" data-id=\"12246\" data-full-url=\"https:\/\/www.atecordoba.org\/wp-content\/uploads\/2020\/02\/1-4.jpg\" data-link=\"https:\/\/www.atecordoba.org\/?attachment_id=12246\" class=\"wp-image-12246\"\/><\/figure><\/li><li class=\"blocks-gallery-item\"><figure><img decoding=\"async\" src=\"http:\/\/atecordoba.org\/wp-content\/uploads\/2020\/05\/2-1-724x1024.jpg\" alt=\"\" data-id=\"12247\" data-full-url=\"https:\/\/www.atecordoba.org\/wp-content\/uploads\/2020\/02\/2-1.jpg\" data-link=\"https:\/\/www.atecordoba.org\/?attachment_id=12247\" class=\"wp-image-12247\"\/><\/figure><\/li><\/ul><\/figure>\n\n\n\n<p>Tambi\u00e9n en horas de la ma\u00f1ana en la Terminal de \u00d3mnibus de la ciudad de C\u00f3rdoba, se realiz\u00f3 una volanteada de los despedidos\/as por la Comisi\u00f3n Nacional de Regulaci\u00f3n del Transporten (CNRT). Quienes fueron dejadxs sin trabajo fueron acompa\u00f1adxs por una representaci\u00f3n del CDP de ATE compuesta por Mar\u00eda Sotti, C\u00e9sar Theaux y Estela Corzo. <\/p>\n\n\n\n<figure class=\"wp-block-gallery columns-2 is-cropped wp-block-gallery-4 is-layout-flex wp-block-gallery-is-layout-flex\"><ul class=\"blocks-gallery-grid\"><li class=\"blocks-gallery-item\"><figure><img decoding=\"async\" src=\"http:\/\/atecordoba.org\/wp-content\/uploads\/2020\/05\/WhatsApp-Image-2020-02-13-at-12.48.36-1024x768.jpg\" alt=\"\" data-id=\"12236\" class=\"wp-image-12236\"\/><figcaption class=\"blocks-gallery-item__caption\">Transmisi\u00f3n en vivo de Clase P\u00fablica desde el Consejo Directivo Provincial de ATE.<\/figcaption><\/figure><\/li><li class=\"blocks-gallery-item\"><figure><img decoding=\"async\" src=\"http:\/\/atecordoba.org\/wp-content\/uploads\/2020\/05\/2-2-1024x1024.jpg\" alt=\"\" data-id=\"12248\" data-full-url=\"https:\/\/www.atecordoba.org\/wp-content\/uploads\/2020\/02\/2-2.jpg\" data-link=\"https:\/\/www.atecordoba.org\/?attachment_id=12248\" class=\"wp-image-12248\"\/><\/figure><\/li><\/ul><\/figure>\n\n\n\n<p>En simult\u00e1neo a ambas acciones, tambi\u00e9n en la ciudad de C\u00f3rdoba, desde las 10 horas las y los despedidos de la SAF (Secretaria de Agricultura Familiar), dictaron una clase p\u00fablica en la sede de ATE (Entre R\u00edos 450) sobre soberan\u00eda alimentaria. La misma fue transmitida en vivo mediante straming en las redes sociales del CDP de ATE C\u00f3rdoba, para todo el mundo.<\/p>\n\n\n\n<figure class=\"wp-block-image size-large\"><img decoding=\"async\" src=\"http:\/\/atecordoba.org\/wp-content\/uploads\/2020\/05\/e7e28d8d-b568-4f28-bd13-8314b9525b56-1024x576.jpg\" alt=\"\" class=\"wp-image-12245\"\/><\/figure>\n\n\n\n<p>Tambi\u00e9n en la Ciudad Capital, en el ENACOM se realiz\u00f3 una Asamblea donde se decidi\u00f3 darle continuidad al reclamo por la reincorporaci\u00f3n de los compa\u00f1eros y compa\u00f1eras y acompa\u00f1ar todas las medidas que se impulsen desde el CDP al respecto.<\/p>\n\n\n\n<p><strong>Asamblea en SENASA R\u00edo\nCuarto<\/strong><\/p>\n\n\n\n<p>Rafaela Alcoba, Secretaria General de ATE Seccional R\u00edo Cuarto encabez\u00f3 junto a Pablo Irusta, Juan Mat\u00edas Giuliani, Walter \u00c1valos y H\u00e9ctor Gonz\u00e1lez, miembros de la Comisi\u00f3n Directiva regional, una asamblea en la oficina del SENASA de R\u00edo Cuarto.<\/p>\n\n\n\n<figure class=\"wp-block-gallery columns-2 is-cropped wp-block-gallery-5 is-layout-flex wp-block-gallery-is-layout-flex\"><ul class=\"blocks-gallery-grid\"><li class=\"blocks-gallery-item\"><figure><img decoding=\"async\" src=\"http:\/\/atecordoba.org\/wp-content\/uploads\/2020\/05\/WhatsApp-Image-2020-02-13-at-12.48.59-1024x768.jpg\" alt=\"\" data-id=\"12237\" data-full-url=\"https:\/\/www.atecordoba.org\/wp-content\/uploads\/2020\/02\/WhatsApp-Image-2020-02-13-at-12.48.59.jpeg\" data-link=\"https:\/\/www.atecordoba.org\/?attachment_id=12237\" class=\"wp-image-12237\"\/><\/figure><\/li><li class=\"blocks-gallery-item\"><figure><img decoding=\"async\" src=\"http:\/\/atecordoba.org\/wp-content\/uploads\/2020\/05\/WhatsApp-Image-2020-02-13-at-12.49.00-1024x768.jpg\" alt=\"\" data-id=\"12238\" data-full-url=\"https:\/\/www.atecordoba.org\/wp-content\/uploads\/2020\/02\/WhatsApp-Image-2020-02-13-at-12.49.00.jpeg\" data-link=\"https:\/\/www.atecordoba.org\/?attachment_id=12238\" class=\"wp-image-12238\"\/><\/figure><\/li><\/ul><\/figure>\n\n\n\n<p>Si\nbien en la provincia lxs despedidxs del organismo lograron ser reincorporadxs,\nes preocupante la situaci\u00f3n que atraviesan: quienes tienen la funci\u00f3n de\ngarantizar la calidad de los alimentos que las y los cordobeses consumimos, se\nencuentran sin las herramientas para trabajar, el desguace del sector de la\nmano del anterior gobierno que quit\u00f3 funciones y la intervenci\u00f3n estatal en una\nzona tan sensible, siguen sin resoluci\u00f3n.<\/p>\n\n\n\n<p><strong>Fabricaciones Militares de\nVilla Mar\u00eda y R\u00edo Tercero<\/strong><\/p>\n\n\n\n<figure class=\"wp-block-gallery columns-2 is-cropped wp-block-gallery-6 is-layout-flex wp-block-gallery-is-layout-flex\"><ul class=\"blocks-gallery-grid\"><li class=\"blocks-gallery-item\"><figure><img decoding=\"async\" src=\"http:\/\/atecordoba.org\/wp-content\/uploads\/2020\/05\/WhatsApp-Image-2020-02-13-at-12.48.14-1-1024x736.jpg\" alt=\"\" data-id=\"12239\" data-full-url=\"https:\/\/www.atecordoba.org\/wp-content\/uploads\/2020\/02\/WhatsApp-Image-2020-02-13-at-12.48.14-1.jpeg\" data-link=\"https:\/\/www.atecordoba.org\/?attachment_id=12239\" class=\"wp-image-12239\"\/><\/figure><\/li><li class=\"blocks-gallery-item\"><figure><img decoding=\"async\" src=\"http:\/\/atecordoba.org\/wp-content\/uploads\/2020\/05\/WhatsApp-Image-2020-02-13-at-12.48.14-1024x525.jpg\" alt=\"\" data-id=\"12240\" data-full-url=\"https:\/\/www.atecordoba.org\/wp-content\/uploads\/2020\/02\/WhatsApp-Image-2020-02-13-at-12.48.14.jpeg\" data-link=\"https:\/\/www.atecordoba.org\/?attachment_id=12240\" class=\"wp-image-12240\"\/><\/figure><\/li><\/ul><figcaption class=\"blocks-gallery-caption\">Asamblea en la F\u00e1brica Militar de R\u00edo Tercero<\/figcaption><\/figure>\n\n\n\n<p>En la localidad de R\u00edo Tercero, ATE desarroll\u00f3 una asamblea dentro de la F\u00e1brica Militar. La misma fue muy golpeada por las pol\u00edticas neoliberales del macrismo que no solo despidi\u00f3 a cien compa\u00f1erxs sino que, ya con el nuevo gobierno, la preocupaci\u00f3n radica en la situaci\u00f3n de los sectores que no tienen designaciones de directorio ni presupuestarias y ni mucho menos novedades sobre las reincorporaciones de trabajadorxs despedidxs por Macri.<\/p>\n\n\n\n<p>Mientras tanto, en Villa Mar\u00eda, el Secretario General de ATE, Fernando Mercado, junto a Jorge Heredia, brindaron detalles a los medios: \u201cmanifestamos nuestra preocupaci\u00f3n por la acefal\u00eda existente en la c\u00fapula de la Sociedad del Estado que comanda las industrias castrenses, entre ellas, la F\u00e1brica Militar de Villa Mar\u00eda, lo que provoca una virtual paralizaci\u00f3n del sector. La verdad es que estos dos personajes que todav\u00eda quedan en el Directorio -Ricardo Casal, el ex interventor de la gesti\u00f3n de Mauricio Macri, y Edgardo Seraf\u00edn, general retirado- no hacen nada, no firman nada. Para nosotros eso es muy grave y por eso le preguntar\u00eda al Gobierno actual por qu\u00e9 siguen ah\u00ed, cu\u00e1l es la idea de dejarlos dos meses m\u00e1s\u201d, dijo Jorge Heredia. <\/p>\n\n\n\n<figure class=\"wp-block-gallery columns-1 is-cropped wp-block-gallery-7 is-layout-flex wp-block-gallery-is-layout-flex\"><ul class=\"blocks-gallery-grid\"><li class=\"blocks-gallery-item\"><figure><img decoding=\"async\" src=\"http:\/\/atecordoba.org\/wp-content\/uploads\/2020\/05\/WhatsApp-Image-2020-02-13-at-12.49.13-1024x498.jpg\" alt=\"\" data-id=\"12241\" data-full-url=\"https:\/\/www.atecordoba.org\/wp-content\/uploads\/2020\/02\/WhatsApp-Image-2020-02-13-at-12.49.13.jpeg\" data-link=\"https:\/\/www.atecordoba.org\/?attachment_id=12241\" class=\"wp-image-12241\"\/><\/figure><\/li><\/ul><figcaption class=\"blocks-gallery-caption\">Declaraciones a los medios en Villa Mar\u00eda<\/figcaption><\/figure>\n\n\n\n<p>Algunas\ncuestiones urgentes en la F\u00e1brica de Villa Mar\u00eda es que se debe reparar la\npileta de tratamiento de efluentes de residuos industriales que va a colapsar. Esta\nfalta de definiciones, preocupa al gremio que espera la reactivaci\u00f3n de la\nF\u00e1brica con la reincorporaci\u00f3n de los despedidos.<\/p>\n","protected":false},"excerpt":{"rendered":"<p>Este jueves 13 de febrero, se llev\u00f3 adelante una Jornada Provincial de lucha en los diferentes organismos nacionales con sede en la Provincia de C\u00f3rdoba, que despidieron trabajadores y trabajadoras durante el ajuste macrista. Adelant\u00e1ndonos al Decreto Nacional 132\/20 -al cual nos oponemos ya que el mismo frena las reincorporaciones por 180 d\u00edas-, la semana [&hellip;]<\/p>\n","protected":false},"author":1,"featured_media":19220,"comment_status":"open","ping_status":"open","sticky":true,"template":"","format":"standard","meta":{"_exactmetrics_skip_tracking":false,"_exactmetrics_sitenote_active":false,"_exactmetrics_sitenote_note":"","_exactmetrics_sitenote_category":0,"jnews-multi-image_gallery":[],"jnews_single_post":[],"jnews_primary_category":[],"jnews_social_meta":[],"jnews_review":[],"enable_review":"","type":"","name":"","summary":"","brand":"","sku":"","good":[],"bad":[],"score_override":"","override_value":"","rating":[],"price":[],"jnews_override_counter":[],"jnews_post_split":[],"footnotes":""},"categories":[1],"tags":[],"class_list":["post-12231","post","type-post","status-publish","format-standard","has-post-thumbnail","hentry","category-sin-categoria"],"jetpack_featured_media_url":"https:\/\/atecordoba.org\/wp-content\/uploads\/2020\/05\/logo-nuevochico-e1561581322808.png","_links":{"self":[{"href":"https:\/\/atecordoba.org\/index.php?rest_route=\/wp\/v2\/posts\/12231","targetHints":{"allow":["GET"]}}],"collection":[{"href":"https:\/\/atecordoba.org\/index.php?rest_route=\/wp\/v2\/posts"}],"about":[{"href":"https:\/\/atecordoba.org\/index.php?rest_route=\/wp\/v2\/types\/post"}],"author":[{"embeddable":true,"href":"https:\/\/atecordoba.org\/index.php?rest_route=\/wp\/v2\/users\/1"}],"replies":[{"embeddable":true,"href":"https:\/\/atecordoba.org\/index.php?rest_route=%2Fwp%2Fv2%2Fcomments&post=12231"}],"version-history":[{"count":1,"href":"https:\/\/atecordoba.org\/index.php?rest_route=\/wp\/v2\/posts\/12231\/revisions"}],"predecessor-version":[{"id":18735,"href":"https:\/\/atecordoba.org\/index.php?rest_route=\/wp\/v2\/posts\/12231\/revisions\/18735"}],"wp:featuredmedia":[{"embeddable":true,"href":"https:\/\/atecordoba.org\/index.php?rest_route=\/wp\/v2\/media\/19220"}],"wp:attachment":[{"href":"https:\/\/atecordoba.org\/index.php?rest_route=%2Fwp%2Fv2%2Fmedia&parent=12231"}],"wp:term":[{"taxonomy":"category","embeddable":true,"href":"https:\/\/atecordoba.org\/index.php?rest_route=%2Fwp%2Fv2%2Fcategories&post=12231"},{"taxonomy":"post_tag","embeddable":true,"href":"https:\/\/atecordoba.org\/index.php?rest_route=%2Fwp%2Fv2%2Ftags&post=12231"}],"curies":[{"name":"wp","href":"https:\/\/api.w.org\/{rel}","templated":true}]}}