{"id":12227,"date":"2020-02-13T10:00:26","date_gmt":"2020-02-13T13:00:26","guid":{"rendered":"https:\/\/www.atecordoba.org\/?p=12227"},"modified":"2020-05-05T09:10:46","modified_gmt":"2020-05-05T12:10:46","slug":"multitudinaria-marcha-en-cordoba-contra-el-fmi-y-por-el-no-pago-de-la-deuda-externa","status":"publish","type":"post","link":"https:\/\/atecordoba.org\/?p=12227","title":{"rendered":"Multitudinaria marcha en C\u00f3rdoba contra el FMI y por el no pago de la Deuda Externa"},"content":{"rendered":"\n<p>Este mi\u00e9rcoles, en el marco de la Jornada Nacional de Lucha contra la  misi\u00f3n en Argentina del Fondo Monetario Internacional y por el no pago  de la Deuda Externa, hubo una gran movilizaci\u00f3n en C\u00f3rdoba de la que  particip\u00f3 la CTA Aut\u00f3noma de la provincia.<\/p>\n\n\n\n<figure class=\"wp-block-image size-large\"><img decoding=\"async\" src=\"http:\/\/atecordoba.org\/wp-content\/uploads\/2020\/05\/86273372_1527645924054977_4942179160534548480_n-300x169-1.jpg\" alt=\"\" class=\"wp-image-12228\"\/><\/figure>\n\n\n\n<figure class=\"wp-block-image size-large\"><img decoding=\"async\" src=\"http:\/\/atecordoba.org\/wp-content\/uploads\/2020\/05\/multimedia.normal.b7ec1b2b7fee01c1.436f6d756e612047656e6572616c20466f74676572696e6768616d5f6e6f726d616c2e6a7067-1.jpg\" alt=\"\" class=\"wp-image-12229\"\/><\/figure>\n\n\n\n<p>\u201cParticipamos como CTA Aut\u00f3noma junto a nuestra Federaci\u00f3n Nacional  Territorial (FeNaT-CTA) de la impresionante movilizaci\u00f3n en contra de la  visita del FMI y exigiendo la investigaci\u00f3n y auditor\u00eda de los  mecanismos financieros que gener\u00f3 el Macrismo. Auditor\u00eda ya de la Deuda  ileg\u00edtima, ilegal, fraudulenta e inmoral. La Deuda es con el pueblo\u201d,  afirm\u00f3 Federico Giuliani, Secretario General de ATE y la CTA-A C\u00f3rdoba.<\/p>\n\n\n\n<p>\u201cLa CTA-A, junto a decenas de organizaciones sociales de la ciudad de\n C\u00f3rdoba, realizamos una marcha hist\u00f3rica, multitudinaria, para decirle \nal FMI que el pueblo en lucha no est\u00e1 dispuesto a legitimar la usura y \nel saqueo\u201d, agreg\u00f3.<\/p>\n\n\n\n<p><\/p>\n\n\n\n<p>\u201cDeclaramos fervientemente que los funcionarios responsables de la  estafa deber\u00e1n pagar con c\u00e1rcel el crimen del hambre y que no  descansaremos hasta verlos tras la rejas. Vamos\u00a0a luchar hasta que todo sea como lo so\u00f1amos\u201d, redonde\u00f3 Fede Giuliani.<\/p>\n\n\n\n<p>La Marcha en rechazo a la pol\u00edtica del FMI parti\u00f3 de Col\u00f3n y General \nPaz.&nbsp;La columna se moviliz\u00f3 hacia la zona de Boulevar San Juan y Avenida\n V\u00e9lez S\u00e1rsfield, donde los manifestantes leyeron un documento.<\/p>\n\n\n\n<p>\u201cAl FMI ni un peso mientras haya hambre y pobreza en la Argentina\u201d,  dijeron los organizadores.\u00a0La CTA Aut\u00f3noma tambi\u00e9n particip\u00f3 de la  manifestaci\u00f3n y pidi\u00f3 la \u201csuspensi\u00f3n del pago, investigaci\u00f3n y auditor\u00eda  de la deuda\u201d.<\/p>\n\n\n\n<p>Silvia Alcoba, indic\u00f3 que \u201cdebe revisarse por qu\u00e9 se lleg\u00f3 a esta \nlamentable situaci\u00f3n con el aval de muchos sectores pol\u00edticos que \naprobaron el endeudamiento con el FMI de manera totalmente irregular y \ncastigando a los sectores m\u00e1s vulnerables de nuestro pueblo\u201d.<\/p>\n\n\n\n<p>\u201cLa Deuda Externa solo puede pagarle en base al ajuste a los  trabajadores y sectores populares. Por eso mismo la Deuda no debe  pagarse. Desde la FeNaT-CTA sostenemos que la \u00fanica Deuda es con el  pueblo\u201d, sentenci\u00f3.<\/p>\n\n\n\n<p>Para Giuliani, \u201cla Deuda Externa solo trae penurias para nuestro \npueblo, es un intento m\u00e1s para colonizarnos. Es una Deuda Odiosa, ilegal\n e ileg\u00edtima\u201d.<\/p>\n\n\n\n<p>\u201cDesde la Central de Trabajadores planteamos la investigaci\u00f3n de la  deuda, la suspensi\u00f3n del pago. Porque no se puede pagar una deuda que el  pueblo nunca contrajo. Es una pol\u00edtica de soberan\u00eda contra cualquier  intento de colonizarnos\u201d, enfatiz\u00f3.<\/p>\n\n\n\n<p>\u201cEl FMI es c\u00f3mplice\u201d, agreg\u00f3 Alcoba. \u201cLos d\u00f3lares prestados fueron a \nparar a la timba financiera, por eso mismo hay que suspender los pagos y\n encargarse de honrar la deuda interna que es inmensa y que no puede \nesperar\u201d.<\/p>\n\n\n\n<p>\u201cLa situaci\u00f3n en los barrios populares es en muchos casos dram\u00e1tica.  El hambre y la pobreza hacen estragos. Desde nuestros merenderos y  comedores comunitarios intentamos poner freno a esta indignidad y  garantizar al menos un plato de comida diaria a nuestros compa\u00f1eros y  compa\u00f1eras\u201d, concluy\u00f3.<\/p>\n\n\n\n<p>Fuente Agencia CTAA C\u00f3rdoba<\/p>\n","protected":false},"excerpt":{"rendered":"<p>Este mi\u00e9rcoles, en el marco de la Jornada Nacional de Lucha contra la misi\u00f3n en Argentina del Fondo Monetario Internacional y por el no pago de la Deuda Externa, hubo una gran movilizaci\u00f3n en C\u00f3rdoba de la que particip\u00f3 la CTA Aut\u00f3noma de la provincia. \u201cParticipamos como CTA Aut\u00f3noma junto a nuestra Federaci\u00f3n Nacional Territorial [&hellip;]<\/p>\n","protected":false},"author":1,"featured_media":19220,"comment_status":"open","ping_status":"open","sticky":true,"template":"","format":"standard","meta":{"_exactmetrics_skip_tracking":false,"_exactmetrics_sitenote_active":false,"_exactmetrics_sitenote_note":"","_exactmetrics_sitenote_category":0,"jnews-multi-image_gallery":[],"jnews_single_post":[],"jnews_primary_category":[],"jnews_social_meta":[],"jnews_review":[],"enable_review":"","type":"","name":"","summary":"","brand":"","sku":"","good":[],"bad":[],"score_override":"","override_value":"","rating":[],"price":[],"jnews_override_counter":[],"jnews_post_split":[],"footnotes":""},"categories":[1],"tags":[],"class_list":["post-12227","post","type-post","status-publish","format-standard","has-post-thumbnail","hentry","category-sin-categoria"],"jetpack_featured_media_url":"https:\/\/atecordoba.org\/wp-content\/uploads\/2020\/05\/logo-nuevochico-e1561581322808.png","_links":{"self":[{"href":"https:\/\/atecordoba.org\/index.php?rest_route=\/wp\/v2\/posts\/12227","targetHints":{"allow":["GET"]}}],"collection":[{"href":"https:\/\/atecordoba.org\/index.php?rest_route=\/wp\/v2\/posts"}],"about":[{"href":"https:\/\/atecordoba.org\/index.php?rest_route=\/wp\/v2\/types\/post"}],"author":[{"embeddable":true,"href":"https:\/\/atecordoba.org\/index.php?rest_route=\/wp\/v2\/users\/1"}],"replies":[{"embeddable":true,"href":"https:\/\/atecordoba.org\/index.php?rest_route=%2Fwp%2Fv2%2Fcomments&post=12227"}],"version-history":[{"count":1,"href":"https:\/\/atecordoba.org\/index.php?rest_route=\/wp\/v2\/posts\/12227\/revisions"}],"predecessor-version":[{"id":18738,"href":"https:\/\/atecordoba.org\/index.php?rest_route=\/wp\/v2\/posts\/12227\/revisions\/18738"}],"wp:featuredmedia":[{"embeddable":true,"href":"https:\/\/atecordoba.org\/index.php?rest_route=\/wp\/v2\/media\/19220"}],"wp:attachment":[{"href":"https:\/\/atecordoba.org\/index.php?rest_route=%2Fwp%2Fv2%2Fmedia&parent=12227"}],"wp:term":[{"taxonomy":"category","embeddable":true,"href":"https:\/\/atecordoba.org\/index.php?rest_route=%2Fwp%2Fv2%2Fcategories&post=12227"},{"taxonomy":"post_tag","embeddable":true,"href":"https:\/\/atecordoba.org\/index.php?rest_route=%2Fwp%2Fv2%2Ftags&post=12227"}],"curies":[{"name":"wp","href":"https:\/\/api.w.org\/{rel}","templated":true}]}}