{"id":12224,"date":"2020-02-13T09:18:20","date_gmt":"2020-02-13T12:18:20","guid":{"rendered":"https:\/\/www.atecordoba.org\/?p=12224"},"modified":"2020-05-05T09:10:47","modified_gmt":"2020-05-05T12:10:47","slug":"denuncian-que-existe-una-persecucion-politica-gremial-y-personal-en-la-comuna-de-fotheringham","status":"publish","type":"post","link":"https:\/\/atecordoba.org\/?p=12224","title":{"rendered":"Denuncian que existe una \u201cpersecuci\u00f3n pol\u00edtica, gremial y personal\u201d en la Comuna de Fotheringham"},"content":{"rendered":"\n<p> <em>Lo se\u00f1al\u00f3 el gremio de ATE que nuclea a trabajadoras de la Comuna de  General Fotheringham. Desde el sindicato denuncian que el presidente de  la misma \u201cpretende inventar causas\u201d, como as\u00ed tambi\u00e9n las \u201cextorsiona  para que firmen su renuncia a la planta permanente y acepten un contrato  basura y precario por tres meses\u201d.<\/em> <\/p>\n\n\n\n<figure class=\"wp-block-image size-large\"><img decoding=\"async\" src=\"http:\/\/atecordoba.org\/wp-content\/uploads\/2020\/05\/multimedia.normal.b7ec1b2b7fee01c1.436f6d756e612047656e6572616c20466f74676572696e6768616d5f6e6f726d616c2e6a7067.jpg\" alt=\"\" class=\"wp-image-12225\"\/><\/figure>\n\n\n\n<p>As\u00ed lo se\u00f1ala el gremio de la Asociaci\u00f3n Trabajadores del Estado \n(ATE-CTA), tras una reuni\u00f3n realizada en la sede de esa organizaci\u00f3n en \nC\u00f3rdoba.<\/p>\n\n\n\n<p>En el comunicado, publicado en la p\u00e1gina de&nbsp;<strong><a href=\"https:\/\/www.facebook.com\/ateprensario3\/\" target=\"_blank\" rel=\"noreferrer noopener\">Facebook de ATE R\u00edo Tercero,<\/a>&nbsp;<\/strong>se\n indica que la reuni\u00f3n con el secretario del Consejo Directivo \nProvincial, Federico Giuliani, que mantuvieron las trabajadoras, se \nprodujo en el contexto<em>&nbsp;\u201cde los procesos de sumarios que inici\u00f3 el \nJefe Comunal Mario Moreno, lo que demuestra claramente la persecuci\u00f3n \npol\u00edtica , gremial y personal que est\u00e1 llevando adelante\u201d.<\/em><\/p>\n\n\n\n<p>\u201cMario Moreno se equivoca si cree que por haber sido elegido \ndemocr\u00e1ticamente por el voto popular puede manejarse como un patr\u00f3n de \nestancia due\u00f1o de la comuna a la cual la est\u00e1 transformando en una PyME \nfamiliar, pretende inventar causas contra nuestras compa\u00f1eras, c\u00f3mo as\u00ed \ntambi\u00e9n las extorsiona para que firmen su renuncia a la planta \npermanente y acepten un contrato basura y precario por tres meses\u201d, \nmanifest\u00f3 Dami\u00e1n Albornoz, secretario General de ATE R\u00edo Tercero.<\/p>\n\n\n\n<p>Se indica:&nbsp;<em>\u201cVamos a ir hasta las \u00faltimas consecuencias para \nfrenar este atropello y que nuestras compa\u00f1eras sean reinstaladas en sus\n puestos de trabajos\u201d.<\/em><\/p>\n\n\n\n<p>Moreno (Cambiemos), que preside la comuna, asumi\u00f3 en diciembre, luego\n de haberse impuesto sobre quien ocupaba ese cargo, el justicialista \nDaniel Stobbia.<\/p>\n\n\n\n<p><strong>Fuente: www.3rionoticias.com.ar<\/strong><\/p>\n","protected":false},"excerpt":{"rendered":"<p>Lo se\u00f1al\u00f3 el gremio de ATE que nuclea a trabajadoras de la Comuna de General Fotheringham. Desde el sindicato denuncian que el presidente de la misma \u201cpretende inventar causas\u201d, como as\u00ed tambi\u00e9n las \u201cextorsiona para que firmen su renuncia a la planta permanente y acepten un contrato basura y precario por tres meses\u201d. As\u00ed lo [&hellip;]<\/p>\n","protected":false},"author":1,"featured_media":19220,"comment_status":"open","ping_status":"open","sticky":true,"template":"","format":"standard","meta":{"_exactmetrics_skip_tracking":false,"_exactmetrics_sitenote_active":false,"_exactmetrics_sitenote_note":"","_exactmetrics_sitenote_category":0,"jnews-multi-image_gallery":[],"jnews_single_post":[],"jnews_primary_category":[],"jnews_social_meta":[],"jnews_review":[],"enable_review":"","type":"","name":"","summary":"","brand":"","sku":"","good":[],"bad":[],"score_override":"","override_value":"","rating":[],"price":[],"jnews_override_counter":[],"jnews_post_split":[],"footnotes":""},"categories":[1],"tags":[],"class_list":["post-12224","post","type-post","status-publish","format-standard","has-post-thumbnail","hentry","category-sin-categoria"],"jetpack_featured_media_url":"https:\/\/atecordoba.org\/wp-content\/uploads\/2020\/05\/logo-nuevochico-e1561581322808.png","_links":{"self":[{"href":"https:\/\/atecordoba.org\/index.php?rest_route=\/wp\/v2\/posts\/12224","targetHints":{"allow":["GET"]}}],"collection":[{"href":"https:\/\/atecordoba.org\/index.php?rest_route=\/wp\/v2\/posts"}],"about":[{"href":"https:\/\/atecordoba.org\/index.php?rest_route=\/wp\/v2\/types\/post"}],"author":[{"embeddable":true,"href":"https:\/\/atecordoba.org\/index.php?rest_route=\/wp\/v2\/users\/1"}],"replies":[{"embeddable":true,"href":"https:\/\/atecordoba.org\/index.php?rest_route=%2Fwp%2Fv2%2Fcomments&post=12224"}],"version-history":[{"count":1,"href":"https:\/\/atecordoba.org\/index.php?rest_route=\/wp\/v2\/posts\/12224\/revisions"}],"predecessor-version":[{"id":18740,"href":"https:\/\/atecordoba.org\/index.php?rest_route=\/wp\/v2\/posts\/12224\/revisions\/18740"}],"wp:featuredmedia":[{"embeddable":true,"href":"https:\/\/atecordoba.org\/index.php?rest_route=\/wp\/v2\/media\/19220"}],"wp:attachment":[{"href":"https:\/\/atecordoba.org\/index.php?rest_route=%2Fwp%2Fv2%2Fmedia&parent=12224"}],"wp:term":[{"taxonomy":"category","embeddable":true,"href":"https:\/\/atecordoba.org\/index.php?rest_route=%2Fwp%2Fv2%2Fcategories&post=12224"},{"taxonomy":"post_tag","embeddable":true,"href":"https:\/\/atecordoba.org\/index.php?rest_route=%2Fwp%2Fv2%2Ftags&post=12224"}],"curies":[{"name":"wp","href":"https:\/\/api.w.org\/{rel}","templated":true}]}}