{"id":12220,"date":"2020-02-12T16:07:36","date_gmt":"2020-02-12T19:07:36","guid":{"rendered":"https:\/\/www.atecordoba.org\/?p=12220"},"modified":"2020-05-05T09:10:48","modified_gmt":"2020-05-05T12:10:48","slug":"ate-logro-la-reinstalacion-de-tres-trabajadoras-en-la-senaf","status":"publish","type":"post","link":"https:\/\/atecordoba.org\/?p=12220","title":{"rendered":"ATE logr\u00f3 la reinstalaci\u00f3n de tres trabajadoras en la SENAF"},"content":{"rendered":"\n<figure class=\"wp-block-image size-large\"><img decoding=\"async\" src=\"http:\/\/atecordoba.org\/wp-content\/uploads\/2020\/05\/IMG-20200212-WA0030-1-1024x498.jpg\" alt=\"\" class=\"wp-image-12222\"\/><\/figure>\n\n\n\n<p>El Secretario General de ATE y la CTA Aut\u00f3noma C\u00f3rdoba, Federico Giuliani, inform\u00f3 por las redes sociales que \u201cluego de diferentes gestiones que llevamos como ATE con el Gobierno Provincial, junto con mi compa\u00f1ero Secretario Adjunto, Hugo Dur\u00e1n, mantuvimos esta ma\u00f1ana una Audiencia Institucional con el Secretario de la Secretar\u00eda de Ni\u00f1ez, Adolescencia y Familia (SENAF), Jos\u00e9 Pi\u00f1ero\u201d.<\/p>\n\n\n\n<p>\u201cFue para plantear, en el marco del di\u00e1logo, la reincorporaci\u00f3n de tres compa\u00f1eras trabajadoras de ese organismo que llevan a cabo tareas en el \u00c1rea Penal Juvenil que hab\u00edan sido cesanteadas injustamente\u201d, enfatiz\u00f3.<\/p>\n\n\n\n<p>Y prosigui\u00f3: \u201cDespu\u00e9s de 2 horas de negociaciones, se lleg\u00f3 a un acuerdo siendo las compa\u00f1eras reinstaladas en sus lugares de trabajo desde el 1\u00ba de marzo. Destaco la templanza y el compromiso de las compa\u00f1eras afiliadas Andrea Finzi, Itati C\u00e1ceres y Julieta Costa\u201d.<\/p>\n\n\n\n<p>\u201cEs con organizaci\u00f3n que cambiamos la historia. Es con lucha y gesti\u00f3n gremial que se crece\u201d, termin\u00f3 el posteo de Giuliani.<\/p>\n","protected":false},"excerpt":{"rendered":"<p>El Secretario General de ATE y la CTA Aut\u00f3noma C\u00f3rdoba, Federico Giuliani, inform\u00f3 por las redes sociales que \u201cluego de diferentes gestiones que llevamos como ATE con el Gobierno Provincial, junto con mi compa\u00f1ero Secretario Adjunto, Hugo Dur\u00e1n, mantuvimos esta ma\u00f1ana una Audiencia Institucional con el Secretario de la Secretar\u00eda de Ni\u00f1ez, Adolescencia y Familia [&hellip;]<\/p>\n","protected":false},"author":1,"featured_media":19220,"comment_status":"open","ping_status":"open","sticky":true,"template":"","format":"standard","meta":{"_exactmetrics_skip_tracking":false,"_exactmetrics_sitenote_active":false,"_exactmetrics_sitenote_note":"","_exactmetrics_sitenote_category":0,"jnews-multi-image_gallery":[],"jnews_single_post":[],"jnews_primary_category":[],"jnews_social_meta":[],"jnews_review":[],"enable_review":"","type":"","name":"","summary":"","brand":"","sku":"","good":[],"bad":[],"score_override":"","override_value":"","rating":[],"price":[],"jnews_override_counter":[],"jnews_post_split":[],"footnotes":""},"categories":[1],"tags":[],"class_list":["post-12220","post","type-post","status-publish","format-standard","has-post-thumbnail","hentry","category-sin-categoria"],"jetpack_featured_media_url":"https:\/\/atecordoba.org\/wp-content\/uploads\/2020\/05\/logo-nuevochico-e1561581322808.png","_links":{"self":[{"href":"https:\/\/atecordoba.org\/index.php?rest_route=\/wp\/v2\/posts\/12220","targetHints":{"allow":["GET"]}}],"collection":[{"href":"https:\/\/atecordoba.org\/index.php?rest_route=\/wp\/v2\/posts"}],"about":[{"href":"https:\/\/atecordoba.org\/index.php?rest_route=\/wp\/v2\/types\/post"}],"author":[{"embeddable":true,"href":"https:\/\/atecordoba.org\/index.php?rest_route=\/wp\/v2\/users\/1"}],"replies":[{"embeddable":true,"href":"https:\/\/atecordoba.org\/index.php?rest_route=%2Fwp%2Fv2%2Fcomments&post=12220"}],"version-history":[{"count":1,"href":"https:\/\/atecordoba.org\/index.php?rest_route=\/wp\/v2\/posts\/12220\/revisions"}],"predecessor-version":[{"id":18743,"href":"https:\/\/atecordoba.org\/index.php?rest_route=\/wp\/v2\/posts\/12220\/revisions\/18743"}],"wp:featuredmedia":[{"embeddable":true,"href":"https:\/\/atecordoba.org\/index.php?rest_route=\/wp\/v2\/media\/19220"}],"wp:attachment":[{"href":"https:\/\/atecordoba.org\/index.php?rest_route=%2Fwp%2Fv2%2Fmedia&parent=12220"}],"wp:term":[{"taxonomy":"category","embeddable":true,"href":"https:\/\/atecordoba.org\/index.php?rest_route=%2Fwp%2Fv2%2Fcategories&post=12220"},{"taxonomy":"post_tag","embeddable":true,"href":"https:\/\/atecordoba.org\/index.php?rest_route=%2Fwp%2Fv2%2Ftags&post=12220"}],"curies":[{"name":"wp","href":"https:\/\/api.w.org\/{rel}","templated":true}]}}