{"id":12215,"date":"2020-02-11T18:34:14","date_gmt":"2020-02-11T21:34:14","guid":{"rendered":"https:\/\/www.atecordoba.org\/?p=12215"},"modified":"2020-05-05T09:10:50","modified_gmt":"2020-05-05T12:10:50","slug":"conicet-de-la-resistencia-a-la-iniciativa","status":"publish","type":"post","link":"https:\/\/atecordoba.org\/?p=12215","title":{"rendered":"CONICET: de la resistencia a la iniciativa"},"content":{"rendered":"\n<p><em>Con el cambio de Gobierno y &#8220;la lucha de estos cuatro a\u00f1os&#8221;, la discusi\u00f3n de qu\u00e9 modelo de ciencia y la concreci\u00f3n de una herramienta fundametal como el Convenio Colectivo de Trabajo de Trabajadores de Ciencia y T\u00e9cnica, parecen estar m\u00e1s cerca. Reapertura de cupos de ingreso a carrera, mejoramiento de los montos de las becas doctorales y posdoctorales, aumento del financiamiento para el sector, revinculaci\u00f3n de trabajadores del INTI, son &#8220;el mascar\u00f3n de proa&#8221; de los nuevos tiempos que se viven CONICET y las distintas Agencias Cient\u00edficas estatales.<\/em><\/p>\n\n\n\n<figure class=\"wp-block-image size-large\"><img decoding=\"async\" src=\"http:\/\/atecordoba.org\/wp-content\/uploads\/2020\/05\/1-3-1024x576.jpg\" alt=\"\" class=\"wp-image-12216\"\/><figcaption>De izquierda a derecha: Flavio Sives (ATE-CONICET Nacional), Julia Giuliani (Prensa CDP) y Lorena Capogrossi (ATE-CONICET C\u00f3rdoba)<\/figcaption><\/figure>\n\n\n\n<p>Tras reunirse con representantes del Consejo Directivo Provincial (CDP) de ATE, Flavio Sives -representante nacional de ATE CONICET- y Lorena Capogrossi -delegada de ATE CONICET C\u00f3rdoba-, explicaron que se contin\u00faa trabajando en la organizaci\u00f3n de los trabajadores de la Ciencia y la Tecnolog\u00eda en nuestra ciudad &#8220;ante un evidente cambio de etapa en el pa\u00eds&#8221;.<\/p>\n\n\n\n<p>Capogrossi plante\u00f3, en ese sentido, que &#8220;venimos de 4 a\u00f1os de golpes al sector cient\u00edfico: salarios, subsidios, posibilidad de desarrollo de algunas l\u00edneas de investigaci\u00f3n. El cambio de escenario nos obliga a replantear algunas cosas: pensamos en c\u00f3mo aportar en pol\u00edticas p\u00fablicas y no tanto en la resistencia&#8221;. Apuntalando la idea, Sives expres\u00f3 que &#8220;el sector de Ciencia y T\u00e9cnica viene siendo el mascar\u00f3n de proa de una nueva pol\u00edtica: revinculaci\u00f3n de los compa\u00f1eros y compa\u00f1eras del INTI despu\u00e9s de dos a\u00f1os de pelea; una mejora en el poder adquisitivo de los salarios y las becas; una casi duplicaci\u00f3n ingresos a carrera de investigadores (cuando en el resto del Estado los ingresos se proh\u00edben por 180 d\u00edas, seg\u00fan el decreto ejecutivo de ayer); y un aumento del financiamiento a las l\u00edneas de investigaci\u00f3n&#8221;.<\/p>\n\n\n\n<p>El sector cient\u00edfico en nuestro pa\u00eds est\u00e1 compuesto por unos 20 organismos en todo el pa\u00eds. La mayor parte de ellos son del Estado Nacional, pero hay tambi\u00e9n algunos provinciales. El m\u00e1s grande, por lejos, es el CONICET con unos 25 mil trabajadores y trabajadoras a lo largo y ancho de todo el territorio nacional. De ese n\u00famero, alrededor de 4 mil se encuentran en C\u00f3rdoba. La mitad de ellxs, son becarios doctorales y posdoctorales; de lxs restantes, la mayor\u00eda son investigadores; una parte menor son personal de apoyo -t\u00e9cnicos profesionales-; y la &#8220;pata m\u00e1s peque\u00f1a&#8221; -y precarizada ya que si bien est\u00e1n bajo convenio, tienen contratos anuales- es la del personal administrativo. Completan el panorama del sistema cient\u00edfico p\u00fablico&nbsp;otros instituto y agencias como el INTI, INTA, CONEA, CONAE, etc, que tienen como finalidad vincular los centros de desarrollo cient\u00edfico con las universidades y el sistema productivo. En C\u00f3rdoba hay de expresi\u00f3n de casi todos estos otros centros, ya que la Provincia es un polo muy importante de desarrollo productivo y de educaci\u00f3n universitaria.<\/p>\n\n\n\n<p><strong>\u00bfEn qu\u00e9 sentido son las se\u00f1ales de reactivaci\u00f3n de la ciencia y la tecnolog\u00eda en este nuevo gobierno?<\/strong><\/p>\n\n\n\n<p><strong>Flavio Sives (FS):<\/strong> Hay una relaci\u00f3n con las decisiones econ\u00f3micas del Gobierno que pretende reactivar el sistema productivo y eso se hace con el INTI y CONICET, al menos en parte. \n\nPero tambi\u00e9n se encarga a CONICET como prioridad el tema del hambre, de las enfermedades end\u00e9micas, que trabajemos en palear esos flagelos en nuestro Pa\u00eds.&nbsp;<\/p>\n\n\n\n<p>Vemos como, sin embargo, por otro lado, sectores como los de la Agricultura Familiar no son tan sencillos de recuperar porque hay actores muy grandes e importantes opuestos a la pol\u00edtica que all\u00ed se desarrolla. Esos grupos de poder son muy fuertes y por eso no hemos podido reincorporar a pr\u00e1cticamente a ning\u00fan compa\u00f1ero all\u00ed.&nbsp;Y esas son las tensiones que est\u00e1n en este gobierno: entre una agricultura intensiva, de escala y negocios y otra familiar; entre la explotaci\u00f3n de los recursos y el cuidado del ambiente. A\u00fan est\u00e1 en definiciones hacia d\u00f3nde se va. El cambio de rumbo en CONICET e INTI nos dicen que para modificar las condiciones econ\u00f3micas de Argentina, se va a a requerir de tecnolog\u00eda, pero los rumbos est\u00e1n en discusi\u00f3n. Y venimos de&nbsp;unos 4 a\u00f1os de Bara\u00f1ao que estuvieron apuntados fuertemente al trabajo con el capital concentrado. Una de las l\u00edneas m\u00e1s apuntaladas fue la biotecnolog\u00eda para entregar patentes a Grobocopatel, por ejemplo.<\/p>\n\n\n\n<p><strong>Lorena Capogrossi (LC): <\/strong>El modelo de ciencia est\u00e1 siempre en disputa. Como organizaci\u00f3n de trabajadores y trabajadoras tenemos una posici\u00f3n y es la de defender una ciencia al servicio del pueblo. Y esa es una posici\u00f3n pol\u00edtica que tiene que ver con un tipo de ciencia que queremos. Somos conscientes que esa definici\u00f3n implica mover estructuras en CONICET y ocupar espacios dentro tiene que ver, para nosotros, con luchar qu\u00e9 se eval\u00faa, qui\u00e9n eval\u00faa, cu\u00e1les son las l\u00edneas prioriarias. Y ah\u00ed se cruzan no solo cuestiones nacionales, sino organismos internacionales de evaluaci\u00f3n, l\u00edneas hist\u00f3ricas, muchos intereses.<\/p>\n\n\n\n<p><strong>FS: <\/strong>S\u00ed, en ese sentido -y solo por poner un ejemplo-, el financiamiento de la Agencia Nacional de Promoci\u00f3n de la Ciencia y la Tecnolog\u00eda, que es mediante la cual se financian los procesos de investigaci\u00f3n, toma a su vez financiamiento del BID que tuvo, por ejemplo, pa\u00edses &#8220;vedados&#8221; a los cuales no se les pod\u00eda comprar: Rusia, Vietnam, Cuba, Corea del Norte. Dar la disputa de qu\u00e9 desarrollo cient\u00edfico implica tambi\u00e9n el de la discusi\u00f3n de qu\u00e9 financiamiento, para hacer qu\u00e9, con qui\u00e9n. Por ejemplo en el centro donde trabajo, una t\u00e9cnica nuclear requiere una fuente radiactiva cuyo \u00fanico productor es Rusia y deb\u00edamos hacer una triangulaci\u00f3n v\u00eda una empresa alemana que nos facturaba extra para hacer la triangulaci\u00f3n que si hubi\u00e9semos comprando directamente podr\u00edamos haber hecho m\u00e1s barata la operaci\u00f3n.<\/p>\n\n\n\n<p>Adem\u00e1s, tenemos toda la discusi\u00f3n que deviene de la orientaci\u00f3n prioritaria del modelo hacia la ciencia aplicada, el agregado de valor, la transferencia. Tenemos un gran ejemplo que es el caso de Y-TEC, centro dependiente de YPF y de CONICET para la explotaci\u00f3n petrolera. Todo ello nos lleva a la discusi\u00f3n de hasta d\u00f3nde los desarrollos tienen que ser exclusivamente orientados hacia una explotaci\u00f3n, en el sentido m\u00e1s puro y cabal del concepto. Y ah\u00ed, por ejemplo, hay tensiones entre el ambientalismo y la discusi\u00f3n de la matriz de consumo con el paradigma extractivista. Tensiones sociales, pero tambi\u00e9n cient\u00edficas.<\/p>\n\n\n\n<p><strong>\u00bfLos funcionarios han anticipado cambios en la organizaci\u00f3n del sistema cient\u00edfico estatal?<\/strong><\/p>\n\n\n\n<p><strong>FS: <\/strong>Hemos tenido dos reuniones con Salvarezza como Ministro de Ciencia y Tecnolog\u00eda. Una como ATE, de caracter m\u00e1s pol\u00edtico -donde estuvo Cachorro Godoy- en la cual el Ministro nos plante\u00f3 la l\u00ednea de que la ciencia sea parte de un programa de desarrollo econ\u00f3mico y empleo, adem\u00e1s de aportar en el combate del hambre. Desde esa concepci\u00f3n es que nos habl\u00f3 del GATEC, que es un Gabinete de Ciencia y Tecnolog\u00eda que coordina a los organismos de Ciencia y T\u00e9cnica del Estado Nacional y que pasar\u00eda a la Jefatura de Gabinete ya que estos organismos dependen de distintos ministerios. Jugar\u00e1 un rol m\u00e1s importante en la definici\u00f3n de l\u00edneas de acci\u00f3n y desarrollo de investigaciones; y trabajar\u00e1 tambi\u00e9n, entre otras cosas, en un nomenclador com\u00fan de salarios ya que cada organismo por su historia y relaci\u00f3n de fuerza particular puede tener salarios muy distintos y, conforme a la complejidad de los proyectos a abordar, muchas veces esos trabajadores se encuentran trabajando en el mismo proyecto, pero con salarios totalmente distintos.<\/p>\n\n\n\n<p>La otra reuni\u00f3n fue como trabajadores de CONICET con la Presidenta del Organismo, Ana French, quien fuera delegada y afiliada de ATE durante mucho tiempo. Con ella la discusi\u00f3n no fue tan pol\u00edtica, sino que m\u00e1s t\u00e9cnica, sobre el Convenio Colectivo, Salarios, Situaciones de Violencia en el CONICET, Condiciones de Trabajo, Comisiones Paritarias, etc.<\/p>\n\n\n\n<p class=\"has-text-align-center\">&#8230;&#8230;&#8230;&#8230;..<\/p>\n\n\n\n<p><strong>Reivindicaciones de los trabajadores y trabajadoras<\/strong><\/p>\n\n\n\n<p>Capogrossi enunci\u00f3 que uno de los puntos principales de la agenda en C\u00f3rdoba ser\u00e1 &#8220;retomar las Asambleas en las cuales hay representantes de los institutos, donde se definen ejes y actividades. En funci\u00f3n de eso es que seguramente volveremos a retomar el trabajo sobre el Convenio Colectivo de Trabajo (CCT)&#8221;.&nbsp;<\/p>\n\n\n\n<p>Los trabajadores del CONICET tienen 4 estamentos, explic\u00f3 Sives y para sus cuestiones laborales, uno de ellos depende de un Estatuto que firm\u00f3 la dictadura de Lanusse en 1972, dos d\u00edas antes de traspasar la presidencia a C\u00e1mpora; otro, el de los administrativos, bajo un Convenio Colectivo de Trabajo, ambos en principio amparados bajo el Convenio 214 que es el general de Estado Nacional y el tercero, el de los becarios, que no son considerados trabajadores. &#8220;Lo que buscamos es que est\u00e9n todos bajo un \u00fanico CCT con sus particularidades, donde todos sean reconcidos trabajadores&#8221;, explic\u00f3 Sives. &#8220;Al ser del 72, es un Estatuto caduco, jer\u00e1rquico, elitista, verticalista y, adem\u00e1s, escueto ya que son 5 carillas donde no se comprenden much\u00edsimas situaciones que son centrales para la vida de los trabajadores y trabajadoras. Lo que han hecho los diversos directorios del CONICET es resoluciones para esas situaciones que funcionaron como parches, muchas veces contradictorios entre s\u00ed. Lo que debe hacerse es ordenar todo eso con un solo CCT general&#8221;, advirti\u00f3. &#8220;Esto de que los becarios se incorporen como trabajadores dentro de un marco de Convenio Colectivo que los contemple sirve para estar a resguardo hasta en aquellos casos de violencia que se han generado en espacios de trabajo y que, al no ser reconocidas como trabajadoras, instituciones como la Universidad se han declarado sin competencia para actuar&#8221;, puntualiz\u00f3 Capogrossi.<\/p>\n\n\n\n<p>&#8220;Con respecto al CCT, Salvarezza -quien fuera el \u00faltimo Presidente de CONICET durante el kirchnerismo- fue parte de una incipiente discusi\u00f3n que qued\u00f3 trunca por el cambio de gobierno. Habiendo reasumido, aunque ahora al frente del Ministerio, nos expres\u00f3 su voluntad de reabrir la paritaria para avanzar en todas estas cosas&#8221;, enunci\u00f3 Sives. &#8220;Y ello es muy importante no solo por la cuesti\u00f3n salarial sino porque nos dejar\u00e1 a resguardo legal de aquellos gobiernos que pretendan avanzar sobre condiciones de trabajo, como hizo el macrismo. Adem\u00e1s, podemos trabajar en las m\u00e1s variadas situaciones: bajo agua, en altura, con campos magn\u00e9ticos, expuestos a gases t\u00f3xicos, a radiaci\u00f3n, y todas esas situaciones tienen que estar contempladas en un convenio que tenga como orientaci\u00f3n la seguridad y el cuidado de sus trabajadores&#8221;, complet\u00f3.&nbsp;<\/p>\n\n\n\n<p><strong>Experiencia de lucha y organizaci\u00f3n<\/strong><\/p>\n\n\n\n<p>Capogrossi hizo especial \u00e9nfasis en &#8220;la experiencia de involucramiento de los compa\u00f1eros y compa\u00f1eras durante los \u00faltimos cuatro a\u00f1os en defensa de su trabajo, de las condiciones, de un ideal de ciencia. Ello es algo realmente muy importante para afrontar lo que sigue. Es un piso distinto: venimos de la toma del Ministerio de Ciencia y T\u00e9cnica, de salir a la calle, de mostrar lo que hacemos, de involucrarnos. Es un momento donde todo ese recorrido juega, en una nueva etapa&#8221;, concluy\u00f3.<\/p>\n","protected":false},"excerpt":{"rendered":"<p>Con el cambio de Gobierno y &#8220;la lucha de estos cuatro a\u00f1os&#8221;, la discusi\u00f3n de qu\u00e9 modelo de ciencia y la concreci\u00f3n de una herramienta fundametal como el Convenio Colectivo de Trabajo de Trabajadores de Ciencia y T\u00e9cnica, parecen estar m\u00e1s cerca. Reapertura de cupos de ingreso a carrera, mejoramiento de los montos de las [&hellip;]<\/p>\n","protected":false},"author":1,"featured_media":19220,"comment_status":"open","ping_status":"open","sticky":true,"template":"","format":"standard","meta":{"_exactmetrics_skip_tracking":false,"_exactmetrics_sitenote_active":false,"_exactmetrics_sitenote_note":"","_exactmetrics_sitenote_category":0,"jnews-multi-image_gallery":[],"jnews_single_post":[],"jnews_primary_category":[],"jnews_social_meta":[],"jnews_review":[],"enable_review":"","type":"","name":"","summary":"","brand":"","sku":"","good":[],"bad":[],"score_override":"","override_value":"","rating":[],"price":[],"jnews_override_counter":[],"jnews_post_split":[],"footnotes":""},"categories":[1],"tags":[],"class_list":["post-12215","post","type-post","status-publish","format-standard","has-post-thumbnail","hentry","category-sin-categoria"],"jetpack_featured_media_url":"https:\/\/atecordoba.org\/wp-content\/uploads\/2020\/05\/logo-nuevochico-e1561581322808.png","_links":{"self":[{"href":"https:\/\/atecordoba.org\/index.php?rest_route=\/wp\/v2\/posts\/12215","targetHints":{"allow":["GET"]}}],"collection":[{"href":"https:\/\/atecordoba.org\/index.php?rest_route=\/wp\/v2\/posts"}],"about":[{"href":"https:\/\/atecordoba.org\/index.php?rest_route=\/wp\/v2\/types\/post"}],"author":[{"embeddable":true,"href":"https:\/\/atecordoba.org\/index.php?rest_route=\/wp\/v2\/users\/1"}],"replies":[{"embeddable":true,"href":"https:\/\/atecordoba.org\/index.php?rest_route=%2Fwp%2Fv2%2Fcomments&post=12215"}],"version-history":[{"count":1,"href":"https:\/\/atecordoba.org\/index.php?rest_route=\/wp\/v2\/posts\/12215\/revisions"}],"predecessor-version":[{"id":18745,"href":"https:\/\/atecordoba.org\/index.php?rest_route=\/wp\/v2\/posts\/12215\/revisions\/18745"}],"wp:featuredmedia":[{"embeddable":true,"href":"https:\/\/atecordoba.org\/index.php?rest_route=\/wp\/v2\/media\/19220"}],"wp:attachment":[{"href":"https:\/\/atecordoba.org\/index.php?rest_route=%2Fwp%2Fv2%2Fmedia&parent=12215"}],"wp:term":[{"taxonomy":"category","embeddable":true,"href":"https:\/\/atecordoba.org\/index.php?rest_route=%2Fwp%2Fv2%2Fcategories&post=12215"},{"taxonomy":"post_tag","embeddable":true,"href":"https:\/\/atecordoba.org\/index.php?rest_route=%2Fwp%2Fv2%2Ftags&post=12215"}],"curies":[{"name":"wp","href":"https:\/\/api.w.org\/{rel}","templated":true}]}}