{"id":12208,"date":"2020-02-11T18:21:03","date_gmt":"2020-02-11T21:21:03","guid":{"rendered":"https:\/\/www.atecordoba.org\/?p=12208"},"modified":"2020-05-05T09:10:51","modified_gmt":"2020-05-05T12:10:51","slug":"se-creo-el-movimiento-aeronautico-cordobes-de-ate","status":"publish","type":"post","link":"https:\/\/atecordoba.org\/?p=12208","title":{"rendered":"Se cre\u00f3 el Movimiento Aeron\u00e1utico cordob\u00e9s de ATE"},"content":{"rendered":"\n<figure class=\"wp-block-image size-large\"><img decoding=\"async\" src=\"http:\/\/atecordoba.org\/wp-content\/uploads\/2020\/05\/84955919_2574502022825296_3783984990866374656_n.jpg\" alt=\"\" class=\"wp-image-12209\"\/><\/figure>\n\n\n\n<p>En el d\u00eda de la fecha\n11 de febrero de 2020 se crea el <strong>MOVIMIENTO\nAERON\u00c1UTICO CORDOB\u00c9S (MAC) ATE &#8211; C\u00d3RDOBA<\/strong> representado por 318 (Trescientos\nDieciocho) afiliados\/as a ATE C\u00f3rdoba. El mismo es conformado con los siguientes\nsectores:<\/p>\n\n\n\n<p>&#8211; <strong>Junta Investigaci\u00f3n de Accidentes de\nAviaci\u00f3n Civil Oficina C\u00f3rdoba<\/strong> (JIAAC)<\/p>\n\n\n\n<p>&#8211; <strong>Personal Civil de las Fuerzas Armadas<\/strong>\n(Personal Civil): Instituto Universitario Aeron\u00e1utico (IUA), Escuela Aviaci\u00f3n\nMilitar (EAM), Escuela Suboficiales de la Fuerza A\u00e9rea (ESFA), Junta Interna\nGuarnici\u00f3n A\u00e9rea C\u00f3rdoba, \u00c1rea Material R\u00edo Cuarto. <\/p>\n\n\n\n<p>&#8211; <strong>F\u00e1brica Argentina de Aviones<\/strong> (FAdeA).<\/p>\n\n\n\n<p>&#8211; <strong>Administraci\u00f3n Nacional de Aviaci\u00f3n Civil<\/strong> (ANAC): Direcci\u00f3n Regional Noroeste (RENO), Aeropuerto Internacional C\u00f3rdoba, Aeropuerto R\u00edo Cuarto, Departamento de Certificaci\u00f3n Aeron\u00e1utico (DCA).<\/p>\n\n\n\n<figure class=\"wp-block-image size-large\"><img decoding=\"async\" src=\"http:\/\/atecordoba.org\/wp-content\/uploads\/2020\/05\/86320407_488668442009441_6360584181528920064_n.jpg\" alt=\"\" class=\"wp-image-12212\"\/><\/figure>\n\n\n\n<p>Habi\u00e9ndose planteado\nlas problem\u00e1ticas sectoriales se consensu\u00f3:<\/p>\n\n\n\n<p><strong>Personal<\/strong>\n(ingreso\/reinstalaci\u00f3n de despedidos\/as, creaci\u00f3n y\/o modificaci\u00f3n de los Convenios\nColectivos de Trabajo Sectoriales, Capacitaci\u00f3n y Pases a Planta Permanente,\nCarrera Administrativa para las y los trabajadores; JIAAC plante\u00f3 la preocupaci\u00f3n\nde de la acefalia de la oficina en C\u00f3rdoba, el cierre de la oficina,\nvencimiento de contratos).<\/p>\n\n\n\n<p><strong>Ley Marco de Regulaci\u00f3n de\nEmpleado P\u00fablico Nacional 25.164&nbsp; y\nDecreto 214\/06 <\/strong>(incorporaci\u00f3n a la Ley y\/o Decreto).<\/p>\n\n\n\n<p><strong>FONDEF <\/strong>(Veedur\u00eda\ndel Fondo de Defensa).<\/p>\n\n\n\n<p><strong>Condiciones de trabajo<\/strong>\n(problemas graves en infraestructura y edilicios en el IUA para esto se\njuntar\u00e1n firmas para que se declare como patrimonio cultural). <\/p>\n\n\n\n<p>El MAC defini\u00f3\nacompa\u00f1ar el reclamo de FadeA en el marco de la jornada provincial que CORREDMA\n(Comisi\u00f3n de relevamiento de despedidos de Macri) que se realizar\u00e1 este jueves\n13 de febrero.<\/p>\n\n\n\n<p>Con el objetivo de\nformalizar la uni\u00f3n de los trabajadores aeron\u00e1uticos de la provincia de C\u00f3rdoba,\nen pos de la defensa de los derechos de los trabajadores y el crecimiento del\nsector, es que se convoca a reuni\u00f3n y conferencia de prensa el pr\u00f3ximo 11 de\nMarzo 10:30hs en Entre R\u00edos 450, ATE \u2013 CDP.<strong><\/strong><\/p>\n","protected":false},"excerpt":{"rendered":"<p>En el d\u00eda de la fecha 11 de febrero de 2020 se crea el MOVIMIENTO AERON\u00c1UTICO CORDOB\u00c9S (MAC) ATE &#8211; C\u00d3RDOBA representado por 318 (Trescientos Dieciocho) afiliados\/as a ATE C\u00f3rdoba. El mismo es conformado con los siguientes sectores: &#8211; Junta Investigaci\u00f3n de Accidentes de Aviaci\u00f3n Civil Oficina C\u00f3rdoba (JIAAC) &#8211; Personal Civil de las Fuerzas [&hellip;]<\/p>\n","protected":false},"author":1,"featured_media":19220,"comment_status":"open","ping_status":"open","sticky":true,"template":"","format":"standard","meta":{"_exactmetrics_skip_tracking":false,"_exactmetrics_sitenote_active":false,"_exactmetrics_sitenote_note":"","_exactmetrics_sitenote_category":0,"jnews-multi-image_gallery":[],"jnews_single_post":[],"jnews_primary_category":[],"jnews_social_meta":[],"jnews_review":[],"enable_review":"","type":"","name":"","summary":"","brand":"","sku":"","good":[],"bad":[],"score_override":"","override_value":"","rating":[],"price":[],"jnews_override_counter":[],"jnews_post_split":[],"footnotes":""},"categories":[1],"tags":[],"class_list":["post-12208","post","type-post","status-publish","format-standard","has-post-thumbnail","hentry","category-sin-categoria"],"jetpack_featured_media_url":"https:\/\/atecordoba.org\/wp-content\/uploads\/2020\/05\/logo-nuevochico-e1561581322808.png","_links":{"self":[{"href":"https:\/\/atecordoba.org\/index.php?rest_route=\/wp\/v2\/posts\/12208","targetHints":{"allow":["GET"]}}],"collection":[{"href":"https:\/\/atecordoba.org\/index.php?rest_route=\/wp\/v2\/posts"}],"about":[{"href":"https:\/\/atecordoba.org\/index.php?rest_route=\/wp\/v2\/types\/post"}],"author":[{"embeddable":true,"href":"https:\/\/atecordoba.org\/index.php?rest_route=\/wp\/v2\/users\/1"}],"replies":[{"embeddable":true,"href":"https:\/\/atecordoba.org\/index.php?rest_route=%2Fwp%2Fv2%2Fcomments&post=12208"}],"version-history":[{"count":1,"href":"https:\/\/atecordoba.org\/index.php?rest_route=\/wp\/v2\/posts\/12208\/revisions"}],"predecessor-version":[{"id":18748,"href":"https:\/\/atecordoba.org\/index.php?rest_route=\/wp\/v2\/posts\/12208\/revisions\/18748"}],"wp:featuredmedia":[{"embeddable":true,"href":"https:\/\/atecordoba.org\/index.php?rest_route=\/wp\/v2\/media\/19220"}],"wp:attachment":[{"href":"https:\/\/atecordoba.org\/index.php?rest_route=%2Fwp%2Fv2%2Fmedia&parent=12208"}],"wp:term":[{"taxonomy":"category","embeddable":true,"href":"https:\/\/atecordoba.org\/index.php?rest_route=%2Fwp%2Fv2%2Fcategories&post=12208"},{"taxonomy":"post_tag","embeddable":true,"href":"https:\/\/atecordoba.org\/index.php?rest_route=%2Fwp%2Fv2%2Ftags&post=12208"}],"curies":[{"name":"wp","href":"https:\/\/api.w.org\/{rel}","templated":true}]}}