{"id":12203,"date":"2020-02-11T17:12:57","date_gmt":"2020-02-11T20:12:57","guid":{"rendered":"https:\/\/www.atecordoba.org\/?p=12203"},"modified":"2020-05-05T09:10:54","modified_gmt":"2020-05-05T12:10:54","slug":"ate-se-reunio-con-medios-comunitarios-para-articular","status":"publish","type":"post","link":"https:\/\/atecordoba.org\/?p=12203","title":{"rendered":"ATE se reuni\u00f3 con medios comunitarios para articular"},"content":{"rendered":"\n<p>El pasado 10 de febrero la secretar\u00eda de prensa y comunicaci\u00f3n a cargo de Julia Giuliani, convoc\u00f3 a trabajadores y trabajadoras de medios alternativos, cooperativos y comunitarios de la Ciudad de C\u00f3rdoba.<\/p>\n\n\n\n<figure class=\"wp-block-image size-large\"><img decoding=\"async\" src=\"http:\/\/atecordoba.org\/wp-content\/uploads\/2020\/05\/84103554_868327490247321_4372481023217238016_n.jpg\" alt=\"\" class=\"wp-image-12204\"\/><\/figure>\n\n\n\n<p>El objetivo de generar esta instancia era conocernos, encontrarnos, debatir el derecho a la comunicaci\u00f3n, a palpar la realidad de estos espacios que han resistido a las pol\u00edticas macristas y marcan una agenda de la cual ATE se siente parte.<\/p>\n\n\n\n<p>Los medios presentes fueron radio comunitaria La Quinta Pata, Ecos C\u00f3rdoba, La Garganta Poderosa, La Tinta, Somos Puente; El Resaltador, Fm La Ranchada y FM La Ronda.<\/p>\n\n\n\n<p>Tras la presentaci\u00f3n Julia Giuliani expres\u00f3: &#8221; este espacio para nosotras y nosotros es muy importante, tejer redes, generar alianzas y poder avanzar en conjunto en algunas actividades concretas y no quedar en algo testimonial, sino poder estar siendo como sindicato generadores de contenido apra que estos medios nos tengan en cuenta como fuente y para la definici\u00f3n de sus agendas&#8221;.<\/p>\n\n\n\n<p>La situaci\u00f3n econ\u00f3mica de este sector, es cr\u00edtico. La falta de regulaci\u00f3n de la pauta oficial, de apoyo por parte del Estado en estos 4 a\u00f1os a sido grave. &#8220;Buscamos una retribuci\u00f3n digna para nuestros trabajos&#8221;, se\u00f1al\u00f3 Ezequiel de La Tinta, al igual que Luc\u00eda Fassini de La Quinta Pata que coment\u00f3: &#8220;nosotras\/os hemos sufrido diversos robos adem\u00e1s del contexto general, y eso nos lleva a tener que remarla a\u00fan m\u00e1s&#8221;.<\/p>\n\n\n\n<p>Conocer el mapa de medios de la ciudad de C\u00f3rdoba es fundamental para poder fortalecer y poner a ATE a disposici\u00f3n como espacio de discusi\u00f3n, de creaci\u00f3n de actividades y de acompa\u00f1amiento. <\/p>\n\n\n\n<p>Jerem\u00edas de FM La Ranchada coment\u00f3: &#8221; vamos contra lo hegem\u00f3nico, y hay que llevar las discusiones sindicales y pol\u00edticas&#8221;. <\/p>\n\n\n\n<p>Fortalecernos, generar redes de articulaci\u00f3n debe hacernos ver que el no acceso a la informaci\u00f3n y la concepci\u00f3n de la comunicaci\u00f3n como un servicio y no como un derecho, es un problema de la clase trabajadora toda y como ATE debemos alzar estas banderas.<\/p>\n\n\n\n<p><\/p>\n\n\n\n<p><\/p>\n","protected":false},"excerpt":{"rendered":"<p>El pasado 10 de febrero la secretar\u00eda de prensa y comunicaci\u00f3n a cargo de Julia Giuliani, convoc\u00f3 a trabajadores y trabajadoras de medios alternativos, cooperativos y comunitarios de la Ciudad de C\u00f3rdoba. El objetivo de generar esta instancia era conocernos, encontrarnos, debatir el derecho a la comunicaci\u00f3n, a palpar la realidad de estos espacios que [&hellip;]<\/p>\n","protected":false},"author":1,"featured_media":19220,"comment_status":"open","ping_status":"open","sticky":true,"template":"","format":"standard","meta":{"_exactmetrics_skip_tracking":false,"_exactmetrics_sitenote_active":false,"_exactmetrics_sitenote_note":"","_exactmetrics_sitenote_category":0,"jnews-multi-image_gallery":[],"jnews_single_post":[],"jnews_primary_category":[],"jnews_social_meta":[],"jnews_review":[],"enable_review":"","type":"","name":"","summary":"","brand":"","sku":"","good":[],"bad":[],"score_override":"","override_value":"","rating":[],"price":[],"jnews_override_counter":[],"jnews_post_split":[],"footnotes":""},"categories":[1],"tags":[],"class_list":["post-12203","post","type-post","status-publish","format-standard","has-post-thumbnail","hentry","category-sin-categoria"],"jetpack_featured_media_url":"https:\/\/atecordoba.org\/wp-content\/uploads\/2020\/05\/logo-nuevochico-e1561581322808.png","_links":{"self":[{"href":"https:\/\/atecordoba.org\/index.php?rest_route=\/wp\/v2\/posts\/12203","targetHints":{"allow":["GET"]}}],"collection":[{"href":"https:\/\/atecordoba.org\/index.php?rest_route=\/wp\/v2\/posts"}],"about":[{"href":"https:\/\/atecordoba.org\/index.php?rest_route=\/wp\/v2\/types\/post"}],"author":[{"embeddable":true,"href":"https:\/\/atecordoba.org\/index.php?rest_route=\/wp\/v2\/users\/1"}],"replies":[{"embeddable":true,"href":"https:\/\/atecordoba.org\/index.php?rest_route=%2Fwp%2Fv2%2Fcomments&post=12203"}],"version-history":[{"count":1,"href":"https:\/\/atecordoba.org\/index.php?rest_route=\/wp\/v2\/posts\/12203\/revisions"}],"predecessor-version":[{"id":18751,"href":"https:\/\/atecordoba.org\/index.php?rest_route=\/wp\/v2\/posts\/12203\/revisions\/18751"}],"wp:featuredmedia":[{"embeddable":true,"href":"https:\/\/atecordoba.org\/index.php?rest_route=\/wp\/v2\/media\/19220"}],"wp:attachment":[{"href":"https:\/\/atecordoba.org\/index.php?rest_route=%2Fwp%2Fv2%2Fmedia&parent=12203"}],"wp:term":[{"taxonomy":"category","embeddable":true,"href":"https:\/\/atecordoba.org\/index.php?rest_route=%2Fwp%2Fv2%2Fcategories&post=12203"},{"taxonomy":"post_tag","embeddable":true,"href":"https:\/\/atecordoba.org\/index.php?rest_route=%2Fwp%2Fv2%2Ftags&post=12203"}],"curies":[{"name":"wp","href":"https:\/\/api.w.org\/{rel}","templated":true}]}}