{"id":12199,"date":"2020-02-11T14:21:37","date_gmt":"2020-02-11T17:21:37","guid":{"rendered":"https:\/\/www.atecordoba.org\/?p=12199"},"modified":"2020-05-05T09:10:55","modified_gmt":"2020-05-05T12:10:55","slug":"ate-participo-de-la-marcha-por-la-soberania-al-lago-escondido-que-recibio-agresiones-de-la-patota-de-lewis","status":"publish","type":"post","link":"https:\/\/atecordoba.org\/?p=12199","title":{"rendered":"ATE particip\u00f3 de la Marcha por la Soberan\u00eda al Lago Escondido que recibi\u00f3 agresiones de la patota de Lewis"},"content":{"rendered":"\n<p><em>El Secretario de Formaci\u00f3n del Consejo Directivo Provincial (CDP), el abogado C\u00e9sar Theaux, particip\u00f3 en representaci\u00f3n de ATE el fin de semana de una convocatoria que ten\u00eda como finalidad realizar un acto de soberan\u00eda al ingresar al Lago Escondido (en R\u00edo Negro, ubicado dentro de las tierras del Magnate brit\u00e1nico Joe Lewis) junto a integrantes de organizaciones sociales y populares de todo el pa\u00eds. <\/em><\/p>\n\n\n\n<figure class=\"wp-block-image size-large\"><img decoding=\"async\" src=\"http:\/\/atecordoba.org\/wp-content\/uploads\/2020\/05\/Theaux-participa-negociaci\u00f3n-con-Gendarmer\u00edia-1024x576.jpg\" alt=\"\" class=\"wp-image-12200\"\/><figcaption>C\u00e9sar Theaux participando de las negociaciones con Gendarmer\u00eda para habilitar el paso por el camino de &#8220;Tacuif\u00ed&#8221;.<\/figcaption><\/figure>\n\n\n\n<p>La complejidad del hecho radica en que las inmediaciones del espejo de agua se encuentran compradas en su totalidad por Lewis quien no permite que se circule por ciertos caminos de acceso al espejo de agua, a\u00fan cuando la Justicia rionegrina ha ordenado en diversos fallos el libre tr\u00e1nsito por los mismos. <\/p>\n\n\n\n<p>Con este conflicto latente entre Lewis y &#8220;pobladores&#8221; asociados a sus intereses, es que la columna de manifestantes que pretend\u00eda ingresar el s\u00e1bado por el camino de \u201cTacuif\u00ed\u201d fue arremetida por los &#8220;pobladores&#8221; que actuaron como una verdadera patota o banda paramiliatar ante la mirada policial cuando \u201cnos tiraron los caballos encima\u201d relat\u00f3 Mario Sadras -uno de los integrantes de la columna de manifestantes- a Radio Gr\u00e1fica. La acci\u00f3n provoc\u00f3 heridas de diversa consideraci\u00f3n a varias personas y despert\u00f3 la alarma por la seguridad de la otra columna de monta\u00f1istas que se encontraba realizando un camino a pie por otro camino habilitado.<\/p>\n\n\n\n<p>&#8220;En esta 5ta edici\u00f3n de la Marcha por la Soberan\u00eda al Lago Escondido, sin duda se profundiz\u00f3 el conflicto con los pobladores que responden al magnate ingl\u00e9s Joseph Lewis. El camino de Tacuif\u00ed es p\u00fablico, hay fallos judiciales que lo confirman. Pero el poder del dinero parece determinar&#8221;, expres\u00f3 en su cr\u00f3nica Radio Gr\u00e1fica.<\/p>\n\n\n\n<p>\u201cDe repente nos tiraron los caballos encima\u201d, explic\u00f3 Sadras, quien fue herido junto a quien comanda la acci\u00f3n, el Tte de Fragata (R) Julio Cesar Urien. A su vez, Alejandra Portatadino, bombera voluntaria de Tierra del Fuego, \u201cfue trasladada a la guardia del Hospital Zonal Dr. R. Carrillo, de Bariloche. Esta consiente con un corte en el cuero cabelludo y un traumatismo de cr\u00e1neo. Ingres\u00f3 inmediatamente y la est\u00e1n atendiendo\u201d, explic\u00f3 Sadras. \u201cTambi\u00e9n golpearon a la Polic\u00eda de R\u00edo Negro\u201d, relat\u00f3 el manifestante. Esa fuerza de seguridad en la 4ta Marcha -de 2019- ya hab\u00eda defendido la posici\u00f3n ilegal del magnate ingl\u00e9s al no permitir avanzar a los manifestantes con un cord\u00f3n de Infanter\u00eda a mitad del camino.<\/p>\n\n\n\n<p>Por el car\u00e1cter pac\u00edfico del hecho pol\u00edtico que busca reafirmar la soberan\u00eda argentina del Lago Escondido, y por la violencia de los pobladores, se desisti\u00f3 de avanzar por Tacuif\u00ed. La preocupaci\u00f3n por la seguridad de los 64 monta\u00f1istas que el martes 4 de febrero inciaron el complicado camino de monta\u00f1a, persist\u00eda hasta ayer.<\/p>\n\n\n\n<p>&#8220;Estaba planteado que la Prefectura Naval Argentina garantice la seguridad de la columna, pero esa fuerza finalmente defini\u00f3 no hacerlo. El antecedente es muy grave: en 2019, David Ramallo y Andrea Gatabria, fueron arrojados al lago por una patota de Lewis. Hay una causa judicial por ese hecho, que fue presentada con el respaldo de Magdalena Odarda, ex senadora por R\u00edo Negro&#8221;, explicaron en Radio Gr\u00e1fica.<\/p>\n\n\n\n<p>El abogado de FIPCA La Sanmartiniana (organizaci\u00f3n encargada de coordinar y organizar las acciones), Sergio Cuestas, inform\u00f3: \u201chemos presentado en el Juzgado de Garant\u00edas de Bariloche un Habeas Corpus, solicitando que se garantice el ingreso de los voluntarios de la Fundaci\u00f3n hasta el lago, porque all\u00ed se encuentran otros voluntarios que han transitado el camino de monta\u00f1a y con kayacs han navegado. Tienen que poder salir para retornar a sus hogares por el camino de Tacuif\u00ed que es de acceso p\u00fablico. A partir de los hechos de violencia se present\u00f3 el fiscal del Bols\u00f3n para dialogar con ambos grupos, para intentar que se desbloquee el camino\u201d. A su vez el letrado afirm\u00f3 que desde la empresa \u201cHidden Lake\u201d impidieron el acceso de la Prefectura Naval Argentina al lago.<\/p>\n\n\n\n<p>A modo de protesta pac\u00edfica y para presionar por la seguridad de los monta\u00f1istas, la Ruta 40 a la altura del \u201cCamino de Tacuif\u00ed\u201d estuvo cortada.<\/p>\n\n\n\n<p>Fuente: Radio Gr\u00e1fica<\/p>\n","protected":false},"excerpt":{"rendered":"<p>El Secretario de Formaci\u00f3n del Consejo Directivo Provincial (CDP), el abogado C\u00e9sar Theaux, particip\u00f3 en representaci\u00f3n de ATE el fin de semana de una convocatoria que ten\u00eda como finalidad realizar un acto de soberan\u00eda al ingresar al Lago Escondido (en R\u00edo Negro, ubicado dentro de las tierras del Magnate brit\u00e1nico Joe Lewis) junto a integrantes [&hellip;]<\/p>\n","protected":false},"author":1,"featured_media":19220,"comment_status":"open","ping_status":"open","sticky":true,"template":"","format":"standard","meta":{"_exactmetrics_skip_tracking":false,"_exactmetrics_sitenote_active":false,"_exactmetrics_sitenote_note":"","_exactmetrics_sitenote_category":0,"jnews-multi-image_gallery":[],"jnews_single_post":[],"jnews_primary_category":[],"jnews_social_meta":[],"jnews_review":[],"enable_review":"","type":"","name":"","summary":"","brand":"","sku":"","good":[],"bad":[],"score_override":"","override_value":"","rating":[],"price":[],"jnews_override_counter":[],"jnews_post_split":[],"footnotes":""},"categories":[1],"tags":[],"class_list":["post-12199","post","type-post","status-publish","format-standard","has-post-thumbnail","hentry","category-sin-categoria"],"jetpack_featured_media_url":"https:\/\/atecordoba.org\/wp-content\/uploads\/2020\/05\/logo-nuevochico-e1561581322808.png","_links":{"self":[{"href":"https:\/\/atecordoba.org\/index.php?rest_route=\/wp\/v2\/posts\/12199","targetHints":{"allow":["GET"]}}],"collection":[{"href":"https:\/\/atecordoba.org\/index.php?rest_route=\/wp\/v2\/posts"}],"about":[{"href":"https:\/\/atecordoba.org\/index.php?rest_route=\/wp\/v2\/types\/post"}],"author":[{"embeddable":true,"href":"https:\/\/atecordoba.org\/index.php?rest_route=\/wp\/v2\/users\/1"}],"replies":[{"embeddable":true,"href":"https:\/\/atecordoba.org\/index.php?rest_route=%2Fwp%2Fv2%2Fcomments&post=12199"}],"version-history":[{"count":1,"href":"https:\/\/atecordoba.org\/index.php?rest_route=\/wp\/v2\/posts\/12199\/revisions"}],"predecessor-version":[{"id":18753,"href":"https:\/\/atecordoba.org\/index.php?rest_route=\/wp\/v2\/posts\/12199\/revisions\/18753"}],"wp:featuredmedia":[{"embeddable":true,"href":"https:\/\/atecordoba.org\/index.php?rest_route=\/wp\/v2\/media\/19220"}],"wp:attachment":[{"href":"https:\/\/atecordoba.org\/index.php?rest_route=%2Fwp%2Fv2%2Fmedia&parent=12199"}],"wp:term":[{"taxonomy":"category","embeddable":true,"href":"https:\/\/atecordoba.org\/index.php?rest_route=%2Fwp%2Fv2%2Fcategories&post=12199"},{"taxonomy":"post_tag","embeddable":true,"href":"https:\/\/atecordoba.org\/index.php?rest_route=%2Fwp%2Fv2%2Ftags&post=12199"}],"curies":[{"name":"wp","href":"https:\/\/api.w.org\/{rel}","templated":true}]}}