{"id":12193,"date":"2020-02-11T10:20:58","date_gmt":"2020-02-11T13:20:58","guid":{"rendered":"https:\/\/www.atecordoba.org\/?p=12193"},"modified":"2020-05-05T09:10:57","modified_gmt":"2020-05-05T12:10:57","slug":"miembros-de-ate-se-reunieron-con-accastello","status":"publish","type":"post","link":"https:\/\/atecordoba.org\/?p=12193","title":{"rendered":"Miembros de ATE se reunieron con Accastello"},"content":{"rendered":"\n<p><em>El Ministro de Industria de la Provincia de C\u00f3rdoba oy\u00f3 de voz de los trabajadores la alarma ante la dilaci\u00f3n para el recibimiento del sindicato en FADEA y la demora en la puesta en marcha y designaci\u00f3n de autoridades en Fabricaciones Militares de Villa Mar\u00eda y R\u00edo Tercero.<\/em><\/p>\n\n\n\n<figure class=\"wp-block-gallery columns-2 is-cropped wp-block-gallery-1 is-layout-flex wp-block-gallery-is-layout-flex\"><ul class=\"blocks-gallery-grid\"><li class=\"blocks-gallery-item\"><figure><img decoding=\"async\" src=\"http:\/\/atecordoba.org\/wp-content\/uploads\/2020\/05\/84845677_10157960065959805_8286282379857756160_n-1.jpg\" alt=\"\" data-id=\"12196\" data-full-url=\"http:\/\/atecordoba.org\/wp-content\/uploads\/2020\/05\/84845677_10157960065959805_8286282379857756160_n-1.jpg\" data-link=\"https:\/\/www.atecordoba.org\/?attachment_id=12196\" class=\"wp-image-12196\"\/><\/figure><\/li><li class=\"blocks-gallery-item\"><figure><img decoding=\"async\" src=\"http:\/\/atecordoba.org\/wp-content\/uploads\/2020\/05\/1-2.jpg\" alt=\"\" data-id=\"12197\" data-full-url=\"http:\/\/atecordoba.org\/wp-content\/uploads\/2020\/05\/1-2.jpg\" data-link=\"https:\/\/www.atecordoba.org\/?attachment_id=12197\" class=\"wp-image-12197\"\/><\/figure><\/li><\/ul><\/figure>\n\n\n\n<p>Ayer lunes, una comitiva de ATE se reuni\u00f3 con el Ministro de Industria de la Provincia de C\u00f3rdoba, Eduardo Accastello, para manifestarle la preocupante situaci\u00f3n de Fabriciones Militares -donde persiste la situaci\u00f3n de &#8220;acefal\u00eda&#8221;, sin el nombramiento de sus Directorios- y la inquietud de los trabajadores y trabajadoras ante la dilaci\u00f3n del nuevo directorio de la F\u00e1brica de Aviones &#8220;Brigadier San Mart\u00edn&#8221; (FAdeA) para recibir tanto a ATE como a sus trabajadores despedidos\/as durante la gesti\u00f3n macrista.<br>En ese setido, los miembros del Consejo Directivo Provincial (CDP) de ATE, \u00a0acompa\u00f1ados por compa\u00f1eros y compa\u00f1eras despedidas de Fabricaci\u00f3nes Militares de R\u00edo Tercero y Villa Mar\u00eda, as\u00ed como tambi\u00e9n de FAdeA, advirtieron al funcionario la urgencia en la reincorporaci\u00f3n inmediata de los y las despedidas mediante la reactivaci\u00f3n productiva de cada f\u00e1brica.<br>&#8220;Fue una importante reuni\u00f3n institucional con el Ministro, logramos una mesa de trabajo y de di\u00e1logo con \u00e9l, quien se comprometi\u00f3 a iniciar gestiones con el Ministro de Defensa de la Naci\u00f3n, Agust\u00edn Rossi, para trasladar nuestras problem\u00e1ticas&#8221;, manifest\u00f3 Federico Giuliani, Secretario General del CDP de ATE C\u00f3rdoba.\u00a0De la reuni\u00f3n, tambi\u00e9n participaron los\u00a0miembros de la conduccion de ATE de las Seccionales de R\u00edo Tercero y Villa Mar\u00eda. <\/p>\n","protected":false},"excerpt":{"rendered":"<p>El Ministro de Industria de la Provincia de C\u00f3rdoba oy\u00f3 de voz de los trabajadores la alarma ante la dilaci\u00f3n para el recibimiento del sindicato en FADEA y la demora en la puesta en marcha y designaci\u00f3n de autoridades en Fabricaciones Militares de Villa Mar\u00eda y R\u00edo Tercero. Ayer lunes, una comitiva de ATE se [&hellip;]<\/p>\n","protected":false},"author":1,"featured_media":19220,"comment_status":"open","ping_status":"open","sticky":true,"template":"","format":"standard","meta":{"_exactmetrics_skip_tracking":false,"_exactmetrics_sitenote_active":false,"_exactmetrics_sitenote_note":"","_exactmetrics_sitenote_category":0,"jnews-multi-image_gallery":[],"jnews_single_post":[],"jnews_primary_category":[],"jnews_social_meta":[],"jnews_review":[],"enable_review":"","type":"","name":"","summary":"","brand":"","sku":"","good":[],"bad":[],"score_override":"","override_value":"","rating":[],"price":[],"jnews_override_counter":[],"jnews_post_split":[],"footnotes":""},"categories":[1],"tags":[],"class_list":["post-12193","post","type-post","status-publish","format-standard","has-post-thumbnail","hentry","category-sin-categoria"],"jetpack_featured_media_url":"https:\/\/atecordoba.org\/wp-content\/uploads\/2020\/05\/logo-nuevochico-e1561581322808.png","_links":{"self":[{"href":"https:\/\/atecordoba.org\/index.php?rest_route=\/wp\/v2\/posts\/12193","targetHints":{"allow":["GET"]}}],"collection":[{"href":"https:\/\/atecordoba.org\/index.php?rest_route=\/wp\/v2\/posts"}],"about":[{"href":"https:\/\/atecordoba.org\/index.php?rest_route=\/wp\/v2\/types\/post"}],"author":[{"embeddable":true,"href":"https:\/\/atecordoba.org\/index.php?rest_route=\/wp\/v2\/users\/1"}],"replies":[{"embeddable":true,"href":"https:\/\/atecordoba.org\/index.php?rest_route=%2Fwp%2Fv2%2Fcomments&post=12193"}],"version-history":[{"count":1,"href":"https:\/\/atecordoba.org\/index.php?rest_route=\/wp\/v2\/posts\/12193\/revisions"}],"predecessor-version":[{"id":18756,"href":"https:\/\/atecordoba.org\/index.php?rest_route=\/wp\/v2\/posts\/12193\/revisions\/18756"}],"wp:featuredmedia":[{"embeddable":true,"href":"https:\/\/atecordoba.org\/index.php?rest_route=\/wp\/v2\/media\/19220"}],"wp:attachment":[{"href":"https:\/\/atecordoba.org\/index.php?rest_route=%2Fwp%2Fv2%2Fmedia&parent=12193"}],"wp:term":[{"taxonomy":"category","embeddable":true,"href":"https:\/\/atecordoba.org\/index.php?rest_route=%2Fwp%2Fv2%2Fcategories&post=12193"},{"taxonomy":"post_tag","embeddable":true,"href":"https:\/\/atecordoba.org\/index.php?rest_route=%2Fwp%2Fv2%2Ftags&post=12193"}],"curies":[{"name":"wp","href":"https:\/\/api.w.org\/{rel}","templated":true}]}}