{"id":12186,"date":"2020-02-10T16:31:48","date_gmt":"2020-02-10T19:31:48","guid":{"rendered":"https:\/\/www.atecordoba.org\/?p=12186"},"modified":"2020-05-05T09:11:00","modified_gmt":"2020-05-05T12:11:00","slug":"plenario-de-seccionales-de-ate-manifiesta-su-preocupacion-ante-la-situacion-economica","status":"publish","type":"post","link":"https:\/\/atecordoba.org\/?p=12186","title":{"rendered":"Plenario de Seccionales de ATE manifiesta su preocupaci\u00f3n ante la situaci\u00f3n econ\u00f3mica"},"content":{"rendered":"\n<figure class=\"wp-block-gallery columns-3 is-cropped wp-block-gallery-1 is-layout-flex wp-block-gallery-is-layout-flex\"><ul class=\"blocks-gallery-grid\"><li class=\"blocks-gallery-item\"><figure><img decoding=\"async\" src=\"http:\/\/atecordoba.org\/wp-content\/uploads\/2020\/05\/IMG_20200210_103827-1024x576.jpg\" alt=\"\" data-id=\"12187\" data-full-url=\"https:\/\/www.atecordoba.org\/wp-content\/uploads\/2020\/02\/IMG_20200210_103827-scaled.jpg\" data-link=\"https:\/\/www.atecordoba.org\/?attachment_id=12187\" class=\"wp-image-12187\"\/><\/figure><\/li><li class=\"blocks-gallery-item\"><figure><img decoding=\"async\" src=\"http:\/\/atecordoba.org\/wp-content\/uploads\/2020\/05\/IMG_20200210_103537-1024x576.jpg\" alt=\"\" data-id=\"12188\" data-full-url=\"https:\/\/www.atecordoba.org\/wp-content\/uploads\/2020\/02\/IMG_20200210_103537-scaled.jpg\" data-link=\"https:\/\/www.atecordoba.org\/?attachment_id=12188\" class=\"wp-image-12188\"\/><\/figure><\/li><li class=\"blocks-gallery-item\"><figure><img decoding=\"async\" src=\"http:\/\/atecordoba.org\/wp-content\/uploads\/2020\/05\/IMG_20200210_103403-576x1024.jpg\" alt=\"\" data-id=\"12189\" data-full-url=\"https:\/\/www.atecordoba.org\/wp-content\/uploads\/2020\/02\/IMG_20200210_103403-scaled.jpg\" data-link=\"https:\/\/www.atecordoba.org\/?attachment_id=12189\" class=\"wp-image-12189\"\/><\/figure><\/li><li class=\"blocks-gallery-item\"><figure><img decoding=\"async\" src=\"http:\/\/atecordoba.org\/wp-content\/uploads\/2020\/05\/IMG_20200210_103348-1024x576.jpg\" alt=\"\" data-id=\"12190\" data-full-url=\"https:\/\/www.atecordoba.org\/wp-content\/uploads\/2020\/02\/IMG_20200210_103348-scaled.jpg\" data-link=\"https:\/\/www.atecordoba.org\/?attachment_id=12190\" class=\"wp-image-12190\"\/><\/figure><\/li><li class=\"blocks-gallery-item\"><figure><img decoding=\"async\" src=\"http:\/\/atecordoba.org\/wp-content\/uploads\/2020\/05\/IMG_20200210_103332-1024x576.jpg\" alt=\"\" data-id=\"12191\" data-full-url=\"https:\/\/www.atecordoba.org\/wp-content\/uploads\/2020\/02\/IMG_20200210_103332-scaled.jpg\" data-link=\"https:\/\/www.atecordoba.org\/?attachment_id=12191\" class=\"wp-image-12191\"\/><\/figure><\/li><\/ul><\/figure>\n\n\n\n<p><em>En reuni\u00f3n realizada hoy en el Consejo Directivo Provincial (CDP) repasaron la realidad de cada regi\u00f3n y planificaron acciones en conjunto. La Jornada Provincial de Lucha en los organismos nacionales donde hubo despidos, entre los puntos relevantes de la reuni\u00f3n.<\/em><\/p>\n\n\n\n<p><br>Las seccionales de toda la provincia se hicieron presentes hoy en el Consejo Directivo Provincial (CDP) de ATE C\u00f3rdoba con la intenci\u00f3n de hacer un repaso de la realidad y las problem\u00e1ticas en cada una de ellas y elaborar planes de acci\u00f3n comunes. La voz un\u00e1nime de alarma ante la dif\u00edcil situaci\u00f3n que viven los trabajadores y trabajadoras estatales, no alejada de la grave crisis socioecon\u00f3mica que atraviesa el Pueblo en su conjunto, y los conflictos y desaf\u00edos que el propio avance del sistema impone, llev\u00f3 a que el plenario delibere por m\u00e1s de tres horas sobre alternativas, espacios de organizaci\u00f3n y momentos en que se encuentra la lucha por mejores condiciones de trabajo, por reincorporaci\u00f3n de despedidos, por alternativas para poner en marcha el aparato estatal y la recomposici\u00f3n de los derechos para todo el Pueblo, entre otros t\u00f3picos abordados.Los puntos sobre los que se decidi\u00f3, por unanimidad, avanzar, fueron los siguientes:<\/p>\n\n\n\n<ul class=\"wp-block-list\"><li>Intensificar los preparativos para la Jornada Provincial de Lucha y Protesta de ATE, el pr\u00f3ximo jueves 13 de febrero, en las reparticiones nacionales donde hubo despidos, tanto en C\u00f3rdoba Capital como en distintos puntos de la provincia;<\/li><li>Conformar el equipo de coordinaci\u00f3n de trabajadores municipales, designando 1 miembro titular y 1 suplente por seccional;<\/li><li>Conformar el Departamento de G\u00e9nero del CDP.<\/li><li>Realizar un Plenario de Delegados del sector Provincial antes que termine febrero;<\/li><li>Conformar un equipo de asesor\u00eda legal provincial con representaciones de cada seccional. Cruz del Eje, R\u00edo Tercero y Villa Mar\u00eda deber\u00e1n designar sus abogados para tal fin.<\/li><li>Conformar una Comisi\u00f3n para la Reforma del Estatuto de ATE Nacional. Se designan tres miembros del CDP a tal fin;<\/li><li>Elevar al Consejo Directivo Nacional la propuesta de convocar a un Encuentro Nacional de Municipales.<\/li><\/ul>\n\n\n\n<p>La reuni\u00f3n cont\u00f3 con representaciones de las seccionales de Villa Mar\u00eda, R\u00edo Tercero, R\u00edo Cuarto, Adelia Mar\u00eda, Cruz del Eje, San Francisco y del CDP.<\/p>\n","protected":false},"excerpt":{"rendered":"<p>En reuni\u00f3n realizada hoy en el Consejo Directivo Provincial (CDP) repasaron la realidad de cada regi\u00f3n y planificaron acciones en conjunto. La Jornada Provincial de Lucha en los organismos nacionales donde hubo despidos, entre los puntos relevantes de la reuni\u00f3n. Las seccionales de toda la provincia se hicieron presentes hoy en el Consejo Directivo Provincial [&hellip;]<\/p>\n","protected":false},"author":1,"featured_media":19220,"comment_status":"open","ping_status":"open","sticky":true,"template":"","format":"standard","meta":{"_exactmetrics_skip_tracking":false,"_exactmetrics_sitenote_active":false,"_exactmetrics_sitenote_note":"","_exactmetrics_sitenote_category":0,"jnews-multi-image_gallery":[],"jnews_single_post":[],"jnews_primary_category":[],"jnews_social_meta":[],"jnews_review":[],"enable_review":"","type":"","name":"","summary":"","brand":"","sku":"","good":[],"bad":[],"score_override":"","override_value":"","rating":[],"price":[],"jnews_override_counter":[],"jnews_post_split":[],"footnotes":""},"categories":[1],"tags":[],"class_list":["post-12186","post","type-post","status-publish","format-standard","has-post-thumbnail","hentry","category-sin-categoria"],"jetpack_featured_media_url":"https:\/\/atecordoba.org\/wp-content\/uploads\/2020\/05\/logo-nuevochico-e1561581322808.png","_links":{"self":[{"href":"https:\/\/atecordoba.org\/index.php?rest_route=\/wp\/v2\/posts\/12186","targetHints":{"allow":["GET"]}}],"collection":[{"href":"https:\/\/atecordoba.org\/index.php?rest_route=\/wp\/v2\/posts"}],"about":[{"href":"https:\/\/atecordoba.org\/index.php?rest_route=\/wp\/v2\/types\/post"}],"author":[{"embeddable":true,"href":"https:\/\/atecordoba.org\/index.php?rest_route=\/wp\/v2\/users\/1"}],"replies":[{"embeddable":true,"href":"https:\/\/atecordoba.org\/index.php?rest_route=%2Fwp%2Fv2%2Fcomments&post=12186"}],"version-history":[{"count":1,"href":"https:\/\/atecordoba.org\/index.php?rest_route=\/wp\/v2\/posts\/12186\/revisions"}],"predecessor-version":[{"id":18763,"href":"https:\/\/atecordoba.org\/index.php?rest_route=\/wp\/v2\/posts\/12186\/revisions\/18763"}],"wp:featuredmedia":[{"embeddable":true,"href":"https:\/\/atecordoba.org\/index.php?rest_route=\/wp\/v2\/media\/19220"}],"wp:attachment":[{"href":"https:\/\/atecordoba.org\/index.php?rest_route=%2Fwp%2Fv2%2Fmedia&parent=12186"}],"wp:term":[{"taxonomy":"category","embeddable":true,"href":"https:\/\/atecordoba.org\/index.php?rest_route=%2Fwp%2Fv2%2Fcategories&post=12186"},{"taxonomy":"post_tag","embeddable":true,"href":"https:\/\/atecordoba.org\/index.php?rest_route=%2Fwp%2Fv2%2Ftags&post=12186"}],"curies":[{"name":"wp","href":"https:\/\/api.w.org\/{rel}","templated":true}]}}