{"id":12183,"date":"2020-02-10T12:11:52","date_gmt":"2020-02-10T15:11:52","guid":{"rendered":"https:\/\/www.atecordoba.org\/?p=12183"},"modified":"2020-05-05T09:11:08","modified_gmt":"2020-05-05T12:11:08","slug":"giuliani-la-situacion-en-fabricaciones-militares-es-critica","status":"publish","type":"post","link":"https:\/\/atecordoba.org\/?p=12183","title":{"rendered":"Giuliani: &#8220;La situaci\u00f3n en Fabricaciones Militares es cr\u00edtica&#8221;"},"content":{"rendered":"\n<p><em>As\u00ed defini\u00f3 el Secretario General del Consejo Directivo Provincial de ATE C\u00f3rdoba (CDP) la actualidad de esa repartici\u00f3n dependiente del Ministerio de Defensa. Sin nombramiento del Directorio ni presupuesto asignado, advierten por situaciones de seguridad e higiene y por la inexistencia de planes de reactivaci\u00f3n de la producci\u00f3n y reincorporaci\u00f3n de trabajadores.<\/em>\u200b<\/p>\n\n\n\n<figure class=\"wp-block-image size-large\"><img decoding=\"async\" src=\"http:\/\/atecordoba.org\/wp-content\/uploads\/2020\/05\/Conferencia-Fabricaciones-Militares-1024x484.jpg\" alt=\"\" class=\"wp-image-12184\"\/><\/figure>\n\n\n\n<p>\u200bEn conferencia de prensa, Federico Giuliani, Secretario General del Consejo Directivo Provincial de ATE C\u00f3rdoba (CDP), junto a Fernando Mercado, Secretario General de ATE Seccional Villa Mar\u00eda y Emiliano Campos, Secretario de Prensa de ATE Seccional R\u00edo Tercero, mostraron su preocupaci\u00f3n ante la falta de respuestas concretas de las autoridades nacionales con respecto a la reincorporaci\u00f3n de las y los despedidas y despedidos del Estado Nacional durante el gobierno que dej\u00f3 la Casa Rosada el pasado 10 de diciembre. &#8220;A 60 d\u00edas del nuevo gobierno y tras reunirnos con gran parte de los responsables de las \u00e1reas nacionales donde hubo despidos, solo se reincorporaron 271 trabajadores en INTI y 350 en T\u00c9LAM, y ello no sin lucha y presi\u00f3n&#8221;, expres\u00f3 Giuliani. &#8220;En el resto de los organismos ha habido instancias de di\u00e1logo pero no se han generado cronogramas que nos permitan tener perspectivas acerca de la posibilidad de reincorporaci\u00f3n de quienes fueron afectados por el ajuste macrista&#8221;, advirti\u00f3 el Secretario General del CDP quien destac\u00f3 que &#8220;durante la campa\u00f1a presidencial se plante\u00f3 la reincorporaci\u00f3n y reactivaci\u00f3n del Estado: ATE es aut\u00f3nomo y reclama que, ni m\u00e1s ni menos, se cumpla con lo prometido&#8221;. <\/p>\n\n\n\n<p><strong>FMI y Jornadas de Protesta<\/strong><br>&#8220;Ante la discusi\u00f3n contradictoria que se est\u00e1 dando sobre el pago de la deuda externa y la cuesti\u00f3n de atar esa negociaci\u00f3n a la incorporaci\u00f3n de trabajadores, a poner de pie el Estado, los derechos, es que decimos que no: que consideramos ileg\u00edtima, ilegal, inmoral esa deuda, que debiera ser auditada antes de negociarla y pagarla. No podemos estar atados a la voluntad del FMI. La voluntad es del Pueblo, no de los especuladores&#8221;, defini\u00f3 Giuliani. En ese marco es que anticiparon desde el Sindicato la participaci\u00f3n en la convocatoria de diversas organizaciones a las movilizaciones que se realizar\u00e1n el mi\u00e9rcoles 12 de febrero en todo el pa\u00eds, a prop\u00f3sito de la comitiva del FMI que arribar\u00e1 al pa\u00eds ese d\u00eda.Por otro lado, como ATE C\u00f3rdoba, Giuliani anticip\u00f3 una Jornada Provincial de Lucha para este jueves: &#8220;Los tiempos se agotan y desde ATE C\u00f3rdoba y CORREDMA (Comisi\u00f3n de Relevamiento y Reincorporaci\u00f3n de los trabajadores y Trabajadoras Estatales Despedidos en la era Macri) decidimos el jueves 13 de febrero hacer acciones gremiales en los organismos nacionales donde hubo despidos y a\u00fan no hay respuestas.<\/p>\n\n\n\n<p><strong>Fabricaciones Militares<\/strong><br>Por otro lado, Giuliani inform\u00f3 que en Fabricaciones Militares hace 3 meses que no hay Directorio -1 mes de macrismo y 2 meses del nuevo gobierno nacional- , con lo cual el panorama es &#8220;cr\u00edtico&#8221;. &#8220;Como sindicato  -alert\u00f3- no tenemos interlocutor v\u00e1lido ni siquiera para resolver lo urgente \u00a0y cotidiano. Ni que hablar de pensar en inyecci\u00f3n presupuestaria para reactivar el complejo de Fabricaciones Militares (FM) en su conjunto. Eso es algo que no vislumbramos&#8221;, apercibi\u00f3. Por su parte, Mercado calific\u00f3 que la situaci\u00f3n actual de FM es de &#8220;acefal\u00eda&#8221;. &#8220;A 60 d\u00edas de asumir el Gobierno, de ya contar con Ministro -Agust\u00edn Rossi- y Secretaria de Ciencia y T\u00e9cnica -Daniela Castro-, como organizaci\u00f3n todav\u00eda no hemos tenido reuni\u00f3n para plantear el problema espec\u00edfico de cada una de las plantas&#8221;, protest\u00f3 el representante de ATE Villa Mar\u00eda, trabajador de la F\u00e1brica Militar de dicha localidad.&#8221;Durante todo el gobierno macrista estuvimos en la calle y nos acompa\u00f1aron distintos actores: Gabriela Est\u00e9vez, el Intendente de Villa Mar\u00eda. Hasta en su momento recorri\u00f3 la f\u00e1brica quien es hoy el Ministro de Defensa, Agust\u00edn Rossi, que reconoci\u00f3 que lo que nos pasaba a los trabajadores era producto de decisiones pol\u00edticas que no se hab\u00edan tomado en la gesti\u00f3n de Macri. Hoy pedimos que \u00e9l tome las decisiones que deba para reactivar la f\u00e1brica&#8221;, expres\u00f3 Mercado. &#8220;Solo para dar ejemplos de situaciones de la f\u00e1brica: hoy, de 3 turnos de producci\u00f3n para los que estamos preparados, solo se pueden formar 2 por la cantidad de trabajadores, porque donde hab\u00eda 20, hoy hay solo 5; hay lugares enteros donde encendemos las alarmas ante las malas condiciones de seguridad e higiene laboral; el 90 por ciento de la planta es de trabajadores y trabajadoras contratadas\/os con m\u00e1s de 19 a\u00f1os en algunos casos. Todo ello nos preocupa sobremanera&#8221;, advirti\u00f3 Mercado.El dirigente villamariense inform\u00f3 que el pr\u00f3ximo martes habr\u00e1 una Asamblea en la planta &#8220;y veremos c\u00f3mo seguimos si vemos que esta semana no hay ninguna respuesta, alguna mesa con quien tenga poder de decisi\u00f3n para avanzar&#8221;.\u00a0 <br>Por su parte, Emiliano Campos, representante de ATE Rio Tercero, explic\u00f3 que la F\u00e1brica Militar de esa ciudad &#8220;tiene dos particularidades productivas, la qu\u00edmica y la mec\u00e1nica: la qu\u00edmica se encuentra parada por reparaciones; la mec\u00e1nica, el \u00e1rea de reparaci\u00f3n de vagones, cuenta con un stock de materuales que se esta agotando tras 4 a\u00f1os sin compras, estamos en alerta&#8221;.\u00a0 &#8220;A la situacui\u00f3n alarmante de encontrarnos sin directorio a nivel nacional y en cada una de las plantas, en R\u00edo Tercero nos encontramos que quien queda a\u00fan es Tadeo, que estuvo en el cierre de Fanazul&#8221;, advirti\u00f3 Campos. &#8220;Queremos y necesitamos urgente reincorporaci\u00f3n en todas las areas: bomberos, sanidad, producci\u00f3n, administraci\u00f3n. Y ello es con las unidades productivas en funcionamiento, sabiendo nuestras potencialidad. hemos producido radares, materiales para Yacimientos R\u00edo Turbio, diversidad de aplicaciones en nuestra Planta. Solo hace falta decisi\u00f3n, sber y capacidad de trabajo hay de sobra&#8221;, expres\u00f3 Campos.\u00a0Mercado destac\u00f3 que &#8220;nos \u200bhan dicho que\u00a0esta semana se complet\u200ba\u200b el directorio\u200b:\u200b ojala as\u200b\u00ed\u200b sea\u200b as\u00ed podemos poner todas estas cuestiones en agenda&#8221;.\u200b <\/p>\n","protected":false},"excerpt":{"rendered":"<p>As\u00ed defini\u00f3 el Secretario General del Consejo Directivo Provincial de ATE C\u00f3rdoba (CDP) la actualidad de esa repartici\u00f3n dependiente del Ministerio de Defensa. Sin nombramiento del Directorio ni presupuesto asignado, advierten por situaciones de seguridad e higiene y por la inexistencia de planes de reactivaci\u00f3n de la producci\u00f3n y reincorporaci\u00f3n de trabajadores.\u200b \u200bEn conferencia de [&hellip;]<\/p>\n","protected":false},"author":1,"featured_media":19220,"comment_status":"open","ping_status":"open","sticky":true,"template":"","format":"standard","meta":{"_exactmetrics_skip_tracking":false,"_exactmetrics_sitenote_active":false,"_exactmetrics_sitenote_note":"","_exactmetrics_sitenote_category":0,"jnews-multi-image_gallery":[],"jnews_single_post":[],"jnews_primary_category":[],"jnews_social_meta":[],"jnews_review":[],"enable_review":"","type":"","name":"","summary":"","brand":"","sku":"","good":[],"bad":[],"score_override":"","override_value":"","rating":[],"price":[],"jnews_override_counter":[],"jnews_post_split":[],"footnotes":""},"categories":[1],"tags":[],"class_list":["post-12183","post","type-post","status-publish","format-standard","has-post-thumbnail","hentry","category-sin-categoria"],"jetpack_featured_media_url":"https:\/\/atecordoba.org\/wp-content\/uploads\/2020\/05\/logo-nuevochico-e1561581322808.png","_links":{"self":[{"href":"https:\/\/atecordoba.org\/index.php?rest_route=\/wp\/v2\/posts\/12183","targetHints":{"allow":["GET"]}}],"collection":[{"href":"https:\/\/atecordoba.org\/index.php?rest_route=\/wp\/v2\/posts"}],"about":[{"href":"https:\/\/atecordoba.org\/index.php?rest_route=\/wp\/v2\/types\/post"}],"author":[{"embeddable":true,"href":"https:\/\/atecordoba.org\/index.php?rest_route=\/wp\/v2\/users\/1"}],"replies":[{"embeddable":true,"href":"https:\/\/atecordoba.org\/index.php?rest_route=%2Fwp%2Fv2%2Fcomments&post=12183"}],"version-history":[{"count":1,"href":"https:\/\/atecordoba.org\/index.php?rest_route=\/wp\/v2\/posts\/12183\/revisions"}],"predecessor-version":[{"id":18765,"href":"https:\/\/atecordoba.org\/index.php?rest_route=\/wp\/v2\/posts\/12183\/revisions\/18765"}],"wp:featuredmedia":[{"embeddable":true,"href":"https:\/\/atecordoba.org\/index.php?rest_route=\/wp\/v2\/media\/19220"}],"wp:attachment":[{"href":"https:\/\/atecordoba.org\/index.php?rest_route=%2Fwp%2Fv2%2Fmedia&parent=12183"}],"wp:term":[{"taxonomy":"category","embeddable":true,"href":"https:\/\/atecordoba.org\/index.php?rest_route=%2Fwp%2Fv2%2Fcategories&post=12183"},{"taxonomy":"post_tag","embeddable":true,"href":"https:\/\/atecordoba.org\/index.php?rest_route=%2Fwp%2Fv2%2Ftags&post=12183"}],"curies":[{"name":"wp","href":"https:\/\/api.w.org\/{rel}","templated":true}]}}