{"id":12176,"date":"2020-02-09T17:51:52","date_gmt":"2020-02-09T20:51:52","guid":{"rendered":"https:\/\/www.atecordoba.org\/?p=12176"},"modified":"2020-05-05T09:11:10","modified_gmt":"2020-05-05T12:11:10","slug":"solo-con-voluntad-no-se-resuelven-problemas","status":"publish","type":"post","link":"https:\/\/atecordoba.org\/?p=12176","title":{"rendered":"\u201cSolo con voluntad no se resuelven problemas\u201d"},"content":{"rendered":"\n<figure class=\"wp-block-image size-large\"><img decoding=\"async\" src=\"http:\/\/atecordoba.org\/wp-content\/uploads\/2020\/05\/001-1024x576.jpg\" alt=\"\" class=\"wp-image-12162\"\/><figcaption><em>\u201cEn Villa Mar\u00eda ni siquiera hay plata para comprar 25 bolsas de cemento\u201d, critic\u00f3 Giuliani<\/em><\/figcaption><\/figure>\n\n\n\n<p><em>Federico Giuliani, secretario general de ATE C\u00f3rdoba, critic\u00f3 la falta de respuestas del Gobierno de Alberto Fern\u00e1ndez y adelant\u00f3 que el jueves habr\u00e1 una jornada de lucha en cada sede del polvor\u00edn<\/em><\/p>\n\n\n\n<p class=\"has-text-align-right\"><strong>Fuente: El Diario de Villa Mar\u00eda<\/strong><\/p>\n\n\n\n<p>Tal como anticipamos en nuestra edici\u00f3n de ayer, el lunes en la capital provincial se realizar\u00e1 una conferencia de prensa, en la sede de la Asociaci\u00f3n de Trabajadores del Estado (ATE) C\u00f3rdoba, en la que dirigentes gremiales del sector, junto a representantes de las sedes de Villa Mar\u00eda y R\u00edo Tercero, expresar\u00e1n su preocupaci\u00f3n por la situaci\u00f3n que atraviesa Fabricaciones Militares.<\/p>\n\n\n\n<p>Para conocer m\u00e1s detalles sobre dicho encuentro, El Diario dialog\u00f3 con Federico Giuliani, secretario general de ATE C\u00f3rdoba, quien comenz\u00f3 diciendo: \u201cConcretamente, lo que estamos planteando en primer lugar es nuestra preocupaci\u00f3n debido a que a dos meses de la asunci\u00f3n del nuevo Gobierno nacional todav\u00eda no hay directorios nombrados en las diferentes f\u00e1bricas, con lo que hoy no hay interlocutores v\u00e1lidos para plantear problem\u00e1ticas puntuales, concretas y cotidianas de quienes hoy est\u00e1n trabajando en las diferentes sedes\u201d.<ins><\/ins><\/p>\n\n\n\n<p>\u201cEn segundo lugar, tampoco hay ning\u00fan movimiento que plantee concretamente la reactivaci\u00f3n productiva de las mismas, es decir que no vemos que haya inyecci\u00f3n de presupuesto para que las f\u00e1bricas comiencen a funcionar nuevamente, lo que permitir\u00eda que se produzca la reincorporaci\u00f3n de todos los trabajadores y trabajadoras injustamente despedidos durante el macrismo\u201d, a\u00f1adi\u00f3.<\/p>\n\n\n\n<p>Al mismo tiempo, critic\u00f3 que \u201cen la campa\u00f1a pol\u00edtica el nuevo ministro de Defensa, Agust\u00edn Rossi, anduvo por la provincia y plante\u00f3 claramente que habr\u00eda una reactivaci\u00f3n de Fabricaciones Militares, pero hoy la realidad indica que ni siquiera se est\u00e1 cortando el pasto en las sedes\u201d.<ins><\/ins><\/p>\n\n\n\n<p>\u201cEn Villa Mar\u00eda nos comentaron los compa\u00f1eros que ni siquiera hay plata para comprar 25 bolsas de cemento que se necesitan para construir un peque\u00f1o sendero necesario para llegar a uno de los edificios, los cuales adem\u00e1s se est\u00e1n cayendo a pedazos\u201d, ejemplific\u00f3.<\/p>\n\n\n\n<p>En ese contexto, sostuvo adem\u00e1s: \u201cObviamente entendemos que los tiempos de la pol\u00edtica no son los mismos que los de los trabajadores. Se nos est\u00e1 pidiendo paciencia a partir de las negociaciones por el pago de la deuda externa, la cual aprovechamos para decir que es ileg\u00edtima, fraudulenta e inmoral y que nosotros no deber\u00edamos pagarla\u201d.<\/p>\n\n\n\n<p>\u201cEn ese camino, se han trabado las negociaciones en los diferentes ministerios y hasta ahora lo concreto es que de los 42 mil despedidos en el Estado nacional durante el macrismo lo \u00fanico que logramos reincorporar, no sin lucha y sin presi\u00f3n, fueron los 272 trabajadores del Instituto Nacional de Tecnolog\u00eda Industrial (INTI), de los cuales 10 son de la provincia de C\u00f3rdoba, y los 350 compa\u00f1eros de la agencia de noticias nacional T\u00e9lam\u201d, detall\u00f3 y, a ra\u00edz de la incertidumbre actual, adelant\u00f3 que \u201cdesde ATE decidimos que el jueves haremos una jornada provincial de lucha en cada uno de los organismos, establecimientos y f\u00e1bricas en los que hubo despidos y en los que hasta ahora no hemos tenido ning\u00fan tipo de respuestas b\u00e1sicas\u201d.<ins><\/ins><\/p>\n\n\n\n<p>Hablando de n\u00fameros concretos, Giuliani record\u00f3 que \u201cdurante la Presidencia de Macri hubo 78 despidos en Villa Mar\u00eda y 100 en R\u00edo Tercero. Esos no solamente n\u00fameros, detr\u00e1s de ellos hay familias que se han desarticulado y hoy estamos en una situaci\u00f3n desesperante por la incertidumbre de los compa\u00f1eros despedidos, quienes no han conseguido trabajo\u201d.<\/p>\n\n\n\n<p>\u201cLamentablemente hoy se est\u00e1n viviendo situaciones l\u00edmites, como por ejemplo el caso de compa\u00f1eros que hasta llegaron a plantear la posibilidad de quitarse la vida porque no tienen dinero para pagar sus deudas\u201d, lament\u00f3.<\/p>\n\n\n\n<p>Refiri\u00e9ndose al titular del Ministerio de Defensa, el dirigente gremial sostuvo: \u201cEl recibi\u00f3 a la conducci\u00f3n nacional de ATE, en la figura de nuestro secretario general, Hugo \u201cCachorro\u201d Godoy, y se mostr\u00f3 comprometido en reactivar las diferentes sedes de Fabricaciones Militares, pero hasta ahora todo qued\u00f3 solamente en esa buena voluntad\u201d.<\/p>\n\n\n\n<p>\u201cSolo con buena voluntad no se resuelven los problemas de fondo, que insisto tienen que ver con la reactivaci\u00f3n productiva del estado y con la inmediata reincorporaci\u00f3n de los trabajadores. Sin esos dos puntos, dif\u00edcilmente en Argentina pueda haber pacto social\u201d, asegur\u00f3.<\/p>\n\n\n\n<p>Y para finalizar, critic\u00f3 nuevamente que \u201ca 60 d\u00edas del nuevo Gobierno nacional, hay mucha falta de decisi\u00f3n pol\u00edtica para tomar medidas que en la campa\u00f1a se plantearon que iban a tomarse inmediatamente\u201d.<\/p>\n\n\n\n<p>\u201cLos tiempos ya se agotaron\u201d, concluy\u00f3.<\/p>\n","protected":false},"excerpt":{"rendered":"<p>Federico Giuliani, secretario general de ATE C\u00f3rdoba, critic\u00f3 la falta de respuestas del Gobierno de Alberto Fern\u00e1ndez y adelant\u00f3 que el jueves habr\u00e1 una jornada de lucha en cada sede del polvor\u00edn Fuente: El Diario de Villa Mar\u00eda Tal como anticipamos en nuestra edici\u00f3n de ayer, el lunes en la capital provincial se realizar\u00e1 una [&hellip;]<\/p>\n","protected":false},"author":1,"featured_media":19220,"comment_status":"open","ping_status":"open","sticky":true,"template":"","format":"standard","meta":{"_exactmetrics_skip_tracking":false,"_exactmetrics_sitenote_active":false,"_exactmetrics_sitenote_note":"","_exactmetrics_sitenote_category":0,"jnews-multi-image_gallery":[],"jnews_single_post":[],"jnews_primary_category":[],"jnews_social_meta":[],"jnews_review":[],"enable_review":"","type":"","name":"","summary":"","brand":"","sku":"","good":[],"bad":[],"score_override":"","override_value":"","rating":[],"price":[],"jnews_override_counter":[],"jnews_post_split":[],"footnotes":""},"categories":[1],"tags":[],"class_list":["post-12176","post","type-post","status-publish","format-standard","has-post-thumbnail","hentry","category-sin-categoria"],"jetpack_featured_media_url":"https:\/\/atecordoba.org\/wp-content\/uploads\/2020\/05\/logo-nuevochico-e1561581322808.png","_links":{"self":[{"href":"https:\/\/atecordoba.org\/index.php?rest_route=\/wp\/v2\/posts\/12176","targetHints":{"allow":["GET"]}}],"collection":[{"href":"https:\/\/atecordoba.org\/index.php?rest_route=\/wp\/v2\/posts"}],"about":[{"href":"https:\/\/atecordoba.org\/index.php?rest_route=\/wp\/v2\/types\/post"}],"author":[{"embeddable":true,"href":"https:\/\/atecordoba.org\/index.php?rest_route=\/wp\/v2\/users\/1"}],"replies":[{"embeddable":true,"href":"https:\/\/atecordoba.org\/index.php?rest_route=%2Fwp%2Fv2%2Fcomments&post=12176"}],"version-history":[{"count":1,"href":"https:\/\/atecordoba.org\/index.php?rest_route=\/wp\/v2\/posts\/12176\/revisions"}],"predecessor-version":[{"id":18770,"href":"https:\/\/atecordoba.org\/index.php?rest_route=\/wp\/v2\/posts\/12176\/revisions\/18770"}],"wp:featuredmedia":[{"embeddable":true,"href":"https:\/\/atecordoba.org\/index.php?rest_route=\/wp\/v2\/media\/19220"}],"wp:attachment":[{"href":"https:\/\/atecordoba.org\/index.php?rest_route=%2Fwp%2Fv2%2Fmedia&parent=12176"}],"wp:term":[{"taxonomy":"category","embeddable":true,"href":"https:\/\/atecordoba.org\/index.php?rest_route=%2Fwp%2Fv2%2Fcategories&post=12176"},{"taxonomy":"post_tag","embeddable":true,"href":"https:\/\/atecordoba.org\/index.php?rest_route=%2Fwp%2Fv2%2Ftags&post=12176"}],"curies":[{"name":"wp","href":"https:\/\/api.w.org\/{rel}","templated":true}]}}