{"id":12175,"date":"2020-02-09T18:29:21","date_gmt":"2020-02-09T21:29:21","guid":{"rendered":"https:\/\/www.atecordoba.org\/?p=12175"},"modified":"2020-05-05T09:11:09","modified_gmt":"2020-05-05T12:11:09","slug":"conferencia-de-prensa-situacion-de-fabricaciones-militares","status":"publish","type":"post","link":"https:\/\/atecordoba.org\/?p=12175","title":{"rendered":"Conferencia de prensa: Situaci\u00f3n de Fabricaciones Militares"},"content":{"rendered":"\n<p> El pr\u00f3ximo lunes 10 de febrero a las 9 horas, en la sede de ATE ubicada en Entre R\u00edos 450, se llevar\u00e1 adelante una conferencia de prensa para expresar la preocupante situaci\u00f3n que atraviesan las F\u00e1bricas Militares.<\/p>\n\n\n\n<figure class=\"wp-block-image size-large\"><img decoding=\"async\" src=\"http:\/\/atecordoba.org\/wp-content\/uploads\/2020\/05\/z-fmrt-1w.jpg\" alt=\"\" class=\"wp-image-12181\"\/><\/figure>\n\n\n\n<p><br>Falta de inversi\u00f3n, falta de plan productivo 2020, no hay Directorio designado, falta de respuesta al pedido de reincorporaci\u00f3n de despedidas y despedidos.<br>Estar\u00e1n presentes miembros de Fabricaciones de R\u00edo Tercero y Villa Mar\u00eda.<br>Hace 3 meses no hay un directorio en Fabricaciones Militares que tome las medidas correspondientes tanto para sede central como para las distintas unidades productivas, es necesario que de manera urgente se ponga en marcha la reactivaci\u00f3n de las distintas f\u00e1bricas  para as\u00ed poder producir y reincorporar a las y los despedidos y reactivar la industria de la defensa, indispensable para la construcci\u00f3n de soberan\u00eda nacional y para la construcci\u00f3n de una patria para todas y todos.<br> <\/p>\n","protected":false},"excerpt":{"rendered":"<p>El pr\u00f3ximo lunes 10 de febrero a las 9 horas, en la sede de ATE ubicada en Entre R\u00edos 450, se llevar\u00e1 adelante una conferencia de prensa para expresar la preocupante situaci\u00f3n que atraviesan las F\u00e1bricas Militares. Falta de inversi\u00f3n, falta de plan productivo 2020, no hay Directorio designado, falta de respuesta al pedido de [&hellip;]<\/p>\n","protected":false},"author":1,"featured_media":19220,"comment_status":"open","ping_status":"open","sticky":true,"template":"","format":"standard","meta":{"_exactmetrics_skip_tracking":false,"_exactmetrics_sitenote_active":false,"_exactmetrics_sitenote_note":"","_exactmetrics_sitenote_category":0,"jnews-multi-image_gallery":[],"jnews_single_post":[],"jnews_primary_category":[],"jnews_social_meta":[],"jnews_review":[],"enable_review":"","type":"","name":"","summary":"","brand":"","sku":"","good":[],"bad":[],"score_override":"","override_value":"","rating":[],"price":[],"jnews_override_counter":[],"jnews_post_split":[],"footnotes":""},"categories":[1],"tags":[],"class_list":["post-12175","post","type-post","status-publish","format-standard","has-post-thumbnail","hentry","category-sin-categoria"],"jetpack_featured_media_url":"https:\/\/atecordoba.org\/wp-content\/uploads\/2020\/05\/logo-nuevochico-e1561581322808.png","_links":{"self":[{"href":"https:\/\/atecordoba.org\/index.php?rest_route=\/wp\/v2\/posts\/12175","targetHints":{"allow":["GET"]}}],"collection":[{"href":"https:\/\/atecordoba.org\/index.php?rest_route=\/wp\/v2\/posts"}],"about":[{"href":"https:\/\/atecordoba.org\/index.php?rest_route=\/wp\/v2\/types\/post"}],"author":[{"embeddable":true,"href":"https:\/\/atecordoba.org\/index.php?rest_route=\/wp\/v2\/users\/1"}],"replies":[{"embeddable":true,"href":"https:\/\/atecordoba.org\/index.php?rest_route=%2Fwp%2Fv2%2Fcomments&post=12175"}],"version-history":[{"count":1,"href":"https:\/\/atecordoba.org\/index.php?rest_route=\/wp\/v2\/posts\/12175\/revisions"}],"predecessor-version":[{"id":18767,"href":"https:\/\/atecordoba.org\/index.php?rest_route=\/wp\/v2\/posts\/12175\/revisions\/18767"}],"wp:featuredmedia":[{"embeddable":true,"href":"https:\/\/atecordoba.org\/index.php?rest_route=\/wp\/v2\/media\/19220"}],"wp:attachment":[{"href":"https:\/\/atecordoba.org\/index.php?rest_route=%2Fwp%2Fv2%2Fmedia&parent=12175"}],"wp:term":[{"taxonomy":"category","embeddable":true,"href":"https:\/\/atecordoba.org\/index.php?rest_route=%2Fwp%2Fv2%2Fcategories&post=12175"},{"taxonomy":"post_tag","embeddable":true,"href":"https:\/\/atecordoba.org\/index.php?rest_route=%2Fwp%2Fv2%2Ftags&post=12175"}],"curies":[{"name":"wp","href":"https:\/\/api.w.org\/{rel}","templated":true}]}}