{"id":12155,"date":"2020-02-07T14:07:07","date_gmt":"2020-02-07T17:07:07","guid":{"rendered":"https:\/\/www.atecordoba.org\/?p=12155"},"modified":"2020-05-05T09:11:12","modified_gmt":"2020-05-05T12:11:12","slug":"despedidos-as-de-fadea-realizaron-una-clase-publica-frente-al-cabildo","status":"publish","type":"post","link":"https:\/\/atecordoba.org\/?p=12155","title":{"rendered":"Despedidos\/as de FADEA realizaron una clase p\u00fablica frente al Cabildo"},"content":{"rendered":"\n<p><em>Tuvo la intenci\u00f3n de visibilizar las tareas que realizaban antes de las desvinculaciones y la importancia de reactivar la industria aeron\u00e1utica estatal, con los trabajadores y trabajadoras adentro.<\/em><\/p>\n\n\n\n<p>Sin hacer caso a la lluvia que arreciaba de a ratos la ciudad de C\u00f3rdoba, los trabajadores y trabajadoras despedidos\/as de FADEA durante el Macrismo instalaron una carpa frente al cabildo con r\u00e9plicas a escala de aeronaves, material gr\u00e1fico, audiovisual y un micr\u00f3fono abierto que permiti\u00f3 a la ciudadan\u00eda que pasaba por el lugar enterarse de la situaci\u00f3n por la que atraviesan no solo el grupo de m\u00e1s de 160 trabajadores\/as despedidos\/as organizados en la CORREDMA de ATE y que buscan su reincorporaci\u00f3n, sino que tambi\u00e9n el estado actual de la f\u00e1brica y sus potencialidades.<\/p>\n\n\n\n<figure class=\"wp-block-gallery columns-3 is-cropped wp-block-gallery-1 is-layout-flex wp-block-gallery-is-layout-flex\"><ul class=\"blocks-gallery-grid\"><li class=\"blocks-gallery-item\"><figure><img decoding=\"async\" src=\"http:\/\/atecordoba.org\/wp-content\/uploads\/2020\/05\/001-1024x576.jpg\" alt=\"\" data-id=\"12162\" data-full-url=\"https:\/\/www.atecordoba.org\/wp-content\/uploads\/2020\/02\/001.jpg\" data-link=\"https:\/\/www.atecordoba.org\/?attachment_id=12162\" class=\"wp-image-12162\"\/><\/figure><\/li><li class=\"blocks-gallery-item\"><figure><img decoding=\"async\" src=\"http:\/\/atecordoba.org\/wp-content\/uploads\/2020\/05\/02-1024x576.jpg\" alt=\"\" data-id=\"12161\" data-full-url=\"https:\/\/www.atecordoba.org\/wp-content\/uploads\/2020\/02\/02.jpg\" data-link=\"https:\/\/www.atecordoba.org\/?attachment_id=12161\" class=\"wp-image-12161\"\/><\/figure><\/li><li class=\"blocks-gallery-item\"><figure><img decoding=\"async\" src=\"http:\/\/atecordoba.org\/wp-content\/uploads\/2020\/05\/1-1024x768.jpg\" alt=\"\" data-id=\"12160\" data-full-url=\"https:\/\/www.atecordoba.org\/wp-content\/uploads\/2020\/02\/1.jpg\" data-link=\"https:\/\/www.atecordoba.org\/?attachment_id=12160\" class=\"wp-image-12160\"\/><\/figure><\/li><li class=\"blocks-gallery-item\"><figure><img decoding=\"async\" src=\"http:\/\/atecordoba.org\/wp-content\/uploads\/2020\/05\/5-1024x768.jpg\" alt=\"\" data-id=\"12159\" data-full-url=\"https:\/\/www.atecordoba.org\/wp-content\/uploads\/2020\/02\/5.jpg\" data-link=\"https:\/\/www.atecordoba.org\/?attachment_id=12159\" class=\"wp-image-12159\"\/><\/figure><\/li><li class=\"blocks-gallery-item\"><figure><img decoding=\"async\" src=\"http:\/\/atecordoba.org\/wp-content\/uploads\/2020\/05\/4-1024x576.jpg\" alt=\"\" data-id=\"12158\" data-full-url=\"https:\/\/www.atecordoba.org\/wp-content\/uploads\/2020\/02\/4.jpg\" data-link=\"https:\/\/www.atecordoba.org\/?attachment_id=12158\" class=\"wp-image-12158\"\/><\/figure><\/li><li class=\"blocks-gallery-item\"><figure><img decoding=\"async\" src=\"http:\/\/atecordoba.org\/wp-content\/uploads\/2020\/05\/3-1024x768.jpg\" alt=\"\" data-id=\"12157\" data-full-url=\"https:\/\/www.atecordoba.org\/wp-content\/uploads\/2020\/02\/3.jpg\" data-link=\"https:\/\/www.atecordoba.org\/?attachment_id=12157\" class=\"wp-image-12157\"\/><\/figure><\/li><li class=\"blocks-gallery-item\"><figure><img decoding=\"async\" src=\"http:\/\/atecordoba.org\/wp-content\/uploads\/2020\/05\/002-1024x576.jpg\" alt=\"\" data-id=\"12163\" data-full-url=\"https:\/\/www.atecordoba.org\/wp-content\/uploads\/2020\/02\/002.jpg\" data-link=\"https:\/\/www.atecordoba.org\/?attachment_id=12163\" class=\"wp-image-12163\"\/><\/figure><\/li><li class=\"blocks-gallery-item\"><figure><img decoding=\"async\" src=\"http:\/\/atecordoba.org\/wp-content\/uploads\/2020\/05\/2-1024x768.jpg\" alt=\"\" data-id=\"12156\" data-full-url=\"https:\/\/www.atecordoba.org\/wp-content\/uploads\/2020\/02\/2.jpg\" data-link=\"https:\/\/www.atecordoba.org\/?attachment_id=12156\" class=\"wp-image-12156\"\/><\/figure><\/li><\/ul><\/figure>\n\n\n\n<p>Eva C\u00e1ceres, trabajadora despedida en enero de 2018, explic\u00f3 que &#8220;la mayor\u00eda de quienes estamos ac\u00e1 somos t\u00e9cnicos y profesionales que hac\u00edamos tareas espec\u00edficas dentro de la f\u00e1brica. Yo, por ejemplo, hac\u00eda hasta horas extras como aseguradora de calidad, regularizando la documentaci\u00f3n de los aviones que despu\u00e9s salieron en los medios como logros del macrismo pero en realidad fueron fabricados en gestiones anteriores&#8221;. C\u00e1ceres rese\u00f1\u00f3 que las funciones de quienes fueron despedidos\/as reemplazados &#8220;trabajadores no calificados con otros convenios colectivos de trabajo como son los de la UOM o UOCRA. Esa gente hoy trabaja a deshora, con cargas de trabajo enormes y sin la toda la capacitaci\u00f3n que a nosotros nos brind\u00f3 el Estado, que suman m\u00e1s de 2000 horas. Con unos cursitos no se puede reemplazar toda la capacitaci\u00f3n, son tareas de riesgo, estamos hablando de aeroaves y en el cielo no hay banquina ante fallas t\u00e9cnicas que se previenen en tierra&#8221;. En ese sentido, Federico Giuliani, Secretario General del Consejo Directivo Provincial (CDP) de ATE C\u00f3rdoba, ratific\u00f3 que &#8220;los compa\u00f1eros y compa\u00f1eras despedidas y despedidos durante el macrismo son obreros calificados formados por el Estado que invirti\u00f3 en su capacitaci\u00f3n y luego los dej\u00f3 solo&#8221;.<\/p>\n\n\n\n<p>M\u00e1s adelante, Giuliani expres\u00f3 que &#8220;entendemos que la pelea es colectiva, no individual. Va a haber justicia social cuando cada uno de ustedes est\u00e9 dentro de la f\u00e1brica trabajando nuevamente&#8221;. El Secretario General hizo hincapi\u00e9 en que &#8220;es dif\u00edcil hablar de pacto social en Argentina si no hay recomposici\u00f3n salarial para los estatales activos, pase a planta de los innumerables precarizados del Estado Nacional y reincorporaci\u00f3n inmediata de los miles de despedidos y despedidas por el macrismo. Esa es la agenda de ATE que venimos marcando d\u00eda a d\u00eda&#8221;.\u00a0<\/p>\n\n\n\n<figure class=\"wp-block-gallery columns-3 is-cropped wp-block-gallery-2 is-layout-flex wp-block-gallery-is-layout-flex\"><ul class=\"blocks-gallery-grid\"><li class=\"blocks-gallery-item\"><figure><img decoding=\"async\" src=\"http:\/\/atecordoba.org\/wp-content\/uploads\/2020\/05\/6-768x1024.jpg\" alt=\"\" data-id=\"12165\" data-full-url=\"https:\/\/www.atecordoba.org\/wp-content\/uploads\/2020\/02\/6.jpg\" data-link=\"https:\/\/www.atecordoba.org\/?attachment_id=12165\" class=\"wp-image-12165\"\/><\/figure><\/li><li class=\"blocks-gallery-item\"><figure><img decoding=\"async\" src=\"http:\/\/atecordoba.org\/wp-content\/uploads\/2020\/05\/7-1024x768.jpg\" alt=\"\" data-id=\"12166\" data-full-url=\"https:\/\/www.atecordoba.org\/wp-content\/uploads\/2020\/02\/7.jpg\" data-link=\"https:\/\/www.atecordoba.org\/?attachment_id=12166\" class=\"wp-image-12166\"\/><\/figure><\/li><li class=\"blocks-gallery-item\"><figure><img decoding=\"async\" src=\"http:\/\/atecordoba.org\/wp-content\/uploads\/2020\/05\/8-1024x768.jpg\" alt=\"\" data-id=\"12167\" data-full-url=\"https:\/\/www.atecordoba.org\/wp-content\/uploads\/2020\/02\/8.jpg\" data-link=\"https:\/\/www.atecordoba.org\/?attachment_id=12167\" class=\"wp-image-12167\"\/><\/figure><\/li><li class=\"blocks-gallery-item\"><figure><img decoding=\"async\" src=\"http:\/\/atecordoba.org\/wp-content\/uploads\/2020\/05\/9-1024x768.jpg\" alt=\"\" data-id=\"12168\" data-full-url=\"https:\/\/www.atecordoba.org\/wp-content\/uploads\/2020\/02\/9.jpg\" data-link=\"https:\/\/www.atecordoba.org\/?attachment_id=12168\" class=\"wp-image-12168\"\/><\/figure><\/li><li class=\"blocks-gallery-item\"><figure><img decoding=\"async\" src=\"http:\/\/atecordoba.org\/wp-content\/uploads\/2020\/05\/10-1024x768.jpg\" alt=\"\" data-id=\"12169\" data-full-url=\"https:\/\/www.atecordoba.org\/wp-content\/uploads\/2020\/02\/10.jpg\" data-link=\"https:\/\/www.atecordoba.org\/?attachment_id=12169\" class=\"wp-image-12169\"\/><\/figure><\/li><li class=\"blocks-gallery-item\"><figure><img decoding=\"async\" src=\"http:\/\/atecordoba.org\/wp-content\/uploads\/2020\/05\/11-1024x768.jpg\" alt=\"\" data-id=\"12170\" data-full-url=\"https:\/\/www.atecordoba.org\/wp-content\/uploads\/2020\/02\/11.jpg\" data-link=\"https:\/\/www.atecordoba.org\/?attachment_id=12170\" class=\"wp-image-12170\"\/><\/figure><\/li><li class=\"blocks-gallery-item\"><figure><img decoding=\"async\" src=\"http:\/\/atecordoba.org\/wp-content\/uploads\/2020\/05\/12-1024x768.jpg\" alt=\"\" data-id=\"12171\" data-full-url=\"https:\/\/www.atecordoba.org\/wp-content\/uploads\/2020\/02\/12.jpg\" data-link=\"https:\/\/www.atecordoba.org\/?attachment_id=12171\" class=\"wp-image-12171\"\/><\/figure><\/li><li class=\"blocks-gallery-item\"><figure><img decoding=\"async\" src=\"http:\/\/atecordoba.org\/wp-content\/uploads\/2020\/05\/13-1024x768.jpg\" alt=\"\" data-id=\"12172\" data-full-url=\"https:\/\/www.atecordoba.org\/wp-content\/uploads\/2020\/02\/13.jpg\" data-link=\"https:\/\/www.atecordoba.org\/?attachment_id=12172\" class=\"wp-image-12172\"\/><\/figure><\/li><li class=\"blocks-gallery-item\"><figure><img decoding=\"async\" src=\"http:\/\/atecordoba.org\/wp-content\/uploads\/2020\/05\/14-1024x768.jpg\" alt=\"\" data-id=\"12173\" data-full-url=\"https:\/\/www.atecordoba.org\/wp-content\/uploads\/2020\/02\/14.jpg\" data-link=\"https:\/\/www.atecordoba.org\/?attachment_id=12173\" class=\"wp-image-12173\"\/><\/figure><\/li><\/ul><\/figure>\n\n\n\n<p><strong>Jornada Provincial de Lucha<\/strong><\/p>\n\n\n\n<p>Con respecto a FADEA, Giuliani anticip\u00f3 que &#8220;el jueves 13, en una Jornada Provincial de lucha y protesta que se realizar\u00e1 en todos los organismos nacionales que despidieron trabajadores en C\u00f3rdoba, los compa\u00f1eros y compa\u00f1eras de FADEA nucleadas en ATE vamos a ir a la puerta de la F\u00e1brica a reclamarle a Mirtha Iriondo que nos atienda, nos escuche y nos de una soluci\u00f3n&#8221;. El representante del CDP reforz\u00f3 que &#8220;m\u00e1s all\u00e1 de los funcionarios que est\u00e1n de paso y que hoy desconocen la representatividad que tiene ATE en la F\u00e1brica de Aviones&#8221;.<\/p>\n\n\n\n<p><strong>Irma, la primera<\/strong><\/p>\n\n\n\n<p class=\"has-text-align-left\">Uno de los tantos momentos emotivos de la jornada lo protagoniz\u00f3 Irma Alarc\u00f3n, de 84 a\u00f1os, quien fuera la primera mujer que trabaj\u00f3 en FADEA. Irma fue parte desde 1962 de las comisiones internas de ATE y se hizo presente en el Cabildo para solidarizarse con la lucha de los despedidos y despedidas. Ante decenas de transe\u00fantes -entremezclados con trabajadores y trabajadoras despedidos- que se hab\u00edan detenido a o\u00edr, recit\u00f3 unos versos de su autor\u00eda, que compuso en los agitados d\u00edas y noches de la f\u00e1brica -que fue central- durante la Guerra de Malvinas. A continuaci\u00f3n, una transcripci\u00f3n del mismo:<\/p>\n\n\n\n<p class=\"has-text-align-center\"><em>En una batalla cruel, estridente, <br>demostrando su valor<br>ya que a \u00e9l lo fabricaron <br>nobles manos de artesano<br>que lo hicieron con amor.<br>\u00a1Por eso en las Malvinas<br>siempre presente estar\u00e1<br>el glorioso Pucar\u00e1!<\/em><\/p>\n","protected":false},"excerpt":{"rendered":"<p>Tuvo la intenci\u00f3n de visibilizar las tareas que realizaban antes de las desvinculaciones y la importancia de reactivar la industria aeron\u00e1utica estatal, con los trabajadores y trabajadoras adentro. Sin hacer caso a la lluvia que arreciaba de a ratos la ciudad de C\u00f3rdoba, los trabajadores y trabajadoras despedidos\/as de FADEA durante el Macrismo instalaron una [&hellip;]<\/p>\n","protected":false},"author":1,"featured_media":19220,"comment_status":"open","ping_status":"open","sticky":true,"template":"","format":"standard","meta":{"_exactmetrics_skip_tracking":false,"_exactmetrics_sitenote_active":false,"_exactmetrics_sitenote_note":"","_exactmetrics_sitenote_category":0,"jnews-multi-image_gallery":[],"jnews_single_post":[],"jnews_primary_category":[],"jnews_social_meta":[],"jnews_review":[],"enable_review":"","type":"","name":"","summary":"","brand":"","sku":"","good":[],"bad":[],"score_override":"","override_value":"","rating":[],"price":[],"jnews_override_counter":[],"jnews_post_split":[],"footnotes":""},"categories":[1],"tags":[],"class_list":["post-12155","post","type-post","status-publish","format-standard","has-post-thumbnail","hentry","category-sin-categoria"],"jetpack_featured_media_url":"https:\/\/atecordoba.org\/wp-content\/uploads\/2020\/05\/logo-nuevochico-e1561581322808.png","_links":{"self":[{"href":"https:\/\/atecordoba.org\/index.php?rest_route=\/wp\/v2\/posts\/12155","targetHints":{"allow":["GET"]}}],"collection":[{"href":"https:\/\/atecordoba.org\/index.php?rest_route=\/wp\/v2\/posts"}],"about":[{"href":"https:\/\/atecordoba.org\/index.php?rest_route=\/wp\/v2\/types\/post"}],"author":[{"embeddable":true,"href":"https:\/\/atecordoba.org\/index.php?rest_route=\/wp\/v2\/users\/1"}],"replies":[{"embeddable":true,"href":"https:\/\/atecordoba.org\/index.php?rest_route=%2Fwp%2Fv2%2Fcomments&post=12155"}],"version-history":[{"count":1,"href":"https:\/\/atecordoba.org\/index.php?rest_route=\/wp\/v2\/posts\/12155\/revisions"}],"predecessor-version":[{"id":18790,"href":"https:\/\/atecordoba.org\/index.php?rest_route=\/wp\/v2\/posts\/12155\/revisions\/18790"}],"wp:featuredmedia":[{"embeddable":true,"href":"https:\/\/atecordoba.org\/index.php?rest_route=\/wp\/v2\/media\/19220"}],"wp:attachment":[{"href":"https:\/\/atecordoba.org\/index.php?rest_route=%2Fwp%2Fv2%2Fmedia&parent=12155"}],"wp:term":[{"taxonomy":"category","embeddable":true,"href":"https:\/\/atecordoba.org\/index.php?rest_route=%2Fwp%2Fv2%2Fcategories&post=12155"},{"taxonomy":"post_tag","embeddable":true,"href":"https:\/\/atecordoba.org\/index.php?rest_route=%2Fwp%2Fv2%2Ftags&post=12155"}],"curies":[{"name":"wp","href":"https:\/\/api.w.org\/{rel}","templated":true}]}}