{"id":1215,"date":"2010-05-19T17:50:02","date_gmt":"2010-05-19T20:50:02","guid":{"rendered":"http:\/\/www.atecordoba.org\/?p=1215"},"modified":"2010-05-19T17:50:02","modified_gmt":"2010-05-19T20:50:02","slug":"personal-civil-continua-el-plan-de-lucha","status":"publish","type":"post","link":"https:\/\/atecordoba.org\/?p=1215","title":{"rendered":"Personal Civil: contin\u00faa el plan de lucha"},"content":{"rendered":"<p style=\"text-align: center;\"><img loading=\"lazy\" decoding=\"async\" class=\"aligncenter  wp-image-1216\" title=\"arton43\" src=\"http:\/\/www.atecordoba.org\/wp-content\/uploads\/2012\/07\/arton43-1024x768.jpg\" alt=\"\" width=\"502\" height=\"377\" \/><\/p>\n<div>\n<div dir=\"ltr\">\n<p><strong>La protesta se realiz\u00f3 esta ma\u00f1ana en reclamo de que se incluya la discusi\u00f3n salarial en las paritarias del sector. De no haber respuestas desde el Ministerio de Defensa, la protesta podr\u00eda trasladarse a Buenos Aires.<\/strong><\/p>\n<\/div>\n<\/div>\n<div>\n<div dir=\"ltr\">\n<p>(C\u00f3rdoba, 19-5-2010) Los trabajadores nucleados en ATE realizaron esta ma\u00f1ana un corte total en la intersecci\u00f3n de Av. Circunvalaci\u00f3n y Ruta 20 en reclamo por una recomposici\u00f3n salarial de m\u00e1s del 30 por ciento y el blanqueo de los compa\u00f1eros.<\/p>\n<p>Seg\u00fan explic\u00f3 la secretaria general del CDP C\u00f3rdoba, Mar\u00eda Teresa Romero, se busca &#8220;nacionalizar la protesta&#8221; y as\u00ed hacer part\u00edcipe del reclamo a ls trabadores de todo el pa\u00eds.<\/p>\n<p>&#8220;Estamos cansados de tanta hipocres\u00eda. Las paritarias comenzaron en 2009 y el Gobierno no hace m\u00e1s que dilatar la situaci\u00f3n&#8221;. De esta manera, Romero adelant\u00f3 que lo desidido por los trabajadores cordobeses es acampar de manera indeterminada frente al Ministerio de Defensa, hasta que Nilda Garr\u00e9 los reciba. A esta moci\u00f3n la plantear\u00e1n dentro de 15 d\u00edas en plenario general, y all\u00ed lo concretar\u00e1n.<\/p>\n<p>Actualmente, el salario b\u00e1sico del personal civil de las Fuerzas Armadas ronda los 1.400 pesos. &#8220;Al menos queremos 1.000 pesos m\u00e1s y no vamos a parar hasta conseguirlo. Hace cuatro a\u00f1os que reclamamos y, si bien sabemos que en el Ministerio de Defensa ha habido cortes de presupuesto por la crisis, no es justo que lo paguen los trabajadores&#8221;, asegur\u00f3 Romero.<\/p>\n<p>Los trabajadore se quejaron particularmente del caso del Instituto Universitario Aeron\u00e1utico, donde las autoridades han cerrado carreras y los docentes est\u00e1n cobrando actualmente el incentivo adeudado en el 2006<\/p>\n<p>En la oportunidad participaron compa\u00f1eros de Escuela de Suboficiales, Escuela de Aviaci\u00f3n Militar, Docentes y Mantenimiento del IUA, Administraci\u00f3n Barrio Aeron\u00e1utico, Sastrer\u00eda Militar Aeron\u00e1utica, IOSE y Comisi\u00f3n Auditora Regional Noroeste. Adem\u00e1s estuvieron presentes compa\u00f1eros de la Comisi\u00f3n Nacional de Comunicaciones.<\/p>\n<\/div>\n<\/div>\n","protected":false},"excerpt":{"rendered":"<p>La protesta se realiz\u00f3 esta ma\u00f1ana en reclamo de que se incluya la discusi\u00f3n salarial en las paritarias del sector. De no haber respuestas desde el Ministerio de Defensa, la protesta podr\u00eda trasladarse a Buenos Aires. (C\u00f3rdoba, 19-5-2010) Los trabajadores nucleados en ATE realizaron esta ma\u00f1ana un corte total en la intersecci\u00f3n de Av. Circunvalaci\u00f3n [&hellip;]<\/p>\n","protected":false},"author":1,"featured_media":19220,"comment_status":"open","ping_status":"open","sticky":false,"template":"","format":"standard","meta":{"_exactmetrics_skip_tracking":false,"_exactmetrics_sitenote_active":false,"_exactmetrics_sitenote_note":"","_exactmetrics_sitenote_category":0,"jnews-multi-image_gallery":[],"jnews_single_post":[],"jnews_primary_category":[],"jnews_social_meta":[],"jnews_review":[],"enable_review":"","type":"","name":"","summary":"","brand":"","sku":"","good":[],"bad":[],"score_override":"","override_value":"","rating":[],"price":[],"jnews_override_counter":[],"jnews_post_split":[],"footnotes":""},"categories":[20],"tags":[24,11,41],"class_list":["post-1215","post","type-post","status-publish","format-standard","has-post-thumbnail","hentry","category-municipales","tag-municipales-2","tag-noticias-2","tag-ruta-20"],"jetpack_featured_media_url":"https:\/\/atecordoba.org\/wp-content\/uploads\/2020\/05\/logo-nuevochico-e1561581322808.png","_links":{"self":[{"href":"https:\/\/atecordoba.org\/index.php?rest_route=\/wp\/v2\/posts\/1215","targetHints":{"allow":["GET"]}}],"collection":[{"href":"https:\/\/atecordoba.org\/index.php?rest_route=\/wp\/v2\/posts"}],"about":[{"href":"https:\/\/atecordoba.org\/index.php?rest_route=\/wp\/v2\/types\/post"}],"author":[{"embeddable":true,"href":"https:\/\/atecordoba.org\/index.php?rest_route=\/wp\/v2\/users\/1"}],"replies":[{"embeddable":true,"href":"https:\/\/atecordoba.org\/index.php?rest_route=%2Fwp%2Fv2%2Fcomments&post=1215"}],"version-history":[{"count":0,"href":"https:\/\/atecordoba.org\/index.php?rest_route=\/wp\/v2\/posts\/1215\/revisions"}],"wp:featuredmedia":[{"embeddable":true,"href":"https:\/\/atecordoba.org\/index.php?rest_route=\/wp\/v2\/media\/19220"}],"wp:attachment":[{"href":"https:\/\/atecordoba.org\/index.php?rest_route=%2Fwp%2Fv2%2Fmedia&parent=1215"}],"wp:term":[{"taxonomy":"category","embeddable":true,"href":"https:\/\/atecordoba.org\/index.php?rest_route=%2Fwp%2Fv2%2Fcategories&post=1215"},{"taxonomy":"post_tag","embeddable":true,"href":"https:\/\/atecordoba.org\/index.php?rest_route=%2Fwp%2Fv2%2Ftags&post=1215"}],"curies":[{"name":"wp","href":"https:\/\/api.w.org\/{rel}","templated":true}]}}