{"id":12147,"date":"2020-02-06T16:40:05","date_gmt":"2020-02-06T19:40:05","guid":{"rendered":"https:\/\/www.atecordoba.org\/?p=12147"},"modified":"2020-05-05T09:11:42","modified_gmt":"2020-05-05T12:11:42","slug":"autoridades-de-jesus-maria-reciben-a-ate","status":"publish","type":"post","link":"https:\/\/atecordoba.org\/?p=12147","title":{"rendered":"Autoridades de Jes\u00fas Mar\u00eda reciben a ATE"},"content":{"rendered":"\n<p><em>La reincorporaci\u00f3n de despedidxs, la inclusi\u00f3n del sindicato en  las paritarias municipales, la situaci\u00f3n de contratados, horas extras,  trabajo nocturno y elecci\u00f3n de delegados, entre los temas tratados por ATE con el Intendente y el Secretario de Gobierno.<\/em><\/p>\n\n\n\n<div class=\"wp-block-image is-style-default\"><figure class=\"aligncenter size-large is-resized\"><img loading=\"lazy\" decoding=\"async\" src=\"http:\/\/atecordoba.org\/wp-content\/uploads\/2020\/05\/ATEsiempreEsta.png\" alt=\"\" class=\"wp-image-12149\" width=\"222\" height=\"314\"\/><\/figure><\/div>\n\n\n\n<p>Hoy  jueves 6 de febrero se concret\u00f3 en Jes\u00fas Mar\u00eda la reuni\u00f3n de  autoridades del Consejo Directivo Provincial (CDP) de ATE C\u00f3rdoba  -solicitada formalmente por el sindicato el 24 de enero pasado-  junto a  Luis Picat, Intendente de la localidad, y Federico Z\u00e1rate, Secretario  de Gobierno. Por el lado de ATE, los representantes fueron el Secretario  Adjunto del CDP, Hugo Dur\u00e1n; junto al Secretario de Organizaci\u00f3n, Omar  Alerzia; la Secretaria del Interior, Edith Innamorato; el Delegado  Normalizador, Florencio Encina; y el delegado de Gendarmer\u00eda, Tony Iribarren. En la convocatoria se trataron los siguientes temas: <\/p>\n\n\n\n<p>&#8211; Solicitud de reincorporaci\u00f3n de lxs afiliadxs despedidxs y reinstalaci\u00f3n en sus puestos de trabajo;<\/p>\n\n\n\n<p>&#8211; Inclusi\u00f3n de ATE en paritarias municipales;<\/p>\n\n\n\n<p>&#8211; Creaci\u00f3n de plan de carrera administrativa;<\/p>\n\n\n\n<p>&#8211; Veedur\u00eda de concursos;<\/p>\n\n\n\n<p>&#8211;\n Pauta salarial. En este punto los representantes del gobierno municipal\n informaron que eso depende de la partida de gastos 2020 que a\u00fan no est\u00e1\n cerrada. Empezar\u00e1n a trabajar en la cuesti\u00f3n la \u00faltima semana de \nfebrero;<\/p>\n\n\n\n<p>&#8211; Apertura de di\u00e1logo con la responsable de Recursos Humanos para habilitar el c\u00f3digo de descuento de la Municipalidad para ATE;<\/p>\n\n\n\n<p>&#8211; Confirmaci\u00f3n de la elecci\u00f3n de delegados municipales que se realizar\u00e1 \nel pr\u00f3ximo 23 de marzo, cuyo cronograma formal ya est\u00e1 en marcha.<\/p>\n\n\n\n<p>&#8211;\n Tambi\u00e9n se abordaron otros temas del cotidiano de los trabajadores, \ncomo ser: situaci\u00f3n de contratados, horas extras, horas nocturnas, \nferiados y vestimenta.<\/p>\n\n\n\n<p><\/p>\n\n\n\n<p>Ate continuar\u00e1 trabajando para que dichos  puntos se hagan efectivos a la mayor brevedad posible, sabiendo que la  organizaci\u00f3n en cada rinc\u00f3n de la provincia es la principal fortaleza de  quienes d\u00eda a d\u00eca sostienen, con su trabajo, la efectivizaci\u00f3n de los  derechos de todxs lxs argentinxs.<\/p>\n","protected":false},"excerpt":{"rendered":"<p>La reincorporaci\u00f3n de despedidxs, la inclusi\u00f3n del sindicato en las paritarias municipales, la situaci\u00f3n de contratados, horas extras, trabajo nocturno y elecci\u00f3n de delegados, entre los temas tratados por ATE con el Intendente y el Secretario de Gobierno. Hoy jueves 6 de febrero se concret\u00f3 en Jes\u00fas Mar\u00eda la reuni\u00f3n de autoridades del Consejo Directivo [&hellip;]<\/p>\n","protected":false},"author":1,"featured_media":19220,"comment_status":"open","ping_status":"open","sticky":true,"template":"","format":"standard","meta":{"_exactmetrics_skip_tracking":false,"_exactmetrics_sitenote_active":false,"_exactmetrics_sitenote_note":"","_exactmetrics_sitenote_category":0,"jnews-multi-image_gallery":[],"jnews_single_post":[],"jnews_primary_category":[],"jnews_social_meta":[],"jnews_review":[],"enable_review":"","type":"","name":"","summary":"","brand":"","sku":"","good":[],"bad":[],"score_override":"","override_value":"","rating":[],"price":[],"jnews_override_counter":[],"jnews_post_split":[],"footnotes":""},"categories":[1],"tags":[],"class_list":["post-12147","post","type-post","status-publish","format-standard","has-post-thumbnail","hentry","category-sin-categoria"],"jetpack_featured_media_url":"https:\/\/atecordoba.org\/wp-content\/uploads\/2020\/05\/logo-nuevochico-e1561581322808.png","_links":{"self":[{"href":"https:\/\/atecordoba.org\/index.php?rest_route=\/wp\/v2\/posts\/12147","targetHints":{"allow":["GET"]}}],"collection":[{"href":"https:\/\/atecordoba.org\/index.php?rest_route=\/wp\/v2\/posts"}],"about":[{"href":"https:\/\/atecordoba.org\/index.php?rest_route=\/wp\/v2\/types\/post"}],"author":[{"embeddable":true,"href":"https:\/\/atecordoba.org\/index.php?rest_route=\/wp\/v2\/users\/1"}],"replies":[{"embeddable":true,"href":"https:\/\/atecordoba.org\/index.php?rest_route=%2Fwp%2Fv2%2Fcomments&post=12147"}],"version-history":[{"count":1,"href":"https:\/\/atecordoba.org\/index.php?rest_route=\/wp\/v2\/posts\/12147\/revisions"}],"predecessor-version":[{"id":18793,"href":"https:\/\/atecordoba.org\/index.php?rest_route=\/wp\/v2\/posts\/12147\/revisions\/18793"}],"wp:featuredmedia":[{"embeddable":true,"href":"https:\/\/atecordoba.org\/index.php?rest_route=\/wp\/v2\/media\/19220"}],"wp:attachment":[{"href":"https:\/\/atecordoba.org\/index.php?rest_route=%2Fwp%2Fv2%2Fmedia&parent=12147"}],"wp:term":[{"taxonomy":"category","embeddable":true,"href":"https:\/\/atecordoba.org\/index.php?rest_route=%2Fwp%2Fv2%2Fcategories&post=12147"},{"taxonomy":"post_tag","embeddable":true,"href":"https:\/\/atecordoba.org\/index.php?rest_route=%2Fwp%2Fv2%2Ftags&post=12147"}],"curies":[{"name":"wp","href":"https:\/\/api.w.org\/{rel}","templated":true}]}}