{"id":12140,"date":"2020-02-06T15:22:21","date_gmt":"2020-02-06T18:22:21","guid":{"rendered":"https:\/\/www.atecordoba.org\/?p=12140"},"modified":"2020-05-05T09:11:43","modified_gmt":"2020-05-05T12:11:43","slug":"ate-se-reunio-con-gabriela-estevez-por-despidos-en-el-estado-nacional","status":"publish","type":"post","link":"https:\/\/atecordoba.org\/?p=12140","title":{"rendered":"ATE se reuni\u00f3 con Gabriela Est\u00e9vez por despidos en el Estado Nacional"},"content":{"rendered":"\n<p><em>La Diputada Nacional por C\u00f3rdoba del Frente de Todos particip\u00f3 de  un plenario con trabajadores y trabajadoras despedidxs durante la era  Macri en la sede del CDP C\u00f3rdoba.<\/em><\/p>\n\n\n\n<p>La  convocatoria tuvo como finalidad &#8220;canalizar el reclamo desde lo  administrativo, pol\u00edtico y ahora fortaleciendo el \u00e1mbito Legislativo tambi\u00e9n,  con la presencia de Gabriela ac\u00e1&#8221;, expres\u00f3 Federico Giuliani, Secretario  General del Consejo Directivo Provincial (CDP) de C\u00f3rdoba de ATE. &#8220;La  presencia de la diputada suma institucionalidad al espacio de la  CORREDMA, que no para de producir hechos, de organizar a los  trabajadores despedidos del Estado Nacional durante el macrismo y de luchar por su reincorporaci\u00f3n&#8221;,  ratific\u00f3 Giuliani. <\/p>\n\n\n\n<p>&#8220;Nos toca ser parte de un sector muy bastardeado por el macrismo, que nos  acusa de que sobramos. Pero la verdad es que no hay producci\u00f3n,  fiscalizaci\u00f3n o servicios del Estado sin sus trabajadores. Y sin Estado, la poblaci\u00f3n pierde derechos&#8221;, consign\u00f3 el Secretario General. <\/p>\n\n\n\n<figure class=\"wp-block-image size-large\"><img decoding=\"async\" src=\"http:\/\/atecordoba.org\/wp-content\/uploads\/2020\/05\/3-1024x576.jpg\" alt=\"\" class=\"wp-image-12141\"\/><figcaption> Hubo presencia de despedidxs de toda la provincia, de ANSES, SENASA, ANAC, ENACOM, Fabricaciones Militares (de  Villa Mar\u00eda y R\u00edo Terero), M\u00e9dicos Comunitarios, FADEA,  Agricultura Familiar, entre otros organismos que sufrieron despidos durante la era Macri.<\/figcaption><\/figure>\n\n\n\n<p>Tras\n los testimonios donde trabajadores de distintas reparticiones narraron \nc\u00f3mo fueron los despidos, las persecuciones, las funciones que dejaron \nvacantes en el Estado Nacional a pesar de la larga trayectoria en los \npuestos, la desocupaci\u00f3n posterior -que alcanza al 70 por ciento en el \ncaso de los trabajadores de FADEA, por ejemplo-, la desorganizaci\u00f3n \nfamiliar, etc, la diputada nacional expres\u00f3: &#8220;entiendo perfectamente la \ndesesperaci\u00f3n. No puedo pedirles que tengan \npaciencia porque en una situacion como la de ustedes es dif\u00edcil tener \npaciencia. Sin embargo, queremos que sepan que el compromiso sigue \nsiendo el mismo desde\n que despidieron a los primeros trabajadores: acompa\u00f1ar a cada uno, cada\n una&#8221;.<\/p>\n\n\n\n<p>Est\u00e9vez hizo referencia a la situaci\u00f3n de &#8220;tierra arrasada&#8221;\n con que encontraron el Estado nacional: &#8220;todo vaciado, una deuda \nterrible de cada una de las \ncarteras del Estado. Desde las PASO hasta ahora no se pag\u00f3 absolutamente\n nada, cada ministerio est\u00e1 muy endeudado, con una situaci\u00f3n muy dif\u00edcil\n de trabajar, sin presupuesto&#8221;.<\/p>\n\n\n\n<p>La diputada por C\u00f3rdoba hizo hincapi\u00e9 en que se debe &#8220;reactivar el Estado porque reactivando es la \u00fanica manera  de reincorporar a los trabajadores&#8221; y expres\u00f3: &#8220;se que hab\u00eda otra espectativa,  que se pensaba que los tiempos iban a ser menores, pero la realidad es  que se han encontrado con un Estado en mucho peor situaci\u00f3n que la que se esperaba, con un nivel de destrucci\u00f3n alt\u00edsimo, pero el compromiso est\u00e1.<\/p>\n\n\n\n<div class=\"wp-block-group\"><div class=\"wp-block-group__inner-container is-layout-flow wp-block-group-is-layout-flow\">\n<figure class=\"wp-block-gallery columns-3 is-cropped wp-block-gallery-1 is-layout-flex wp-block-gallery-is-layout-flex\"><ul class=\"blocks-gallery-grid\"><li class=\"blocks-gallery-item\"><figure><img decoding=\"async\" src=\"http:\/\/atecordoba.org\/wp-content\/uploads\/2020\/05\/1_4-1024x576.jpg\" alt=\"\" data-id=\"12142\" data-full-url=\"https:\/\/www.atecordoba.org\/wp-content\/uploads\/2020\/02\/4.jpeg\" data-link=\"https:\/\/www.atecordoba.org\/?attachment_id=12142\" class=\"wp-image-12142\"\/><\/figure><\/li><li class=\"blocks-gallery-item\"><figure><img decoding=\"async\" src=\"http:\/\/atecordoba.org\/wp-content\/uploads\/2020\/05\/6-1024x576.jpg\" alt=\"\" data-id=\"12143\" data-full-url=\"https:\/\/www.atecordoba.org\/wp-content\/uploads\/2020\/02\/6.jpeg\" data-link=\"https:\/\/www.atecordoba.org\/?attachment_id=12143\" class=\"wp-image-12143\"\/><\/figure><\/li><li class=\"blocks-gallery-item\"><figure><img decoding=\"async\" src=\"http:\/\/atecordoba.org\/wp-content\/uploads\/2020\/05\/1-1024x576.jpg\" alt=\"\" data-id=\"12144\" data-full-url=\"https:\/\/www.atecordoba.org\/wp-content\/uploads\/2020\/02\/1.jpeg\" data-link=\"https:\/\/www.atecordoba.org\/?attachment_id=12144\" class=\"wp-image-12144\"\/><\/figure><\/li><li class=\"blocks-gallery-item\"><figure><img decoding=\"async\" src=\"http:\/\/atecordoba.org\/wp-content\/uploads\/2020\/05\/2-1024x576.jpg\" alt=\"\" data-id=\"12145\" data-full-url=\"https:\/\/www.atecordoba.org\/wp-content\/uploads\/2020\/02\/2.jpeg\" data-link=\"https:\/\/www.atecordoba.org\/?attachment_id=12145\" class=\"wp-image-12145\"\/><\/figure><\/li><\/ul><\/figure>\n<\/div><\/div>\n\n\n\n<p><strong>La agenda<\/strong><\/p>\n\n\n\n<p>&#8220;Estamos a disposici\u00f3n  para trabajar en conjunto -manifest\u00f3 Giuliani-, con la urgencia de poner  sobre la mesa la problem\u00e1tica de quienes perdieron el trabajo, del  vaciamiento del Estado. Por ello pedimos con urgencia que se nombren los  directores de Fabricaciones Militares, que Mirtha Iriondo (de FAdeA)  nos reciba, que la CORREDMA -de C\u00f3rdoba, en principio- pueda tener la  voz alguna comisi\u00f3n en el Congreso de la Naci\u00f3n&#8221;, solicit\u00f3 Giuliani a la  Diputada.<\/p>\n\n\n\n<p>Ante el primer punto, Est\u00e9vez asegur\u00f3 que &#8220;ya est\u00e1n los posibles nombres  para los directorios de las diferentes  f\u00e1bricas. Por lo que habl\u00e9 con Daniela -Castro, Secretaria de Ciencia,  Tecnologia e Industria para la Defensa del Ministerio de Defensa de la  Naci\u00f3n, de donde dependen todas las F\u00e1bricas Militares del Pa\u00eds- esto  deber\u00eda  estar design\u00e1ndose en el mes de febrero, en la primera quincena,  esperemos que sea as\u00ed&#8221;. Y agreg\u00f3 que &#8220;se recorrer\u00e1n las f\u00e1bricas, se  hablar\u00e1 con cada  uno de los trabajadores y se comenzar\u00e1 a trabajar en esto que hablamos  tantas veces y que tiene que ver con reactivar, poner en valor y  comenzar nuevamente a reincorporar a los trabajadores&#8221;. <\/p>\n","protected":false},"excerpt":{"rendered":"<p>La Diputada Nacional por C\u00f3rdoba del Frente de Todos particip\u00f3 de un plenario con trabajadores y trabajadoras despedidxs durante la era Macri en la sede del CDP C\u00f3rdoba. La convocatoria tuvo como finalidad &#8220;canalizar el reclamo desde lo administrativo, pol\u00edtico y ahora fortaleciendo el \u00e1mbito Legislativo tambi\u00e9n, con la presencia de Gabriela ac\u00e1&#8221;, expres\u00f3 Federico [&hellip;]<\/p>\n","protected":false},"author":1,"featured_media":19220,"comment_status":"open","ping_status":"open","sticky":true,"template":"","format":"standard","meta":{"_exactmetrics_skip_tracking":false,"_exactmetrics_sitenote_active":false,"_exactmetrics_sitenote_note":"","_exactmetrics_sitenote_category":0,"jnews-multi-image_gallery":[],"jnews_single_post":[],"jnews_primary_category":[],"jnews_social_meta":[],"jnews_review":[],"enable_review":"","type":"","name":"","summary":"","brand":"","sku":"","good":[],"bad":[],"score_override":"","override_value":"","rating":[],"price":[],"jnews_override_counter":[],"jnews_post_split":[],"footnotes":""},"categories":[1],"tags":[],"class_list":["post-12140","post","type-post","status-publish","format-standard","has-post-thumbnail","hentry","category-sin-categoria"],"jetpack_featured_media_url":"https:\/\/atecordoba.org\/wp-content\/uploads\/2020\/05\/logo-nuevochico-e1561581322808.png","_links":{"self":[{"href":"https:\/\/atecordoba.org\/index.php?rest_route=\/wp\/v2\/posts\/12140","targetHints":{"allow":["GET"]}}],"collection":[{"href":"https:\/\/atecordoba.org\/index.php?rest_route=\/wp\/v2\/posts"}],"about":[{"href":"https:\/\/atecordoba.org\/index.php?rest_route=\/wp\/v2\/types\/post"}],"author":[{"embeddable":true,"href":"https:\/\/atecordoba.org\/index.php?rest_route=\/wp\/v2\/users\/1"}],"replies":[{"embeddable":true,"href":"https:\/\/atecordoba.org\/index.php?rest_route=%2Fwp%2Fv2%2Fcomments&post=12140"}],"version-history":[{"count":1,"href":"https:\/\/atecordoba.org\/index.php?rest_route=\/wp\/v2\/posts\/12140\/revisions"}],"predecessor-version":[{"id":18799,"href":"https:\/\/atecordoba.org\/index.php?rest_route=\/wp\/v2\/posts\/12140\/revisions\/18799"}],"wp:featuredmedia":[{"embeddable":true,"href":"https:\/\/atecordoba.org\/index.php?rest_route=\/wp\/v2\/media\/19220"}],"wp:attachment":[{"href":"https:\/\/atecordoba.org\/index.php?rest_route=%2Fwp%2Fv2%2Fmedia&parent=12140"}],"wp:term":[{"taxonomy":"category","embeddable":true,"href":"https:\/\/atecordoba.org\/index.php?rest_route=%2Fwp%2Fv2%2Fcategories&post=12140"},{"taxonomy":"post_tag","embeddable":true,"href":"https:\/\/atecordoba.org\/index.php?rest_route=%2Fwp%2Fv2%2Ftags&post=12140"}],"curies":[{"name":"wp","href":"https:\/\/api.w.org\/{rel}","templated":true}]}}