{"id":12137,"date":"2020-02-05T17:00:00","date_gmt":"2020-02-05T20:00:00","guid":{"rendered":"https:\/\/www.atecordoba.org\/?p=12137"},"modified":"2020-05-05T09:11:51","modified_gmt":"2020-05-05T12:11:51","slug":"en-ate-para-reivindicar-la-memoria","status":"publish","type":"post","link":"https:\/\/atecordoba.org\/?p=12137","title":{"rendered":"En ATE, para reivindicar la memoria"},"content":{"rendered":"\n<p><em>El pr\u00f3ximo s\u00e1bado se realizar\u00e1 el Encuentro Nacional de Ex-Presos  Pol\u00edticos, V\u00edctimas, Sobrevivientes, Hijos y Exiliados del Terrorismo de  Estado en la sede del CDP C\u00f3rdoba de ATE. Se debatir\u00e1 sobre Derechos  Humanos en general y sobre el estado actual  de implementaci\u00f3n de las leyes reparatorias. Habr\u00e1 presencia de  compa\u00f1erxs de provincias de todo el pa\u00eds.<\/em><\/p>\n\n\n\n<figure class=\"wp-block-image size-large\"><img decoding=\"async\" src=\"http:\/\/atecordoba.org\/wp-content\/uploads\/2020\/05\/Flyer-ecuentro-684x1024.png\" alt=\"\" class=\"wp-image-12138\"\/><figcaption> <em>Se espera la participaci\u00f3n de compa\u00f1erxs de varias  provincias: Buenos Aires, Tucum\u00e1n, C\u00f3rdoba, Rioja, Catamarca, San Juan,  Salta, Santa Fe, Corrientes.<\/em> <\/figcaption><\/figure>\n\n\n\n<p>Reivindicar la memoria de quienes nos precedieron en las luchas del  pueblo y fueron, por ello, perseguidos, torturados, asesinados por el  propio Estado, es una obligaci\u00f3n para quienes seguimos marchando y  construyendo la solidaridad y la justicia. Es por  ello que este s\u00e1bado desde las 9 a.m., las puertas del sindicato se  abrir\u00e1n para recibir a v\u00edctimas y sobrevivientes del terrorismo de  Estado, en un encuentro que tendr\u00e1 &#8220;como principal punto a tratar el  respeto de los derechos humanos en general y, dentro  de ese punto, las leyes reparatorias&#8221;, expres\u00f3 Carlos R\u00edos, parte de la  organizaci\u00f3n del Encuentro Nacional de Ex-Presos Pol\u00edticos, V\u00edctimas,  Sobrevivientes, Hijos y Exiliados del Terrorismo de Estado. &#8220;La  intenci\u00f3n es fijar nuestra posici\u00f3n ante las nuevas  autoridades -Pietragalla de la Secretar\u00eda de Derechos Humanos, quien ha  sido invitado, entre otros-, con el acompa\u00f1amiento de autoridades  provinciales y nacionales de ATE, con respecto a estos temas de inter\u00e9s  del colectivo&#8221;, inform\u00f3 R\u00edos quien destac\u00f3 que  &#8220;hay una gran expectativa por esta reuni\u00f3n y sus resultados&#8221;.<\/p>\n\n\n\n<p><strong>Estado actual de las causas<\/strong><br>&#8220;Est\u00e1n saliendo aprobados varios expedientes previo demandas por mora  administrativa, gestionadas a trav\u00e9s de la Defensor\u00eda del Pueblo de la  Naci\u00f3n y con el abogado Gast\u00f3n Paolini de Buenos Aires. Esperamos que se  siga en esta direcci\u00f3n ya que somos todas  personas grandes las que estamos esperando la ejecuci\u00f3n de las leyes de  reparaci\u00f3n para cada uno de los casos&#8221;, explic\u00f3 R\u00edos. El sentido del  encuentro es informar y coordinar nuevas actuaciones al respecto, adem\u00e1s  de dar cuenta de las novedades con respecto  a la causa presentada en Comodoro Py, como colectivo a nivel nacional,  &#8220;contra Macri, Pe\u00f1a, Garavano y Avruj por mal desempe\u00f1o de funcionario  p\u00fablico y &#8220;cajoneo&#8221; de las leyes reparatorias. Somos parte de esa  demanda, desde C\u00f3rdoba, cuatro compa\u00f1eros y compa\u00f1eras.  Tuvimos una reuni\u00f3n en Tribunales en Buenos Aires donde reafirmamos el  litigio y hoy estamos trabajando junto al sindicato para analizar la  posibilidad de que los abogados de la organizaci\u00f3n hagan el seguimiento  de la causa, contin\u00faen con las actuaciones que  hagan falta, etc&#8221;, coment\u00f3 R\u00edos.<\/p>\n\n\n\n<p><strong>Participaci\u00f3n en ATE<\/strong><br>La Agrupaci\u00f3n de V\u00edctimas y Sobrevivientes del Terrorismo de Estado, a  la cual pertenece R\u00edos, actualmente se desempe\u00f1a en el \u00e1rea de Derechos  Humanos de ATE C\u00f3rdoba. Por ello, el miliante destac\u00f3 que &#8220;estamos aqu\u00ed  porque los ex-presos pol\u00edticos tenemos  una pensi\u00f3n que est\u00e1 ligada al convenio colectivo de ATE a nivel  nacional y, por ello, la mayor\u00eda estamos afiliados al Centro de  Jubilados de ATE. Si bien hace mucho que participamos en el sindicato  debemos decir que el respaldo hoy es muy grande y nuestro  apoyo en cuestiones de derechos humanos es para la conducci\u00f3n algo muy  importante&#8221;, remarc\u00f3.<\/p>\n\n\n\n<p><em> <\/em><\/p>\n","protected":false},"excerpt":{"rendered":"<p>El pr\u00f3ximo s\u00e1bado se realizar\u00e1 el Encuentro Nacional de Ex-Presos Pol\u00edticos, V\u00edctimas, Sobrevivientes, Hijos y Exiliados del Terrorismo de Estado en la sede del CDP C\u00f3rdoba de ATE. Se debatir\u00e1 sobre Derechos Humanos en general y sobre el estado actual de implementaci\u00f3n de las leyes reparatorias. Habr\u00e1 presencia de compa\u00f1erxs de provincias de todo el [&hellip;]<\/p>\n","protected":false},"author":1,"featured_media":19220,"comment_status":"open","ping_status":"open","sticky":true,"template":"","format":"standard","meta":{"_exactmetrics_skip_tracking":false,"_exactmetrics_sitenote_active":false,"_exactmetrics_sitenote_note":"","_exactmetrics_sitenote_category":0,"jnews-multi-image_gallery":[],"jnews_single_post":[],"jnews_primary_category":[],"jnews_social_meta":[],"jnews_review":[],"enable_review":"","type":"","name":"","summary":"","brand":"","sku":"","good":[],"bad":[],"score_override":"","override_value":"","rating":[],"price":[],"jnews_override_counter":[],"jnews_post_split":[],"footnotes":""},"categories":[1],"tags":[],"class_list":["post-12137","post","type-post","status-publish","format-standard","has-post-thumbnail","hentry","category-sin-categoria"],"jetpack_featured_media_url":"https:\/\/atecordoba.org\/wp-content\/uploads\/2020\/05\/logo-nuevochico-e1561581322808.png","_links":{"self":[{"href":"https:\/\/atecordoba.org\/index.php?rest_route=\/wp\/v2\/posts\/12137","targetHints":{"allow":["GET"]}}],"collection":[{"href":"https:\/\/atecordoba.org\/index.php?rest_route=\/wp\/v2\/posts"}],"about":[{"href":"https:\/\/atecordoba.org\/index.php?rest_route=\/wp\/v2\/types\/post"}],"author":[{"embeddable":true,"href":"https:\/\/atecordoba.org\/index.php?rest_route=\/wp\/v2\/users\/1"}],"replies":[{"embeddable":true,"href":"https:\/\/atecordoba.org\/index.php?rest_route=%2Fwp%2Fv2%2Fcomments&post=12137"}],"version-history":[{"count":1,"href":"https:\/\/atecordoba.org\/index.php?rest_route=\/wp\/v2\/posts\/12137\/revisions"}],"predecessor-version":[{"id":18802,"href":"https:\/\/atecordoba.org\/index.php?rest_route=\/wp\/v2\/posts\/12137\/revisions\/18802"}],"wp:featuredmedia":[{"embeddable":true,"href":"https:\/\/atecordoba.org\/index.php?rest_route=\/wp\/v2\/media\/19220"}],"wp:attachment":[{"href":"https:\/\/atecordoba.org\/index.php?rest_route=%2Fwp%2Fv2%2Fmedia&parent=12137"}],"wp:term":[{"taxonomy":"category","embeddable":true,"href":"https:\/\/atecordoba.org\/index.php?rest_route=%2Fwp%2Fv2%2Fcategories&post=12137"},{"taxonomy":"post_tag","embeddable":true,"href":"https:\/\/atecordoba.org\/index.php?rest_route=%2Fwp%2Fv2%2Ftags&post=12137"}],"curies":[{"name":"wp","href":"https:\/\/api.w.org\/{rel}","templated":true}]}}