{"id":12134,"date":"2020-02-05T10:15:32","date_gmt":"2020-02-05T13:15:32","guid":{"rendered":"https:\/\/www.atecordoba.org\/?p=12134"},"modified":"2020-05-05T09:11:55","modified_gmt":"2020-05-05T12:11:55","slug":"reunion-con-medios-alternativos-cooperativos-y-autogestivos-en-ate","status":"publish","type":"post","link":"https:\/\/atecordoba.org\/?p=12134","title":{"rendered":"Reuni\u00f3n con medios alternativos, cooperativos y autogestivos en ATE"},"content":{"rendered":"\n<p>El pr\u00f3ximo 10 de febrero se realizar\u00e1, a las 15 horas, en la sede de ATE (Entre R\u00edos 450) un encuentro con trabajadoras y trabajadores de la comunicaci\u00f3n y el periodismo autogestivo, comunitario y cooperativo.<\/p>\n\n\n\n<figure class=\"wp-block-image size-large\"><img decoding=\"async\" src=\"http:\/\/atecordoba.org\/wp-content\/uploads\/2020\/05\/84350943_844790332601554_231399729668292608_n.jpg\" alt=\"\" class=\"wp-image-12135\"\/><\/figure>\n\n\n\n<p>\u201cEl objetivo de este encuentro es\nprincipalmente conocernos, desde que asumimos hace apenas tres meses nos hemos\ndado la pol\u00edtica de abrir nuestro sindicato. Este espacio dormido en el que\nqueremos construir y tejer redes con otras organizaciones, y en esta instancia\nquienes construyen una agenda popular y contra hegem\u00f3nica tienen un lugar\nfundamental\u201d, relat\u00f3 Julia Giuliani secretaria de comunicaci\u00f3n y prensa del CDP\nATE C\u00f3rdoba.<\/p>\n\n\n\n<p>Esta instancia permitir\u00e1 hacer un ida y\nvuelta entre los medios y ATE, sindicato que apuesta fuertemente a una pol\u00edtica\ncomunicacional popular, desde abajo, federal, que represente y visibilice la\nrealidad de las y los estatales de toda la provincia, y principalmente\ninclusiva \u201cen donde nostras las mujeres, que somos el 41% de esta nueva\nconducci\u00f3n provincial nos sintamos representadas\u201d, acot\u00f3 Giuliani.<\/p>\n\n\n\n<p>La invitaci\u00f3n est\u00e1 a vierta a quienes d\u00eda a\nd\u00eda construyen otra agenda, otro contenido, a las y los trabajadores de los\nmedios alternativos para poder conocerse, que estos sean proveedores de cursos\nde capacitaci\u00f3n para nuestro sindicato, debatir sobre la agenda de las y los\ntrabajadores, mujeres y disidencias, el acceso igualitario a las nuevas\ntecnolog\u00edas teniendo en cuenta a la comunicaci\u00f3n como un derecho humano b\u00e1sico,\nla necesidad de desconcentraci\u00f3n de medios para\ndemocratizar la comunicaci\u00f3n, etc.<\/p>\n\n\n\n<p>\u201cLa crisis potencia el trabajo\nen red, y sabemos que el sector de la prensa y la comunicaci\u00f3n sufri\u00f3 una gran\nsangr\u00eda durante el macrismo, el laburo de estas y estos compa\u00f1eros de sostener\nestas estructuras ha sido admirable, y por eso queremos que nos tomen como\nfuente de informaci\u00f3n para producir noticias que realmente lleguen a la\nsociedad y reflejen lo que el sector estatal padeci\u00f3 con el macrismo y\nprincipalmente que se conozca que es lo que hacemos, y es que somos garantes de\nlos derechos de la comunidad\u201d, finaliz\u00f3 la secretaria de prensa y comunicaci\u00f3n.<\/p>\n","protected":false},"excerpt":{"rendered":"<p>El pr\u00f3ximo 10 de febrero se realizar\u00e1, a las 15 horas, en la sede de ATE (Entre R\u00edos 450) un encuentro con trabajadoras y trabajadores de la comunicaci\u00f3n y el periodismo autogestivo, comunitario y cooperativo. \u201cEl objetivo de este encuentro es principalmente conocernos, desde que asumimos hace apenas tres meses nos hemos dado la pol\u00edtica [&hellip;]<\/p>\n","protected":false},"author":1,"featured_media":19220,"comment_status":"open","ping_status":"open","sticky":true,"template":"","format":"standard","meta":{"_exactmetrics_skip_tracking":false,"_exactmetrics_sitenote_active":false,"_exactmetrics_sitenote_note":"","_exactmetrics_sitenote_category":0,"jnews-multi-image_gallery":[],"jnews_single_post":[],"jnews_primary_category":[],"jnews_social_meta":[],"jnews_review":[],"enable_review":"","type":"","name":"","summary":"","brand":"","sku":"","good":[],"bad":[],"score_override":"","override_value":"","rating":[],"price":[],"jnews_override_counter":[],"jnews_post_split":[],"footnotes":""},"categories":[1],"tags":[],"class_list":["post-12134","post","type-post","status-publish","format-standard","has-post-thumbnail","hentry","category-sin-categoria"],"jetpack_featured_media_url":"https:\/\/atecordoba.org\/wp-content\/uploads\/2020\/05\/logo-nuevochico-e1561581322808.png","_links":{"self":[{"href":"https:\/\/atecordoba.org\/index.php?rest_route=\/wp\/v2\/posts\/12134","targetHints":{"allow":["GET"]}}],"collection":[{"href":"https:\/\/atecordoba.org\/index.php?rest_route=\/wp\/v2\/posts"}],"about":[{"href":"https:\/\/atecordoba.org\/index.php?rest_route=\/wp\/v2\/types\/post"}],"author":[{"embeddable":true,"href":"https:\/\/atecordoba.org\/index.php?rest_route=\/wp\/v2\/users\/1"}],"replies":[{"embeddable":true,"href":"https:\/\/atecordoba.org\/index.php?rest_route=%2Fwp%2Fv2%2Fcomments&post=12134"}],"version-history":[{"count":1,"href":"https:\/\/atecordoba.org\/index.php?rest_route=\/wp\/v2\/posts\/12134\/revisions"}],"predecessor-version":[{"id":18804,"href":"https:\/\/atecordoba.org\/index.php?rest_route=\/wp\/v2\/posts\/12134\/revisions\/18804"}],"wp:featuredmedia":[{"embeddable":true,"href":"https:\/\/atecordoba.org\/index.php?rest_route=\/wp\/v2\/media\/19220"}],"wp:attachment":[{"href":"https:\/\/atecordoba.org\/index.php?rest_route=%2Fwp%2Fv2%2Fmedia&parent=12134"}],"wp:term":[{"taxonomy":"category","embeddable":true,"href":"https:\/\/atecordoba.org\/index.php?rest_route=%2Fwp%2Fv2%2Fcategories&post=12134"},{"taxonomy":"post_tag","embeddable":true,"href":"https:\/\/atecordoba.org\/index.php?rest_route=%2Fwp%2Fv2%2Ftags&post=12134"}],"curies":[{"name":"wp","href":"https:\/\/api.w.org\/{rel}","templated":true}]}}