{"id":12130,"date":"2020-02-05T08:41:30","date_gmt":"2020-02-05T11:41:30","guid":{"rendered":"https:\/\/www.atecordoba.org\/?p=12130"},"modified":"2020-05-05T09:11:57","modified_gmt":"2020-05-05T12:11:57","slug":"asamblea-de-la-saf-cordoba-es-con-todas-y-todos-adentro","status":"publish","type":"post","link":"https:\/\/atecordoba.org\/?p=12130","title":{"rendered":"Asamblea de la SAF C\u00f3rdoba: Es con todas y todos adentro"},"content":{"rendered":"\n<p> Lxs Trabajadoras y trabajadores de la Subsecretar\u00eda de Agricultura Familiar Secretar\u00eda de Agricultura Familiar \u2013 Delegaci\u00f3n C\u00f3rdoba, del Ministerio de Agricultura, Ganader\u00eda y Pesca de la Naci\u00f3n \u2013 agremiados en ATE; expresamos nuestra profunda preocupaci\u00f3n debido a la falta de respuestas claras a nuestro pedido de reincorporaci\u00f3n de lxs compa\u00f1erxs despedidxs por la gesti\u00f3n de Mauricio Macri, Luis Miguel Etchevehere y \u2013en C\u00f3rdoba &#8211; llevada a cabo por Juan Pablo Vecchi. <\/p>\n\n\n\n<figure class=\"wp-block-image size-large\"><img decoding=\"async\" src=\"http:\/\/atecordoba.org\/wp-content\/uploads\/2020\/05\/e867079449465f7e4599c023ca9719f9_m-1.jpg\" alt=\"\" class=\"wp-image-12131\"\/><\/figure>\n\n\n\n<p>En nuestra provincia se despidi\u00f3 al 80% de la planta de la SsAF que estaba compuesta por trabajadores\/as, profesionales e id\u00f3neos que eligen trabajar en el acompa\u00f1amiento del sector de la agricultura familiar, campesina y de pueblos originarios dentro del estado nacional en la Subsecretar\u00eda de Agricultura Familiar de la Naci\u00f3n. Somos t\u00e9cnicos y t\u00e9cnicas, organizados en equipos territoriales en toda la provincia, que promovemos el desarrollo de oportunidades para mejorar las condiciones de vida y producci\u00f3n del 65% de los alimentos que consumimos diariamente.  El rol del tecnicx de la SsAF se basa en promover y facilitar procesos de desarrollo rural integral con Agricultores Familiares. Asesorar y acompa\u00f1ar a los peque\u00f1os productores, campesinos y pueblos originarios en la formulaci\u00f3n, gesti\u00f3n y ejecuci\u00f3n de proyectos productivos, de comercializaci\u00f3n, comunicaci\u00f3n, organizaci\u00f3n y acceso a la tierra y al agua. <\/p>\n\n\n\n<p>Ejecutar el RENAF (Registro Nacional de la Agricultura Familiar) contemplado en la ley de agricultura familiar de la provincia. En cada territorio en los que trabajamos articulamos y tejemos redes con otros organismos del estado nacional, provincial y\/o municipal. <\/p>\n\n\n\n<p>Consideramos que para desarrollar pol\u00edticas de impacto positivo en la Agricultura Familiar, que es el sector que pone el alimento en la mesa de las y los argentinos a diario, debemos garantizar la reincorporaci\u00f3n de todos y cada uno de las y los compa\u00f1eros y compa\u00f1eras despedidos de la Subsecretar\u00eda de Agricultura Familiar de la Naci\u00f3n.        <\/p>\n\n\n\n<p><strong>Asamblea ATE SAF Cordoba<\/strong> <\/p>\n","protected":false},"excerpt":{"rendered":"<p>Lxs Trabajadoras y trabajadores de la Subsecretar\u00eda de Agricultura Familiar Secretar\u00eda de Agricultura Familiar \u2013 Delegaci\u00f3n C\u00f3rdoba, del Ministerio de Agricultura, Ganader\u00eda y Pesca de la Naci\u00f3n \u2013 agremiados en ATE; expresamos nuestra profunda preocupaci\u00f3n debido a la falta de respuestas claras a nuestro pedido de reincorporaci\u00f3n de lxs compa\u00f1erxs despedidxs por la gesti\u00f3n de [&hellip;]<\/p>\n","protected":false},"author":1,"featured_media":19220,"comment_status":"open","ping_status":"open","sticky":true,"template":"","format":"standard","meta":{"_exactmetrics_skip_tracking":false,"_exactmetrics_sitenote_active":false,"_exactmetrics_sitenote_note":"","_exactmetrics_sitenote_category":0,"jnews-multi-image_gallery":[],"jnews_single_post":[],"jnews_primary_category":[],"jnews_social_meta":[],"jnews_review":[],"enable_review":"","type":"","name":"","summary":"","brand":"","sku":"","good":[],"bad":[],"score_override":"","override_value":"","rating":[],"price":[],"jnews_override_counter":[],"jnews_post_split":[],"footnotes":""},"categories":[1],"tags":[],"class_list":["post-12130","post","type-post","status-publish","format-standard","has-post-thumbnail","hentry","category-sin-categoria"],"jetpack_featured_media_url":"https:\/\/atecordoba.org\/wp-content\/uploads\/2020\/05\/logo-nuevochico-e1561581322808.png","_links":{"self":[{"href":"https:\/\/atecordoba.org\/index.php?rest_route=\/wp\/v2\/posts\/12130","targetHints":{"allow":["GET"]}}],"collection":[{"href":"https:\/\/atecordoba.org\/index.php?rest_route=\/wp\/v2\/posts"}],"about":[{"href":"https:\/\/atecordoba.org\/index.php?rest_route=\/wp\/v2\/types\/post"}],"author":[{"embeddable":true,"href":"https:\/\/atecordoba.org\/index.php?rest_route=\/wp\/v2\/users\/1"}],"replies":[{"embeddable":true,"href":"https:\/\/atecordoba.org\/index.php?rest_route=%2Fwp%2Fv2%2Fcomments&post=12130"}],"version-history":[{"count":1,"href":"https:\/\/atecordoba.org\/index.php?rest_route=\/wp\/v2\/posts\/12130\/revisions"}],"predecessor-version":[{"id":18806,"href":"https:\/\/atecordoba.org\/index.php?rest_route=\/wp\/v2\/posts\/12130\/revisions\/18806"}],"wp:featuredmedia":[{"embeddable":true,"href":"https:\/\/atecordoba.org\/index.php?rest_route=\/wp\/v2\/media\/19220"}],"wp:attachment":[{"href":"https:\/\/atecordoba.org\/index.php?rest_route=%2Fwp%2Fv2%2Fmedia&parent=12130"}],"wp:term":[{"taxonomy":"category","embeddable":true,"href":"https:\/\/atecordoba.org\/index.php?rest_route=%2Fwp%2Fv2%2Fcategories&post=12130"},{"taxonomy":"post_tag","embeddable":true,"href":"https:\/\/atecordoba.org\/index.php?rest_route=%2Fwp%2Fv2%2Ftags&post=12130"}],"curies":[{"name":"wp","href":"https:\/\/api.w.org\/{rel}","templated":true}]}}