{"id":1213,"date":"2010-05-28T20:44:21","date_gmt":"2010-05-28T23:44:21","guid":{"rendered":"http:\/\/www.atecordoba.org\/?p=1213"},"modified":"2010-05-28T20:44:21","modified_gmt":"2010-05-28T23:44:21","slug":"reivindicacion-de-los-companeros-de-ate-de-santa-maria-de-punilla","status":"publish","type":"post","link":"https:\/\/atecordoba.org\/?p=1213","title":{"rendered":"Reivindicaci\u00f3n de los compa\u00f1eros de ATE de Santa Mar\u00eda de Punilla"},"content":{"rendered":"<p style=\"text-align: center;\"><img loading=\"lazy\" decoding=\"async\" class=\"aligncenter  wp-image-1218\" title=\"arton44\" src=\"http:\/\/www.atecordoba.org\/wp-content\/uploads\/2012\/07\/arton44-1024x680.jpg\" alt=\"\" width=\"502\" height=\"333\" \/><\/p>\n<div>\n<div dir=\"ltr\">\n<p><strong>Se realiz\u00f3 en el Hospital Colonia Santa Mar\u00eda de Punilla, C\u00f3rdoba, un homenaje a los trabajadores sobrevivientes de la dictadura, que fueran secuestrados y mantenidos cautivos en un centro de detenci\u00f3n clandestina perteneciente a la Fuerza A\u00e9rea. En el acto rememor\u00f3 aquellos oscuros d\u00edas, al tiempo que se refrend\u00f3 el reclamo por un nuevo sistema integrado de salud.<\/strong><\/p>\n<\/div>\n<\/div>\n<div>\n<div dir=\"ltr\">\n<p>(C\u00f3rdoba, 26-05-2010)<\/p>\n<p>Por katy Grac\u00eda<\/p>\n<p>A 34 a\u00f1os del secuestro, tortura y c\u00e1rcel sufrida por decenas de trabajadores entre los que se encontraban los integrantes de la comisi\u00f3n directiva de la seccional Punilla de ATE, se realiz\u00f3 un acto en conmemoraci\u00f3n de los sobrevivientes, en la Plazoleta Central del Hospital Colonia de Santa Mar\u00eda<\/p>\n<p>En una fr\u00eda ma\u00f1ana unas 150 personas participaron de la actividad organizada por ATE, con la colaboraci\u00f3n de la Mesa Permanente por los Derechos Humanos de Santa Mar\u00eda de Punilla y localidades aleda\u00f1as y la Asociaci\u00f3n de ex Presos Pol\u00edticos delegaci\u00f3n Punilla.<\/p>\n<p>As\u00ed mismo se realiz\u00f3 una se\u00f1alizaci\u00f3n, descubrimiento de placa recordatoria y la proyecci\u00f3n de un video documental. No solo hubo emoci\u00f3n. La necesidad de un sistema integrado se salud universal y de otros derechos atraves\u00f3 el acto.<\/p>\n<p>El acto cont\u00f3 con la presencia de Julio Fuentes, secretario Adjunto del CDN, Mar\u00eda Teresa Romero, secretaria General del CDP, Oscar Cacho Mengarelli, secretario General de CTA C\u00f3rdoba, funcionarios de gobierno y miembros del Archivo Provincial de la Memoria. En uno de los establecimientos de la colonia funcion\u00f3 durante la dictadura un centro de detenci\u00f3n clandestina controlado por la Fuerza A\u00e9rea.<\/p>\n<p>El 26 de mayo de 1976, un megaoperativo militar secuestr\u00f3 a 70 compa\u00f1eros, quienes fueron maltratados en el hospital, trasladados al Campo de la Rivera y posteriormente \u2018legalizados\u2019 en la Penitenciar\u00eda de San Mart\u00edn.<\/p>\n<p>En nombre de ATE nacional Julio Fuentes valor\u00f3 la presencia de funcionarios p\u00fablicos en el homenaje porque \u201cle otorga otra dimensi\u00f3n\u201d. \u201cPara nosotros no es menor que est\u00e9n las escuelas, autoridades y organizaciones porque los poderosos han negado nuestras luchas\u201d. En ese sentido estim\u00f3 que es importante que \u201cen los documentos y declaraciones de las instituciones p\u00fablicas esto quede plasmado porque contribuir\u00e1 a la memoria\u201d<\/p>\n<p>En ese sentido, Fuentes reivindic\u00f3 la valent\u00eda de los dirigentes que actuaron en esa \u00e9poca porque enfrentaron a la dictadura poniendo en juego su vida. \u201cEn ATE ten\u00edamos hombres como \u00e9stos \u2013valientes- pero tambi\u00e9n hab\u00eda de los otros: los traidores. En aqu\u00e9l momento el gremio estaba en manos de Juan Horvach que no hizo nada al respecto. Incluso hubo un congreso en La falda y no se toc\u00f3 el tema\u201d, ejemplific\u00f3.<\/p>\n<p><strong>&#8220;No nos doblaron&#8221;<\/strong><\/p>\n<p>Carlos Alberto Carranza, en ese entonces secretario general de la comisi\u00f3n directiva de la seccional, record\u00f3 que \u201c\u00e9ramos un grupo de j\u00f3venes cargados de compromiso, m\u00edstica, solidaridad y esperanza no solo en la b\u00fasqueda de reivindicaciones porque por mucho tiempo fuimos la sana envidia de compa\u00f1eros de esta regi\u00f3n. Pero nuestro compromiso iba mucho m\u00e1s all\u00e1: con la calidad de vida y la dignidad que se merec\u00edan los enfermos mentales que eran la raz\u00f3n de nuestro trabajo, no nos qued\u00e1bamos en la chiquita, \u00edbamos por m\u00e1s\u201d, subray\u00f3.<\/p>\n<p>En esa l\u00ednea ponder\u00f3 el accionar profesional y t\u00e9cnico que los convirti\u00f3 en un centro de salud mental que brindaba prestaciones de calidad en el pa\u00eds. \u201cUn 26 de mayo, un d\u00eda tan nublado y tan fr\u00edo como hoy, apareci\u00f3 la garra artera disfrazada por los hombres que representaban a las FF AA que no solo vinieron a aplastar nuestros proyectos sino a parar este trabajo con otras organizaciones porque est\u00e1bamos luchando por una pluralidad ideol\u00f3gica\u201d.<\/p>\n<p>M\u00e1s adelante record\u00f3 c\u00f3mo lograron con la lucha que la primera detenci\u00f3n clandestina del doctor Alberto Sassatelli fuera blanqueada. \u201cNo nos han doblado\u201d, afirm\u00f3 y trajo a la memoria la panfleteada realizada por la Triple A, los intentos fallidos de secuestro contra su persona y \u201cla torpeza verbal y amenazas del brujo L\u00f3pez Rega que nos cit\u00f3 para amenazarnos, para que par\u00e1ramos el avance de nuestra organizaci\u00f3n. Tampoco pudieron cuando destrozaron el local sindical con una bomba de trotyl y cuando amparados en la noche asaltaron la casa del compa\u00f1ero Julio Garc\u00eda junto a sus tres ni\u00f1os\u201d.<\/p>\n<p>Manifest\u00f3 tambi\u00e9n que se siente esperanzado cuando observa \u201ca los miles de j\u00f3venes y a militantes de ATE luchando por la justicia social\u201d. Un fragmento del tema La Cigarra clausur\u00f3 el discurso. \u201cCuantas veces me mataron y sin embargo estoy aqu\u00ed resucitando\u2026Y digo: \u00a1hay tiempo para las utop\u00edas, para el amor Carajo! Porque arde la llama de los j\u00f3venes de ATE en su lucha por lograr la identidad y la democracia\u201d.<\/p>\n<p>Seguidamente y en representaci\u00f3n de la secretar\u00eda de Derechos Humanos de la provincia tom\u00f3 la palabra Juan Villa. El ex dirigente de Perkins conden\u00f3 al Golpe de Estado y dej\u00f3 en claro que \u201caqu\u00ed hubo una lucha de intereses y nosotros como movimiento obrero les molest\u00e1bamos porque ven\u00edamos de la CGT de L\u00f3pez y de Tosco\u201d.<\/p>\n<p>Se\u00f1al\u00f3 adem\u00e1s que muchos de los presentes participaban de la Mesa de Gremios en lucha. \u201cCuando ellos nos reprimieron no hac\u00edan distinciones\u201d, advirti\u00f3 y llam\u00f3 a la unidad. Ponder\u00f3 el trabajo que realizan los trabajadores de la Comisi\u00f3n de la Memoria en la recuperaci\u00f3n y construcci\u00f3n de la memoria colectiva. Sara Waitman habl\u00f3 en representaci\u00f3n del Archivo Provincial de la memoria. Ex presa pol\u00edtica, sostuvo que si bien ese sitio estaba integrado por organismos de derechos humanos y de los poderes del estado le pertenec\u00eda al pueblo y convoc\u00f3 a todos a colaborar en la construcci\u00f3n colectiva.<\/p>\n<p><strong>Recuperar derechos<\/strong><\/p>\n<p>Por su parte, el m\u00e9dico psiquiatra Alberto Sassatelli eludi\u00f3 las presentaciones formales y se dirigi\u00f3 a los \u201ccompa\u00f1eros\u201d. Visiblemente emocionado apel\u00f3 a la sabidur\u00eda popular para explicar este momento: \u201cPerdon\u00e1 si al evocarte se me escapa un lagrim\u00f3n. Eso es lo que pasa cuando veo compa\u00f1eros de entonces que hoy siguen\u201d, expres\u00f3 desde el palco mirando a los presentes entre los que se encontraba el actual y anterior director del hospital.<\/p>\n<p>Uno de los puntos salientes del discurso fue la apelaci\u00f3n a la construcci\u00f3n de una memoria activa. \u201cA veces cuando nos situamos en situaciones penosas les recuerdo que los que dieron la vida, la dieron para el futuro. No para que les construyamos mausoleos sino para que cumplamos sus sue\u00f1os. Entonces, empecemos a pensar en que es lo que falta de ese sue\u00f1o, y les digo: tenemos que recuperar un sistema de salud para todos, recuperar los derechos, recuperar la constituci\u00f3n para que deje de ser una letra muerta que enuncia lo que deber\u00eda ser\u201d, se\u00f1al\u00f3.<\/p>\n<p>Hizo referencia a los festejos por el Bicentenario y a los millones de j\u00f3venes a quienes les tocar\u00e1 saldar cuestiones pendientes que en 200 a\u00f1os no se han cumplido.<\/p>\n<p>Precisamente, una de ellas es el proyecto de un sistema integral de salud, gestado en Punilla luego convertido en ley y firmado por el general Per\u00f3n. Rescat\u00f3 la figura del m\u00e9dico Baigorr\u00ed que luch\u00f3 por plasmar esas ideas. \u201cTenemos que exigirle a peronistas y radicales que recuperemos esa ley\u201d, enfatiz\u00f3. \u201cHe pasado mi vida peleando por esto. Y como dec\u00eda el cabez\u00f3n (Carranza) no puede haber una lucha gremial desprendida de las dem\u00e1s cuestiones sanitarias\u201d. Y remat\u00f3 con unas l\u00edneas del poema Eleg\u00eda de Miguel Hern\u00e1ndez.<\/p>\n<p>El secretario de derechos humanos de la municipalidad de C\u00f3rdoba comenz\u00f3 recordando que hace unos a\u00f1os hab\u00eda participado de otro homenaje en este lugar y que en ese momento se le vino una frase que hoy volv\u00eda a pronunciar. \u201cDe poetas y de locos todos tenemos un poco y me parece importante recuperar la locura porque los cuerdos generalmente quieren que todo quede como estaba. No son posibles los cambios revolucionarios sino incorporamos a nuestras convicciones un poco de locura\u201d, dispar\u00f3.<\/p>\n<p>En esa perspectiva afirm\u00f3 que un sesenta por ciento de los trabajadores en C\u00f3rdoba llevaban consigo esa pizca de locura para intentar cambiar la sociedad capitalista en que viv\u00edan. \u201cEl mismo capitalismo que existe hoy\u201d reflexion\u00f3. Y trajo al presente la lucha de los trabajadores de ATE que \u201ccontin\u00faan perseguidos porque no tienen siquiera el c\u00f3digo de descuento\u201d. Luego abund\u00f3 en que \u201cdebe mantenerse esta memoria presente porque no basta con placas solamente. A la memoria hay que ejercitarla y actualizarla retomando las convicciones y poniendo el cuerpo en el compromiso concreto\u201d.<\/p>\n<p>Sobre el m\u00e9todo de la desaparici\u00f3n dijo que no era casual porque sin cuerpos no hay historia, no hay memoria, no hay cambios revolucionarios. \u201cPor eso nuestra memoria tiene sentido porque traemos esos cuerpos, no para convertirlos en h\u00e9roes, ni m\u00e1rtires, ni v\u00edctimas del pasado. Por eso, en la medida en que retomamos esas convicciones, en que incorporamos esas locuras, vamos a honrar la memoria no solo de los desaparecidos sino de otros como los que veo aqu\u00ed mismo\u201d.<\/p>\n<p>Cerr\u00f3 el acto el secretario general de la CTA provincial Oscar Mengarelli quien abog\u00f3 porque el ciclo de los derechos humanos acabe con la desnutrici\u00f3n infantil y promueva el trabajo decente. \u201cA pesar de los genocidas, de las guerras del capitalismo, la amada vida siempre le gana a la muerte. Libertad, derechos, constituci\u00f3n, y derechos del pueblo. Por eso se los llevaron y por eso tenemos que continuar nosotros\u201d, finaliz\u00f3.<\/p>\n<p>Tras la actuaci\u00f3n de alumnos de la escuela local se proyect\u00f3 el video institucional que narra esta experiencia de lucha y que pone el foco en cuestiones centrales como el derecho a la salud y a las organizaciones de los trabajadores atacadas ferozmente por la dictadura.<\/p>\n<\/div>\n<\/div>\n","protected":false},"excerpt":{"rendered":"<p>Se realiz\u00f3 en el Hospital Colonia Santa Mar\u00eda de Punilla, C\u00f3rdoba, un homenaje a los trabajadores sobrevivientes de la dictadura, que fueran secuestrados y mantenidos cautivos en un centro de detenci\u00f3n clandestina perteneciente a la Fuerza A\u00e9rea. En el acto rememor\u00f3 aquellos oscuros d\u00edas, al tiempo que se refrend\u00f3 el reclamo por un nuevo sistema [&hellip;]<\/p>\n","protected":false},"author":1,"featured_media":19220,"comment_status":"open","ping_status":"open","sticky":false,"template":"","format":"standard","meta":{"_exactmetrics_skip_tracking":false,"_exactmetrics_sitenote_active":false,"_exactmetrics_sitenote_note":"","_exactmetrics_sitenote_category":0,"jnews-multi-image_gallery":[],"jnews_single_post":[],"jnews_primary_category":[],"jnews_social_meta":[],"jnews_review":[],"enable_review":"","type":"","name":"","summary":"","brand":"","sku":"","good":[],"bad":[],"score_override":"","override_value":"","rating":[],"price":[],"jnews_override_counter":[],"jnews_post_split":[],"footnotes":""},"categories":[8],"tags":[29,31,40],"class_list":["post-1213","post","type-post","status-publish","format-standard","has-post-thumbnail","hentry","category-provinciales","tag-nacionales-2","tag-provinciales-2","tag-santa-maria-de-punilla"],"jetpack_featured_media_url":"https:\/\/atecordoba.org\/wp-content\/uploads\/2020\/05\/logo-nuevochico-e1561581322808.png","_links":{"self":[{"href":"https:\/\/atecordoba.org\/index.php?rest_route=\/wp\/v2\/posts\/1213","targetHints":{"allow":["GET"]}}],"collection":[{"href":"https:\/\/atecordoba.org\/index.php?rest_route=\/wp\/v2\/posts"}],"about":[{"href":"https:\/\/atecordoba.org\/index.php?rest_route=\/wp\/v2\/types\/post"}],"author":[{"embeddable":true,"href":"https:\/\/atecordoba.org\/index.php?rest_route=\/wp\/v2\/users\/1"}],"replies":[{"embeddable":true,"href":"https:\/\/atecordoba.org\/index.php?rest_route=%2Fwp%2Fv2%2Fcomments&post=1213"}],"version-history":[{"count":0,"href":"https:\/\/atecordoba.org\/index.php?rest_route=\/wp\/v2\/posts\/1213\/revisions"}],"wp:featuredmedia":[{"embeddable":true,"href":"https:\/\/atecordoba.org\/index.php?rest_route=\/wp\/v2\/media\/19220"}],"wp:attachment":[{"href":"https:\/\/atecordoba.org\/index.php?rest_route=%2Fwp%2Fv2%2Fmedia&parent=1213"}],"wp:term":[{"taxonomy":"category","embeddable":true,"href":"https:\/\/atecordoba.org\/index.php?rest_route=%2Fwp%2Fv2%2Fcategories&post=1213"},{"taxonomy":"post_tag","embeddable":true,"href":"https:\/\/atecordoba.org\/index.php?rest_route=%2Fwp%2Fv2%2Ftags&post=1213"}],"curies":[{"name":"wp","href":"https:\/\/api.w.org\/{rel}","templated":true}]}}