{"id":12124,"date":"2020-02-04T12:24:51","date_gmt":"2020-02-04T15:24:51","guid":{"rendered":"https:\/\/www.atecordoba.org\/?p=12124"},"modified":"2020-05-05T09:11:59","modified_gmt":"2020-05-05T12:11:59","slug":"reunion-de-dirigentas-de-ate-de-la-provincia","status":"publish","type":"post","link":"https:\/\/atecordoba.org\/?p=12124","title":{"rendered":"Reuni\u00f3n de mujeres de conducci\u00f3n de ATE C\u00f3rdoba"},"content":{"rendered":"\n<p>El lunes 3 de febrero, mujeres compa\u00f1eras, dirigentas de nuestra asociaci\u00f3n sindical se reunieron en la sede del Consejo Directivo Provincial, con el objetivo de avanzar en lo promulgado durante la campa\u00f1a electoral y que hoy buscamos sea pol\u00edtica de g\u00e9neros de esta nueva conducci\u00f3n.<\/p>\n\n\n\n<figure class=\"wp-block-image size-large\"><img decoding=\"async\" src=\"http:\/\/atecordoba.org\/wp-content\/uploads\/2020\/05\/83074968_812150639196199_5415613521536745472_n-3.jpg\" alt=\"\" class=\"wp-image-12125\"\/><\/figure>\n\n\n\n<p>Por parte del CDP de ATE C\u00f3rdoba estuvieron Julia Giuliani secretaria de prensa y comunicaci\u00f3n, Gabriela Alcoba prosecretaria administrativa, Edith Innamorato secretaria de interior, Celeste Mart\u00ednez vocal, Gabriela Garc\u00eda vocal, Elisa Mar\u00eda Sotti secretaria de actas; por parte de la Seccional de R\u00edo Cuarto Rafaela Alcoba secretaria general; de la Seccional de R\u00edo Tercero estuvo Susana Demichelis miembro de Comisi\u00f3n Directiva; de Cruz del Eje estuvieron Mar\u00eda Jos\u00e9 Pe\u00f1aloza, Nancy Monserrat y Joanna Benedetti;  y de la Delegaci\u00f3n de San Francisco  Gladys Medina y Andrea Carrasco. <\/p>\n\n\n\n<p>El eje del encuentro fue poner en marcha acciones que permitan darle cuerpo a las propuestas de campa\u00f1a, que la lista Verde y Violeta que hoy conduce el CDP de ATE C\u00f3rdoba plasmaron en su plataforma electoral. La pol\u00edtica de g\u00e9nero y diversidad ser\u00e1 transversal a todas las secretarias del CDP como en las seccionales. <\/p>\n\n\n\n<figure class=\"wp-block-image size-large\"><img decoding=\"async\" src=\"http:\/\/atecordoba.org\/wp-content\/uploads\/2020\/05\/84529219_3084544831589636_1951943377675091968_n.jpg\" alt=\"\" class=\"wp-image-12126\"\/><\/figure>\n\n\n\n<p>En ese sentido se pens\u00f3 avanzar en primer lugar con la formaci\u00f3n interna a las conducciones en materia de g\u00e9nero y diversidad, impulsar la formaci\u00f3n externa a las conducciones hacia los delegados y afiliados de ATE. Por ello, se sumar\u00e1n compa\u00f1eras de seccionales al equipo de formaci\u00f3n con amplios saberes y conocimientos en la tem\u00e1tica convocante.<\/p>\n\n\n\n<p>El trabajo de g\u00e9nero tendr\u00e1 una nueva entidad en ATE, impulsada por este CDP compuesto en un 41% por mujeres, con presencia tambi\u00e9n de dirigentas en las conducciones de seccionales es que se jerarquizar\u00e1 el trabajo en g\u00e9nero y diversidad. Por otro lado se buscar\u00e1 que se trate con car\u00e1cter de urgente en el pr\u00f3ximo congreso provincial el Protocolo de Acci\u00f3n contra la Violencia de g\u00e9nero. <\/p>\n\n\n\n<p><strong>Hacia el 8M<\/strong><\/p>\n\n\n\n<p>En ese sentido ya se sali\u00f3 con la campa\u00f1a audiovisual para concientizar sobre la importancia del Convenio 190 de OIT lanzada por la Secretaria de Comunicaci\u00f3n. Tambi\u00e9n se est\u00e1 previendo realizar una muestra donde se intervengan los pisos de ATE con fotograf\u00edas de trabajadoras afiliadas de los distintos niveles de gobierno (Municipales, Provinciales y Nacionales) de cara al 8M.<\/p>\n","protected":false},"excerpt":{"rendered":"<p>El lunes 3 de febrero, mujeres compa\u00f1eras, dirigentas de nuestra asociaci\u00f3n sindical se reunieron en la sede del Consejo Directivo Provincial, con el objetivo de avanzar en lo promulgado durante la campa\u00f1a electoral y que hoy buscamos sea pol\u00edtica de g\u00e9neros de esta nueva conducci\u00f3n. Por parte del CDP de ATE C\u00f3rdoba estuvieron Julia Giuliani [&hellip;]<\/p>\n","protected":false},"author":1,"featured_media":19220,"comment_status":"open","ping_status":"open","sticky":true,"template":"","format":"standard","meta":{"_exactmetrics_skip_tracking":false,"_exactmetrics_sitenote_active":false,"_exactmetrics_sitenote_note":"","_exactmetrics_sitenote_category":0,"jnews-multi-image_gallery":[],"jnews_single_post":[],"jnews_primary_category":[],"jnews_social_meta":[],"jnews_review":[],"enable_review":"","type":"","name":"","summary":"","brand":"","sku":"","good":[],"bad":[],"score_override":"","override_value":"","rating":[],"price":[],"jnews_override_counter":[],"jnews_post_split":[],"footnotes":""},"categories":[1],"tags":[],"class_list":["post-12124","post","type-post","status-publish","format-standard","has-post-thumbnail","hentry","category-sin-categoria"],"jetpack_featured_media_url":"https:\/\/atecordoba.org\/wp-content\/uploads\/2020\/05\/logo-nuevochico-e1561581322808.png","_links":{"self":[{"href":"https:\/\/atecordoba.org\/index.php?rest_route=\/wp\/v2\/posts\/12124","targetHints":{"allow":["GET"]}}],"collection":[{"href":"https:\/\/atecordoba.org\/index.php?rest_route=\/wp\/v2\/posts"}],"about":[{"href":"https:\/\/atecordoba.org\/index.php?rest_route=\/wp\/v2\/types\/post"}],"author":[{"embeddable":true,"href":"https:\/\/atecordoba.org\/index.php?rest_route=\/wp\/v2\/users\/1"}],"replies":[{"embeddable":true,"href":"https:\/\/atecordoba.org\/index.php?rest_route=%2Fwp%2Fv2%2Fcomments&post=12124"}],"version-history":[{"count":1,"href":"https:\/\/atecordoba.org\/index.php?rest_route=\/wp\/v2\/posts\/12124\/revisions"}],"predecessor-version":[{"id":18810,"href":"https:\/\/atecordoba.org\/index.php?rest_route=\/wp\/v2\/posts\/12124\/revisions\/18810"}],"wp:featuredmedia":[{"embeddable":true,"href":"https:\/\/atecordoba.org\/index.php?rest_route=\/wp\/v2\/media\/19220"}],"wp:attachment":[{"href":"https:\/\/atecordoba.org\/index.php?rest_route=%2Fwp%2Fv2%2Fmedia&parent=12124"}],"wp:term":[{"taxonomy":"category","embeddable":true,"href":"https:\/\/atecordoba.org\/index.php?rest_route=%2Fwp%2Fv2%2Fcategories&post=12124"},{"taxonomy":"post_tag","embeddable":true,"href":"https:\/\/atecordoba.org\/index.php?rest_route=%2Fwp%2Fv2%2Ftags&post=12124"}],"curies":[{"name":"wp","href":"https:\/\/api.w.org\/{rel}","templated":true}]}}