{"id":12121,"date":"2020-02-04T11:49:43","date_gmt":"2020-02-04T14:49:43","guid":{"rendered":"https:\/\/www.atecordoba.org\/?p=12121"},"modified":"2020-05-05T09:12:02","modified_gmt":"2020-05-05T12:12:02","slug":"ate-mantuvo-una-nueva-reunion-con-el-ministro-de-ciencia-tecnologia-e-innovacion","status":"publish","type":"post","link":"https:\/\/atecordoba.org\/?p=12121","title":{"rendered":"ATE mantuvo una nueva reuni\u00f3n con el ministro de Ciencia, Tecnolog\u00eda e Innovaci\u00f3n"},"content":{"rendered":"\n<p> Se habl\u00f3 de la ciencia y tecnolog\u00eda como herramientas para el desarrollo  soberano, las mejoras en las becas y la participaci\u00f3n de lxs  trabajadorxs. <\/p>\n\n\n\n<figure class=\"wp-block-image size-large\"><img decoding=\"async\" src=\"http:\/\/atecordoba.org\/wp-content\/uploads\/2020\/05\/e867079449465f7e4599c023ca9719f9_m.jpg\" alt=\"\" class=\"wp-image-12122\"\/><\/figure>\n\n\n\n<p>Esta ma\u00f1ana, la Asociaci\u00f3n Trabajadores del Estado (ATE)\nmantuvo un nuevo encuentro con el ministro de Ciencia, Tecnolog\u00eda e Innovaci\u00f3n,\nRoberto Salvarezza. Se trata del tercero que ATE mantiene con el actual funcionario.<\/p>\n\n\n\n<p>La reuni\u00f3n estuvo encabezada por el Secretario General de\nATE Nacional, Hugo \u201cCachorro\u201d Godoy junto con, Mercedes Cabezas, Secretaria de\nOrganizaci\u00f3n, Flavio Sives de ATE CONICET y Rodolfo Kempf de CNEA.<\/p>\n\n\n\n<p>Uno de los ejes principales fue la caracterizaci\u00f3n del\nsector de Ciencia y Tecnolog\u00eda como herramienta necesaria en la reconstrucci\u00f3n\ndel entramado productivo. En este sentido, se convers\u00f3 acerca del Gabinete\nCient\u00edfico Tecnol\u00f3gico (GACTEC) que en la actualidad se encuentra bajo la\n\u00f3rbita del ministerio de Ciencia y Tecnolog\u00eda y que existe una propuesta para\nque pase a la jefatura de Gabinete de Ministros.<\/p>\n\n\n\n<p>Desde ATE se propuso que dicho gabinete tenga representaci\u00f3n\ngremial o bien tengan real participaci\u00f3n las y los trabajadores estatales.<\/p>\n\n\n\n<p>Otro de los temas tratados fueron las becas doctorales y\nposdoctorales de Agencia y &nbsp;CONICET que\nse har\u00edan extensivas a CNEA. Adem\u00e1s,&nbsp; se\npuso de manifiesto la necesidad de avanzar en una discusi\u00f3n para una CCT\nsectorial del CONICET, y una homologaci\u00f3n entre categor\u00edas equivalentes para\nlos diferentes organismos.<\/p>\n\n\n\n<p>Por \u00faltimo, Salvarezza manifest\u00f3 la entrega de 100 becas\ndoctorales para CNEA y la posibilidad de que se extiendan a CONICET.<\/p>\n\n\n\n<p><strong>Prensa ATE Nacional<\/strong><\/p>\n","protected":false},"excerpt":{"rendered":"<p>Se habl\u00f3 de la ciencia y tecnolog\u00eda como herramientas para el desarrollo soberano, las mejoras en las becas y la participaci\u00f3n de lxs trabajadorxs. Esta ma\u00f1ana, la Asociaci\u00f3n Trabajadores del Estado (ATE) mantuvo un nuevo encuentro con el ministro de Ciencia, Tecnolog\u00eda e Innovaci\u00f3n, Roberto Salvarezza. Se trata del tercero que ATE mantiene con el [&hellip;]<\/p>\n","protected":false},"author":1,"featured_media":19220,"comment_status":"open","ping_status":"open","sticky":true,"template":"","format":"standard","meta":{"_exactmetrics_skip_tracking":false,"_exactmetrics_sitenote_active":false,"_exactmetrics_sitenote_note":"","_exactmetrics_sitenote_category":0,"jnews-multi-image_gallery":[],"jnews_single_post":[],"jnews_primary_category":[],"jnews_social_meta":[],"jnews_review":[],"enable_review":"","type":"","name":"","summary":"","brand":"","sku":"","good":[],"bad":[],"score_override":"","override_value":"","rating":[],"price":[],"jnews_override_counter":[],"jnews_post_split":[],"footnotes":""},"categories":[1],"tags":[],"class_list":["post-12121","post","type-post","status-publish","format-standard","has-post-thumbnail","hentry","category-sin-categoria"],"jetpack_featured_media_url":"https:\/\/atecordoba.org\/wp-content\/uploads\/2020\/05\/logo-nuevochico-e1561581322808.png","_links":{"self":[{"href":"https:\/\/atecordoba.org\/index.php?rest_route=\/wp\/v2\/posts\/12121","targetHints":{"allow":["GET"]}}],"collection":[{"href":"https:\/\/atecordoba.org\/index.php?rest_route=\/wp\/v2\/posts"}],"about":[{"href":"https:\/\/atecordoba.org\/index.php?rest_route=\/wp\/v2\/types\/post"}],"author":[{"embeddable":true,"href":"https:\/\/atecordoba.org\/index.php?rest_route=\/wp\/v2\/users\/1"}],"replies":[{"embeddable":true,"href":"https:\/\/atecordoba.org\/index.php?rest_route=%2Fwp%2Fv2%2Fcomments&post=12121"}],"version-history":[{"count":1,"href":"https:\/\/atecordoba.org\/index.php?rest_route=\/wp\/v2\/posts\/12121\/revisions"}],"predecessor-version":[{"id":18812,"href":"https:\/\/atecordoba.org\/index.php?rest_route=\/wp\/v2\/posts\/12121\/revisions\/18812"}],"wp:featuredmedia":[{"embeddable":true,"href":"https:\/\/atecordoba.org\/index.php?rest_route=\/wp\/v2\/media\/19220"}],"wp:attachment":[{"href":"https:\/\/atecordoba.org\/index.php?rest_route=%2Fwp%2Fv2%2Fmedia&parent=12121"}],"wp:term":[{"taxonomy":"category","embeddable":true,"href":"https:\/\/atecordoba.org\/index.php?rest_route=%2Fwp%2Fv2%2Fcategories&post=12121"},{"taxonomy":"post_tag","embeddable":true,"href":"https:\/\/atecordoba.org\/index.php?rest_route=%2Fwp%2Fv2%2Ftags&post=12121"}],"curies":[{"name":"wp","href":"https:\/\/api.w.org\/{rel}","templated":true}]}}