{"id":12118,"date":"2020-02-04T09:07:08","date_gmt":"2020-02-04T12:07:08","guid":{"rendered":"https:\/\/www.atecordoba.org\/?p=12118"},"modified":"2020-05-05T09:12:04","modified_gmt":"2020-05-05T12:12:04","slug":"municipales-de-coronel-baigorria-se-incorporan-a-ate","status":"publish","type":"post","link":"https:\/\/atecordoba.org\/?p=12118","title":{"rendered":"Municipales de Coronel Baigorria se incorporan a ATE"},"content":{"rendered":"\n<p>Con la presencia del Secretario General de la Asociaci\u00f3n Trabajadores  del Estado (ATE-CTA) C\u00f3rdoba, Federico Giuliani, se llev\u00f3 a cabo este  lunes la primera audiencia del gremio con autoridades de la localidad de  Coronel Baigorria, distante 34 kil\u00f3metros de la ciudad de R\u00edo Cuarto.<\/p>\n\n\n\n<figure class=\"wp-block-image size-large\"><img decoding=\"async\" src=\"http:\/\/atecordoba.org\/wp-content\/uploads\/2020\/05\/83556272_812842069127056_703496517595430912_n-300x169-3.jpg\" alt=\"\" class=\"wp-image-12119\"\/><\/figure>\n\n\n\n<p>Acompa\u00f1aron a Giuliani en la reuni\u00f3n con el Intendente Walter  Perrone, Rafaela Alcoba y Pablo Irusta, Secretaria General y Secretario  Gremial de ATE Seccional R\u00edo Cuarto, respectivamente. Tambi\u00e9n estuvieron  presentes las delegadas locales, Natalia Meneghello y Julieta Campagna.<\/p>\n\n\n\n<p>Junto al Intendente Perrone estuvieron el Secretario de Gobierno, \nAriel Alba y la presidenta del Concejo Deliberante, Ayel\u00e9n Arguello.<\/p>\n\n\n\n<p>\u201cLogramos el reconocimiento de ATE en la organizaci\u00f3n de los y las \ntrabajadoras municipales y el C\u00f3digo de Descuento. Planteamos diferentes\n tem\u00e1ticas que ser\u00e1n contestadas el 26 de febrero, fecha de la pr\u00f3xima \naudiencia\u201d, poste\u00f3 Giuliani -Secretario General de la CTA Aut\u00f3noma \nC\u00f3rdoba- por las redes sociales luego de la audiencia en ese Municipio.<\/p>\n\n\n\n<p>Entre los temas planteados figuran los siguientes:<\/p>\n\n\n\n<p>*Recomposici\u00f3n salarial 200 del 45%.<\/p>\n\n\n\n<p>*Incorporar los \u00edtemes de Refrigerio; Asistencia; Puntualidad y T\u00edtulo.<\/p>\n\n\n\n<p>*Regularizar las Vacaciones.<\/p>\n\n\n\n<p>*Conformar una Mesa de Relaciones Laborales para redactar un Estatuto Municipal.<\/p>\n\n\n\n<p>Esos, y otros temas, ser\u00e1n considerados en un pr\u00f3ximo encuentro pautado para el pr\u00f3ximo mi\u00e9rcoles 26 de este mes.<\/p>\n","protected":false},"excerpt":{"rendered":"<p>Con la presencia del Secretario General de la Asociaci\u00f3n Trabajadores del Estado (ATE-CTA) C\u00f3rdoba, Federico Giuliani, se llev\u00f3 a cabo este lunes la primera audiencia del gremio con autoridades de la localidad de Coronel Baigorria, distante 34 kil\u00f3metros de la ciudad de R\u00edo Cuarto. Acompa\u00f1aron a Giuliani en la reuni\u00f3n con el Intendente Walter Perrone, [&hellip;]<\/p>\n","protected":false},"author":1,"featured_media":19220,"comment_status":"open","ping_status":"open","sticky":true,"template":"","format":"standard","meta":{"_exactmetrics_skip_tracking":false,"_exactmetrics_sitenote_active":false,"_exactmetrics_sitenote_note":"","_exactmetrics_sitenote_category":0,"jnews-multi-image_gallery":[],"jnews_single_post":[],"jnews_primary_category":[],"jnews_social_meta":[],"jnews_review":[],"enable_review":"","type":"","name":"","summary":"","brand":"","sku":"","good":[],"bad":[],"score_override":"","override_value":"","rating":[],"price":[],"jnews_override_counter":[],"jnews_post_split":[],"footnotes":""},"categories":[1],"tags":[],"class_list":["post-12118","post","type-post","status-publish","format-standard","has-post-thumbnail","hentry","category-sin-categoria"],"jetpack_featured_media_url":"https:\/\/atecordoba.org\/wp-content\/uploads\/2020\/05\/logo-nuevochico-e1561581322808.png","_links":{"self":[{"href":"https:\/\/atecordoba.org\/index.php?rest_route=\/wp\/v2\/posts\/12118","targetHints":{"allow":["GET"]}}],"collection":[{"href":"https:\/\/atecordoba.org\/index.php?rest_route=\/wp\/v2\/posts"}],"about":[{"href":"https:\/\/atecordoba.org\/index.php?rest_route=\/wp\/v2\/types\/post"}],"author":[{"embeddable":true,"href":"https:\/\/atecordoba.org\/index.php?rest_route=\/wp\/v2\/users\/1"}],"replies":[{"embeddable":true,"href":"https:\/\/atecordoba.org\/index.php?rest_route=%2Fwp%2Fv2%2Fcomments&post=12118"}],"version-history":[{"count":1,"href":"https:\/\/atecordoba.org\/index.php?rest_route=\/wp\/v2\/posts\/12118\/revisions"}],"predecessor-version":[{"id":18814,"href":"https:\/\/atecordoba.org\/index.php?rest_route=\/wp\/v2\/posts\/12118\/revisions\/18814"}],"wp:featuredmedia":[{"embeddable":true,"href":"https:\/\/atecordoba.org\/index.php?rest_route=\/wp\/v2\/media\/19220"}],"wp:attachment":[{"href":"https:\/\/atecordoba.org\/index.php?rest_route=%2Fwp%2Fv2%2Fmedia&parent=12118"}],"wp:term":[{"taxonomy":"category","embeddable":true,"href":"https:\/\/atecordoba.org\/index.php?rest_route=%2Fwp%2Fv2%2Fcategories&post=12118"},{"taxonomy":"post_tag","embeddable":true,"href":"https:\/\/atecordoba.org\/index.php?rest_route=%2Fwp%2Fv2%2Ftags&post=12118"}],"curies":[{"name":"wp","href":"https:\/\/api.w.org\/{rel}","templated":true}]}}