{"id":12115,"date":"2020-02-04T08:48:57","date_gmt":"2020-02-04T11:48:57","guid":{"rendered":"https:\/\/www.atecordoba.org\/?p=12115"},"modified":"2020-05-05T09:12:05","modified_gmt":"2020-05-05T12:12:05","slug":"reincorporacion-ya-de-las-despedidas-de-senaf","status":"publish","type":"post","link":"https:\/\/atecordoba.org\/?p=12115","title":{"rendered":"Reincorporaci\u00f3n YA de las despedidas de SENAF"},"content":{"rendered":"\n<p> En el \u00e1rea de Penal Juvenil de SeNAF han dejado sin trabajo a tres trabajadoras sociales desde el mes de enero, sin dar respuesta alguna.  Hacemos responsables al Secretario Pi\u00f1ero, al Ministro L\u00f3pez y al gobernador de esta situaci\u00f3n que ha dejado a decenas de ni\u00f1es y j\u00f3venes sin atenci\u00f3n. <\/p>\n\n\n\n<figure class=\"wp-block-image size-large\"><img decoding=\"async\" src=\"http:\/\/atecordoba.org\/wp-content\/uploads\/2020\/05\/83074968_812150639196199_5415613521536745472_n-2.jpg\" alt=\"\" class=\"wp-image-12116\"\/><\/figure>\n\n\n\n<p>&#8220;Les trabajadores estatales precarizades hemos comenzado a organizarnos, tapando nuestras caras con m\u00e1scaras por miedo, pero no permitiremos ning\u00fan atropello hacia les trabajadores que comenzamos a organizarnos por nuestros derechos. Llamamos a todas las organizaciones sociales, gremiales, estudiantiles y pol\u00edticas a qu\u00e9 nos apoyen en esta lucha, acompa\u00f1\u00e1ndonos el pr\u00f3ximo jueves 6 a las 12 hs al frente del Ministerio de Justicia (Alvear 150). Reincorporaci\u00f3n inmediata de las trabajadoras despedidas. Pase a planta de todes les trabajadores&#8221;, reza el comunicado de las y los trabajadores. <\/p>\n","protected":false},"excerpt":{"rendered":"<p>En el \u00e1rea de Penal Juvenil de SeNAF han dejado sin trabajo a tres trabajadoras sociales desde el mes de enero, sin dar respuesta alguna. Hacemos responsables al Secretario Pi\u00f1ero, al Ministro L\u00f3pez y al gobernador de esta situaci\u00f3n que ha dejado a decenas de ni\u00f1es y j\u00f3venes sin atenci\u00f3n. &#8220;Les trabajadores estatales precarizades hemos [&hellip;]<\/p>\n","protected":false},"author":1,"featured_media":19220,"comment_status":"open","ping_status":"open","sticky":true,"template":"","format":"standard","meta":{"_exactmetrics_skip_tracking":false,"_exactmetrics_sitenote_active":false,"_exactmetrics_sitenote_note":"","_exactmetrics_sitenote_category":0,"jnews-multi-image_gallery":[],"jnews_single_post":[],"jnews_primary_category":[],"jnews_social_meta":[],"jnews_review":[],"enable_review":"","type":"","name":"","summary":"","brand":"","sku":"","good":[],"bad":[],"score_override":"","override_value":"","rating":[],"price":[],"jnews_override_counter":[],"jnews_post_split":[],"footnotes":""},"categories":[1],"tags":[],"class_list":["post-12115","post","type-post","status-publish","format-standard","has-post-thumbnail","hentry","category-sin-categoria"],"jetpack_featured_media_url":"https:\/\/atecordoba.org\/wp-content\/uploads\/2020\/05\/logo-nuevochico-e1561581322808.png","_links":{"self":[{"href":"https:\/\/atecordoba.org\/index.php?rest_route=\/wp\/v2\/posts\/12115","targetHints":{"allow":["GET"]}}],"collection":[{"href":"https:\/\/atecordoba.org\/index.php?rest_route=\/wp\/v2\/posts"}],"about":[{"href":"https:\/\/atecordoba.org\/index.php?rest_route=\/wp\/v2\/types\/post"}],"author":[{"embeddable":true,"href":"https:\/\/atecordoba.org\/index.php?rest_route=\/wp\/v2\/users\/1"}],"replies":[{"embeddable":true,"href":"https:\/\/atecordoba.org\/index.php?rest_route=%2Fwp%2Fv2%2Fcomments&post=12115"}],"version-history":[{"count":1,"href":"https:\/\/atecordoba.org\/index.php?rest_route=\/wp\/v2\/posts\/12115\/revisions"}],"predecessor-version":[{"id":18816,"href":"https:\/\/atecordoba.org\/index.php?rest_route=\/wp\/v2\/posts\/12115\/revisions\/18816"}],"wp:featuredmedia":[{"embeddable":true,"href":"https:\/\/atecordoba.org\/index.php?rest_route=\/wp\/v2\/media\/19220"}],"wp:attachment":[{"href":"https:\/\/atecordoba.org\/index.php?rest_route=%2Fwp%2Fv2%2Fmedia&parent=12115"}],"wp:term":[{"taxonomy":"category","embeddable":true,"href":"https:\/\/atecordoba.org\/index.php?rest_route=%2Fwp%2Fv2%2Fcategories&post=12115"},{"taxonomy":"post_tag","embeddable":true,"href":"https:\/\/atecordoba.org\/index.php?rest_route=%2Fwp%2Fv2%2Ftags&post=12115"}],"curies":[{"name":"wp","href":"https:\/\/api.w.org\/{rel}","templated":true}]}}