{"id":12111,"date":"2020-02-03T10:03:10","date_gmt":"2020-02-03T13:03:10","guid":{"rendered":"https:\/\/www.atecordoba.org\/?p=12111"},"modified":"2020-05-05T09:12:06","modified_gmt":"2020-05-05T12:12:06","slug":"gran-logro-de-ate-rio-cuarto-en-pami","status":"publish","type":"post","link":"https:\/\/atecordoba.org\/?p=12111","title":{"rendered":"Gran logro de ATE R\u00edo Cuarto en PAMI"},"content":{"rendered":"\n<p>\u201cLa Comisi\u00f3n Directiva de la Asociaci\u00f3n Trabajadores del Estado  (ATE-CTA) Seccional R\u00edo Cuarto, informa que a partir del pr\u00f3ximo lunes 3  de febrero, PAMI volver\u00e1 a atender en su horario tradicional,  removiendo la extensi\u00f3n horaria implementada por el Gobierno anterior.<\/p>\n\n\n\n<figure class=\"wp-block-image size-large\"><img decoding=\"async\" src=\"http:\/\/atecordoba.org\/wp-content\/uploads\/2020\/05\/83074968_812150639196199_5415613521536745472_n-1.jpg\" alt=\"\" class=\"wp-image-12112\"\/><\/figure>\n\n\n\n<p>\u201cEsta modificaci\u00f3n se debe gracias a gestiones realizadas por nuestro\n sindicato ante las nuevas autoridades del organismo, y tiende a \nrecuperar el horario y pr\u00e1ctica habitual que hab\u00eda sido modificada por \nel Macrismo con el fin de consagrar la precarizaci\u00f3n y flexibilizaci\u00f3n \nlaboral, debido a que dicha&nbsp;extensi\u00f3n horaria no generaba beneficios \nconcretos y reales para los afiliados y afiliadas, que son en definitiva\n el objetivo principal de nuestra labor diaria.<\/p>\n\n\n\n<p>\u201cCabe destacar que nuestra Unidad de Gesti\u00f3n Local, fue la \u00fanica del pa\u00eds donde se implement\u00f3 dicho cambio horario\u201d.<\/p>\n\n\n\n<p>F<strong>uente: Equipo de Comunicaci\u00f3n de ATE-CTA R\u00edo Cuarto<\/strong><\/p>\n","protected":false},"excerpt":{"rendered":"<p>\u201cLa Comisi\u00f3n Directiva de la Asociaci\u00f3n Trabajadores del Estado (ATE-CTA) Seccional R\u00edo Cuarto, informa que a partir del pr\u00f3ximo lunes 3 de febrero, PAMI volver\u00e1 a atender en su horario tradicional, removiendo la extensi\u00f3n horaria implementada por el Gobierno anterior. \u201cEsta modificaci\u00f3n se debe gracias a gestiones realizadas por nuestro sindicato ante las nuevas autoridades [&hellip;]<\/p>\n","protected":false},"author":1,"featured_media":19220,"comment_status":"open","ping_status":"open","sticky":true,"template":"","format":"standard","meta":{"_exactmetrics_skip_tracking":false,"_exactmetrics_sitenote_active":false,"_exactmetrics_sitenote_note":"","_exactmetrics_sitenote_category":0,"jnews-multi-image_gallery":[],"jnews_single_post":[],"jnews_primary_category":[],"jnews_social_meta":[],"jnews_review":[],"enable_review":"","type":"","name":"","summary":"","brand":"","sku":"","good":[],"bad":[],"score_override":"","override_value":"","rating":[],"price":[],"jnews_override_counter":[],"jnews_post_split":[],"footnotes":""},"categories":[1],"tags":[],"class_list":["post-12111","post","type-post","status-publish","format-standard","has-post-thumbnail","hentry","category-sin-categoria"],"jetpack_featured_media_url":"https:\/\/atecordoba.org\/wp-content\/uploads\/2020\/05\/logo-nuevochico-e1561581322808.png","_links":{"self":[{"href":"https:\/\/atecordoba.org\/index.php?rest_route=\/wp\/v2\/posts\/12111","targetHints":{"allow":["GET"]}}],"collection":[{"href":"https:\/\/atecordoba.org\/index.php?rest_route=\/wp\/v2\/posts"}],"about":[{"href":"https:\/\/atecordoba.org\/index.php?rest_route=\/wp\/v2\/types\/post"}],"author":[{"embeddable":true,"href":"https:\/\/atecordoba.org\/index.php?rest_route=\/wp\/v2\/users\/1"}],"replies":[{"embeddable":true,"href":"https:\/\/atecordoba.org\/index.php?rest_route=%2Fwp%2Fv2%2Fcomments&post=12111"}],"version-history":[{"count":1,"href":"https:\/\/atecordoba.org\/index.php?rest_route=\/wp\/v2\/posts\/12111\/revisions"}],"predecessor-version":[{"id":18819,"href":"https:\/\/atecordoba.org\/index.php?rest_route=\/wp\/v2\/posts\/12111\/revisions\/18819"}],"wp:featuredmedia":[{"embeddable":true,"href":"https:\/\/atecordoba.org\/index.php?rest_route=\/wp\/v2\/media\/19220"}],"wp:attachment":[{"href":"https:\/\/atecordoba.org\/index.php?rest_route=%2Fwp%2Fv2%2Fmedia&parent=12111"}],"wp:term":[{"taxonomy":"category","embeddable":true,"href":"https:\/\/atecordoba.org\/index.php?rest_route=%2Fwp%2Fv2%2Fcategories&post=12111"},{"taxonomy":"post_tag","embeddable":true,"href":"https:\/\/atecordoba.org\/index.php?rest_route=%2Fwp%2Fv2%2Ftags&post=12111"}],"curies":[{"name":"wp","href":"https:\/\/api.w.org\/{rel}","templated":true}]}}