{"id":12106,"date":"2020-02-03T08:38:30","date_gmt":"2020-02-03T11:38:30","guid":{"rendered":"https:\/\/www.atecordoba.org\/?p=12106"},"modified":"2020-05-05T09:12:08","modified_gmt":"2020-05-05T12:12:08","slug":"audiencia-de-ate-rio-tercero-con-la-comuna-de-fotheringham","status":"publish","type":"post","link":"https:\/\/atecordoba.org\/?p=12106","title":{"rendered":"Audiencia de ATE R\u00edo Tercero con la Comuna de Fotheringham"},"content":{"rendered":"\n<p>&#8220;La Asociaci\u00f3n Trabajadores del Estado (ATE-CTA) Seccional R\u00edo Tercero  comunica que el 29 de enero mantuvo una audiencia con el jefe comunal  Mariano Moreno de la localidad de General Fotheringham ubicada a 31  kil\u00f3metros de R\u00edo Tercero&#8221;.<\/p>\n\n\n\n<figure class=\"wp-block-image size-large\"><img decoding=\"async\" src=\"http:\/\/atecordoba.org\/wp-content\/uploads\/2020\/05\/83074968_812150639196199_5415613521536745472_n.jpg\" alt=\"\" class=\"wp-image-12107\"\/><\/figure>\n\n\n\n<p>De la misma participaron por ATE Dami\u00e1n Albornoz, David Salto y  Roberto Sosa, Secretario General, Secretario Gremial y Prosecretario  Gremial, respectivamente. La Comuna estuvo representada por el doctor  Eduardo Marshall y el contador Roberto Benatti.<\/p>\n\n\n\n<p>\u201cEsta audiencia, sumamente importante para el reconocimiento de  nuestra asociaci\u00f3n sindical, se materializa al ser ATE representante de  trabajadoras y trabajadores\u00a0 de la localidad desde hace m\u00e1s de un mes.  Por esto, la apertura por parte de las autoridades de recibir a los  dirigentes para institucionalizar y lograr el reconocimiento de ATE es de vital importancia&#8221;, destac\u00f3 Dami\u00e1n Albornoz a su vez que expres\u00f3: &#8220;fuimos reconocidos como sindicato representativo de las y los  trabajadores de la Comuna, se nos otorg\u00f3 el C\u00f3digo Sindical y Social,  con lo cual vamos a llegar a cada rinc\u00f3n y a cada sector donde haya un  compa\u00f1ero y una compa\u00f1era con la voluntad de afiliarse a nuestro  sindicato para defender sus derechos laborales&#8221;.<\/p>\n\n\n\n<p>Durante la reuni\u00f3n se plantearon problem\u00e1ticas concretas que  atraviesan al conjunto de los trabajadores y trabajadoras comunales. \u201cEntendemos que en nuestra Argentina de hoy y en nuestra regi\u00f3n no  hay lugar para despidos y ajustes, por eso rechazamos la precarizaci\u00f3n y  tercerizaci\u00f3n laboral. Las transformaciones que necesita nuestro pa\u00eds son tan profundas que  no podemos dejarlas en manos de un Presidente, un grupo de ministros y  de funcionarios pol\u00edticos en general. Las tenemos que impulsar nosotros,  las y los trabajdores, los sectores populares, y para eso hay que  organizarse&#8221;, asegur\u00f3 Dami\u00e1n Albornoz.<\/p>\n\n\n\n<p>Por \u00faltimo desde ATE consideramos una muestra de madurez la apertura  al di\u00e1logo, a la vez que ratifica su voluntad de ejercer la defensa  irrestricta de los derechos de cada trabajador y trabajadora de la  Comuna de General Fotheringham.<\/p>\n\n\n\n<p><strong>Asamblea informativa<\/strong><\/p>\n\n\n\n<p>El viernes por la tarde,\u00a0se realiz\u00f3 una importante asamblea  informativa en la Comuna de Fotheringham, donde no solo asistieron trabajadores y trabajadoras comunales, sino que tambi\u00e9n acompa\u00f1aron vecinos y  vecinas de dicha comuna.<\/p>\n\n\n\n<figure class=\"wp-block-image size-large\"><img decoding=\"async\" src=\"http:\/\/atecordoba.org\/wp-content\/uploads\/2020\/05\/83556272_812842069127056_703496517595430912_n-300x169-2.jpg\" alt=\"\" class=\"wp-image-12109\"\/><\/figure>\n\n\n\n<p>Dicha Asamblea estuvo encabezada por Dami\u00e1n Albornoz, Secretario  General de ATE y la CTA Aut\u00f3noma Regional R\u00edo Tercero y Juan Baz\u00e1n,  Secretario de Organizaci\u00f3n de los estatales. Acompa\u00f1aron Emiliano Campos, Secretario Adjunto de la  CTA-A  y secretario de prensa de ATE R\u00edo Tercero  y Oscar Gigena, Secretario de Formaci\u00f3n de la  Central a nivel provincial. <\/p>\n","protected":false},"excerpt":{"rendered":"<p>&#8220;La Asociaci\u00f3n Trabajadores del Estado (ATE-CTA) Seccional R\u00edo Tercero comunica que el 29 de enero mantuvo una audiencia con el jefe comunal Mariano Moreno de la localidad de General Fotheringham ubicada a 31 kil\u00f3metros de R\u00edo Tercero&#8221;. De la misma participaron por ATE Dami\u00e1n Albornoz, David Salto y Roberto Sosa, Secretario General, Secretario Gremial y [&hellip;]<\/p>\n","protected":false},"author":1,"featured_media":19220,"comment_status":"open","ping_status":"open","sticky":true,"template":"","format":"standard","meta":{"_exactmetrics_skip_tracking":false,"_exactmetrics_sitenote_active":false,"_exactmetrics_sitenote_note":"","_exactmetrics_sitenote_category":0,"jnews-multi-image_gallery":[],"jnews_single_post":[],"jnews_primary_category":[],"jnews_social_meta":[],"jnews_review":[],"enable_review":"","type":"","name":"","summary":"","brand":"","sku":"","good":[],"bad":[],"score_override":"","override_value":"","rating":[],"price":[],"jnews_override_counter":[],"jnews_post_split":[],"footnotes":""},"categories":[1],"tags":[],"class_list":["post-12106","post","type-post","status-publish","format-standard","has-post-thumbnail","hentry","category-sin-categoria"],"jetpack_featured_media_url":"https:\/\/atecordoba.org\/wp-content\/uploads\/2020\/05\/logo-nuevochico-e1561581322808.png","_links":{"self":[{"href":"https:\/\/atecordoba.org\/index.php?rest_route=\/wp\/v2\/posts\/12106","targetHints":{"allow":["GET"]}}],"collection":[{"href":"https:\/\/atecordoba.org\/index.php?rest_route=\/wp\/v2\/posts"}],"about":[{"href":"https:\/\/atecordoba.org\/index.php?rest_route=\/wp\/v2\/types\/post"}],"author":[{"embeddable":true,"href":"https:\/\/atecordoba.org\/index.php?rest_route=\/wp\/v2\/users\/1"}],"replies":[{"embeddable":true,"href":"https:\/\/atecordoba.org\/index.php?rest_route=%2Fwp%2Fv2%2Fcomments&post=12106"}],"version-history":[{"count":1,"href":"https:\/\/atecordoba.org\/index.php?rest_route=\/wp\/v2\/posts\/12106\/revisions"}],"predecessor-version":[{"id":18822,"href":"https:\/\/atecordoba.org\/index.php?rest_route=\/wp\/v2\/posts\/12106\/revisions\/18822"}],"wp:featuredmedia":[{"embeddable":true,"href":"https:\/\/atecordoba.org\/index.php?rest_route=\/wp\/v2\/media\/19220"}],"wp:attachment":[{"href":"https:\/\/atecordoba.org\/index.php?rest_route=%2Fwp%2Fv2%2Fmedia&parent=12106"}],"wp:term":[{"taxonomy":"category","embeddable":true,"href":"https:\/\/atecordoba.org\/index.php?rest_route=%2Fwp%2Fv2%2Fcategories&post=12106"},{"taxonomy":"post_tag","embeddable":true,"href":"https:\/\/atecordoba.org\/index.php?rest_route=%2Fwp%2Fv2%2Ftags&post=12106"}],"curies":[{"name":"wp","href":"https:\/\/api.w.org\/{rel}","templated":true}]}}