{"id":12102,"date":"2020-01-30T10:40:31","date_gmt":"2020-01-30T13:40:31","guid":{"rendered":"https:\/\/www.atecordoba.org\/?p=12102"},"modified":"2020-05-05T09:12:09","modified_gmt":"2020-05-05T12:12:09","slug":"ate-se-reunio-con-autoridades-de-senasa","status":"publish","type":"post","link":"https:\/\/atecordoba.org\/?p=12102","title":{"rendered":"ATE se reuni\u00f3 con autoridades de SENASA"},"content":{"rendered":"\n<p> Se retom\u00f3 la mesa de relaciones laborales creada en 2004 y suspendida  por el macrismo y se inici\u00f3 el cronograma de reincorporaci\u00f3n de  despedidxs. Alejandra Agnone delegada de ATE SENASA C\u00f3rdoba, estuvo presente. <\/p>\n\n\n\n<figure class=\"wp-block-image size-large\"><img decoding=\"async\" src=\"http:\/\/atecordoba.org\/wp-content\/uploads\/2020\/05\/81607659_720244798504477_2761970808086593536_n.jpg\" alt=\"\" class=\"wp-image-12103\"\/><\/figure>\n\n\n\n<p>La Asociaci\u00f3n Trabajadores del Estado (ATE) mantuvo una reuni\u00f3n con el vicepresidente del Servicio Nacional de Sanidad y Calidad Agroalimentaria (SENASA), Carlos Milicevic.<\/p>\n\n\n\n<p>El encuentro, estuvo encabezado por\nRodolfo Aguiar, Secretario General Adjunto de ATE Nacional, Mercedes Cabezas,\nSecretaria de Organizaci\u00f3n y Jorge Ravetti y Carina Maloberti, representantes\nde la Mesa de Relaciones Laborales de SENASA. Dicha mesa hab\u00eda sido creada en\n2004 y luego suspendida durante el macrismo.<\/p>\n\n\n\n<p>La mesa, lleva el nombre Oscar Pe\u00f1a, afiliado\nde ATE y trabajador hist\u00f3rico de SENASA que falleci\u00f3 en septiembre de 2019.<\/p>\n\n\n\n<p>Durante el encuentro, se habl\u00f3 acerca de la necesidad de comenzar con el cronograma de las reincorporaciones de trabajadoras y trabajadores despedidos durante el gobierno de Macri y adem\u00e1s de la inmediata apertura de las mesas de relaciones laborales regionales.<\/p>\n\n\n\n<figure class=\"wp-block-image size-large\"><img decoding=\"async\" src=\"http:\/\/atecordoba.org\/wp-content\/uploads\/2020\/05\/84089930_1072135763136979_9136977541335089152_n-1.jpg\" alt=\"\" class=\"wp-image-12104\"\/><\/figure>\n\n\n\n<p>En este sentido, Rodolfo Aguiar se\u00f1al\u00f3: \u201cDurante\nlos \u00faltimos tiempos se ha verificado un fuerte avance de los sectores privados\nsobre SENASA, &nbsp;esa curaci\u00f3n tiene que\nrevertirse y el organismo debe recuperar sus hist\u00f3ricas funciones. La Argentina\nde hoy tiene por delante la dif\u00edcil tarea de garantizar dos objetivos: el\nprimero las exportaciones porque el pa\u00eds necesita el ingreso de d\u00f3lares pero\npor otro lado, y tal vez la m\u00e1s importante, asegurar la alimentaci\u00f3n para\nnuestro pueblo&#8221;.<\/p>\n\n\n\n<p>Y agreg\u00f3: \u201cHoy en SENASA, podemos decir\nque estamos frente a una conquista de las y los trabajadores que fueron capaces\nde resistir durante la gesti\u00f3n macrista y por supuesto que llevaron la lucha\npara poder recuperar esta mesa de di\u00e1logo\u201d.<\/p>\n\n\n\n<p>Mercedes Cabezas destac\u00f3 el gesto\npositivo de que se haya abierto la mesa de relaciones laborales y agreg\u00f3 que\nser\u00eda importante que se replique en el resto del pa\u00eds: \u201cHay muchas cuestiones\nque deben resolverse en el interior, que tienen que ver con el vaciamiento que hubo\nen los \u00faltimos cuatro a\u00f1os. Desde ATE trasladamos la necesidad de reincorporar\na los trabajadores despedidos, para ampliar la calidad y cantidad de controles\nque han tra\u00eddo severas consecuencias en las provincias con grandes mercados\u201d.<\/p>\n\n\n\n<p>Adem\u00e1s, Cabezas indic\u00f3 que es necesario\nel di\u00e1logo permanente con las autoridades de la gesti\u00f3n: \u201cEntendemos que la\nrecuperaci\u00f3n del SENASA es con las y los trabajadores que son quienes en estos\ncuatro a\u00f1os sostuvieron el organismo\u201d. <\/p>\n\n\n\n<p>Por \u00faltimo, Carina Maloberti dijo: \u201cFue\nmuy duro. No s\u00e9 c\u00f3mo quedamos de pie ante el intento de 900 despidos y el desguace\nde este organismo. Avanzaron con el listado de 270 y recuperamos 60. Tenemos la\nposibilidad de que en menos de un mes&nbsp; la\ngesti\u00f3n haga una revisi\u00f3n y de poder estar hablando hoy de un cronograma de\nreincorporaciones. Es una emoci\u00f3n muy grande\u201d.<\/p>\n\n\n\n<p>Del encuentro participaron tambi\u00e9n Adolfo\nAvallone, Secretario Adjunto de ATE Santa Fe, Alejandra Agnone delegada ATE SENASA\nC\u00f3rdoba, Daniel Brasero ATE SENASA Laboratorio Martinez, Gustavo Mendoza Secretario\nGeneral, Junta Interna ATE SENASA Capital Federal, y Ra\u00fal Diaz, delegado de ATE\nPami.<\/p>\n\n\n\n<p><strong>Prensa ATE Nacional<\/strong><\/p>\n","protected":false},"excerpt":{"rendered":"<p>Se retom\u00f3 la mesa de relaciones laborales creada en 2004 y suspendida por el macrismo y se inici\u00f3 el cronograma de reincorporaci\u00f3n de despedidxs. Alejandra Agnone delegada de ATE SENASA C\u00f3rdoba, estuvo presente. La Asociaci\u00f3n Trabajadores del Estado (ATE) mantuvo una reuni\u00f3n con el vicepresidente del Servicio Nacional de Sanidad y Calidad Agroalimentaria (SENASA), Carlos [&hellip;]<\/p>\n","protected":false},"author":1,"featured_media":19220,"comment_status":"open","ping_status":"open","sticky":true,"template":"","format":"standard","meta":{"_exactmetrics_skip_tracking":false,"_exactmetrics_sitenote_active":false,"_exactmetrics_sitenote_note":"","_exactmetrics_sitenote_category":0,"jnews-multi-image_gallery":[],"jnews_single_post":[],"jnews_primary_category":[],"jnews_social_meta":[],"jnews_review":[],"enable_review":"","type":"","name":"","summary":"","brand":"","sku":"","good":[],"bad":[],"score_override":"","override_value":"","rating":[],"price":[],"jnews_override_counter":[],"jnews_post_split":[],"footnotes":""},"categories":[1],"tags":[],"class_list":["post-12102","post","type-post","status-publish","format-standard","has-post-thumbnail","hentry","category-sin-categoria"],"jetpack_featured_media_url":"https:\/\/atecordoba.org\/wp-content\/uploads\/2020\/05\/logo-nuevochico-e1561581322808.png","_links":{"self":[{"href":"https:\/\/atecordoba.org\/index.php?rest_route=\/wp\/v2\/posts\/12102","targetHints":{"allow":["GET"]}}],"collection":[{"href":"https:\/\/atecordoba.org\/index.php?rest_route=\/wp\/v2\/posts"}],"about":[{"href":"https:\/\/atecordoba.org\/index.php?rest_route=\/wp\/v2\/types\/post"}],"author":[{"embeddable":true,"href":"https:\/\/atecordoba.org\/index.php?rest_route=\/wp\/v2\/users\/1"}],"replies":[{"embeddable":true,"href":"https:\/\/atecordoba.org\/index.php?rest_route=%2Fwp%2Fv2%2Fcomments&post=12102"}],"version-history":[{"count":1,"href":"https:\/\/atecordoba.org\/index.php?rest_route=\/wp\/v2\/posts\/12102\/revisions"}],"predecessor-version":[{"id":18826,"href":"https:\/\/atecordoba.org\/index.php?rest_route=\/wp\/v2\/posts\/12102\/revisions\/18826"}],"wp:featuredmedia":[{"embeddable":true,"href":"https:\/\/atecordoba.org\/index.php?rest_route=\/wp\/v2\/media\/19220"}],"wp:attachment":[{"href":"https:\/\/atecordoba.org\/index.php?rest_route=%2Fwp%2Fv2%2Fmedia&parent=12102"}],"wp:term":[{"taxonomy":"category","embeddable":true,"href":"https:\/\/atecordoba.org\/index.php?rest_route=%2Fwp%2Fv2%2Fcategories&post=12102"},{"taxonomy":"post_tag","embeddable":true,"href":"https:\/\/atecordoba.org\/index.php?rest_route=%2Fwp%2Fv2%2Ftags&post=12102"}],"curies":[{"name":"wp","href":"https:\/\/api.w.org\/{rel}","templated":true}]}}