{"id":12098,"date":"2020-01-30T10:08:59","date_gmt":"2020-01-30T13:08:59","guid":{"rendered":"https:\/\/www.atecordoba.org\/?p=12098"},"modified":"2020-05-05T09:12:11","modified_gmt":"2020-05-05T12:12:11","slug":"agricultura-familiar-organizacion-de-trabajadores-as-estatales-para-reflotar-el-sector","status":"publish","type":"post","link":"https:\/\/atecordoba.org\/?p=12098","title":{"rendered":"Agricultura Familiar: organizaci\u00f3n de trabajadores\/as estatales para reflotar el sector"},"content":{"rendered":"\n<p><em>Se reunieron en  la sede de ATE para informar acerca del estado de las gestiones por las  reincorporaciones y definir nuevas acciones al respecto.<\/em><\/p>\n\n\n\n<figure class=\"wp-block-image size-large\"><img decoding=\"async\" src=\"http:\/\/atecordoba.org\/wp-content\/uploads\/2020\/05\/84089930_1072135763136979_9136977541335089152_n-1024x576.jpg\" alt=\"\" class=\"wp-image-12099\"\/><\/figure>\n\n\n\n<p>El pasado mi\u00e9rcoles 29 de enero, se desarroll\u00f3  una reuni\u00f3n de trabajadoras y trabajadores de la Subsecretar\u00eda de  Agricultura Familiar en la sede de ATE C\u00f3rdoba. Con la presencia de  compa\u00f1eros y compa\u00f1eras activos y despedidos de toda  la provincia, se repas\u00f3 la situaci\u00f3n de trabajadores del sector a  nivel provincial y de otras provincias; adem\u00e1s, por parte del cuerpo de  delegados y delegadas, se inform\u00f3 acerca de las novedades emanadas de las reuniones  sostenidas por ATE SAF y ATE Agricultura con  funcionarios en Buenos Aires, y se debatieron las medidas a desarrollar  en el marco de un Plan de Lucha por la reincorporaci\u00f3n de todos los  trabajadores y trabajadoras despedidos\/as en la provincia y pa\u00eds, entre  otros temas. <\/p>\n\n\n\n<p>&#8220;Para desarrollar pol\u00edticas de  impacto positivo en la Agricultura Familiar, que es el sector que pone  el alimento en la mesa de las y los argentinos a diario, debemos garantizar la  reincorporaci\u00f3n de todos y cada uno de las y los compa\u00f1eros y compa\u00f1eras  despedidos durante la gesti\u00f3n macrista&#8221;,  expres\u00f3 Ariadna Arroigui, delegada de ATE SAF, Ingeniera Agr\u00f3noma y  T\u00e9cnica territorial del noreste de la provincia de C\u00f3rdoba.<br> Desde la Asamblea informaron que, como continuidad del plan de lucha,  realizar\u00e1n distintas acciones: solicitar la adhesi\u00f3n de trabajadores\/as  activos al pedido de reincorporaciones; proponer una reuni\u00f3n con  trabajadores de los organismos vinculados al trabajo  directo en el sector rural -INTI, INTA, SENASA, SAF- para actualizar el  diagn\u00f3stico de cada sector y discutir nuevas medidas; elevar una nota a  la Secretaria de Agricultura Familiar y a la Direccion de Coordinacion  Territorial, solicitando novedades con respecto  a las reincorporaciones; circular esa misma nota a autoridades  provinciales y a organizaciones para reunir avales al pedido de  reactivaci\u00f3n de pol\u00edticas de asesoramiento, organizaci\u00f3n territorial,  etc, para la Agricultura Familiar.<\/p>\n\n\n\n<p>En ese marco, solicitar  audiencia con el Ministro de Agricultura y Ganader\u00eda de la Provincia de  C\u00f3rdoba Sergio Busso, para plantear la situaci\u00f3n actual; proponer una  nueva reuni\u00f3n de la CORREDMA para definir nuevos pasos en el plan de lucha conjunta por la reincorporaci\u00f3n de todos  los despedidos\/as y cesanteados\/as en la administraci\u00f3n Macri en el  Estado Nacional. El movimiento de  ATE es continuo y no vamos a parar hasta lograr que los\/as  trabajadoras\/es se reincorporen a sus puestos de trabajo y, con  todos\/as adentro, discutir las pol\u00edticas y el desarrollo soberano  de nuestro pa\u00eds. <\/p>\n\n\n\n<figure class=\"wp-block-image size-large\"><img decoding=\"async\" src=\"http:\/\/atecordoba.org\/wp-content\/uploads\/2020\/05\/29-01-Asamblea-SAF-1024x576.jpg\" alt=\"\" class=\"wp-image-12100\"\/><\/figure>\n\n\n\n<p>Acompa\u00f1aron miembros del Consejo Directivo Provincial de ATE como Edith Innamorato (Secretaria de Interior), Omar Alerzia (Secretario de Organizaci\u00f3n) y Mat\u00edas \u00c1vila (Secretario Administrativo).<\/p>\n\n\n\n<p><strong>Reuni\u00f3n con autoridades nacionales de SAF<\/strong><\/p>\n\n\n\n<p>&#8220;El lunes 27 de enero se mantuvo una reuni\u00f3n para avanzar en la concreci\u00f3n del plan de reincorporaci\u00f3n de los y las compa\u00f1eras despedidas en la era Macri. De la misma participaron el Secretario de Agricultura Familiar Miguel G\u00f3mez, el Jefe de Gabinete de la SAF Ra\u00fal Lorenzo, el Director de Recursos Humanos Silvio Santantonio, Flavio Vergara y Natalia Castesana por parte del Consejo Directivo Nacional de ATE, compa\u00f1eras y compa\u00f1eros de la mesa de ATE-SAF y de CORREDMA, en la que se manifest\u00f3 la urgente reincorporaci\u00f3n de quienes fueron despedidos injusta y arbitrariamente.<\/p>\n\n\n\n<p>Ante la falta de respuestas de los funcionarios que manifestaron sus limitaciones para resolver la situaci\u00f3n, se solicit\u00f3 una reuni\u00f3n con el Ministro que iba a realizarse el pasado mi\u00e9rcoles 29 pero fue suspendida horas antes. Frente a esto entendemos que los compromisos pol\u00edticos si no se traducen en un plan concreto de reincorporaciones no habr\u00e1 recuperaci\u00f3n efectiva de la pol\u00edtica p\u00fablica desguazada durante el macrismo.<\/p>\n\n\n\n<p>Contin\u00faa el estado de alerta y movilizaci\u00f3n convocando a una jornada de ATE SAF con asambleas en todo el pa\u00eds el mi\u00e9rcoles 5 de febrero a los fines de evaluar en conjunto las novedades y definir las acciones a seguir&#8221;. Reza un comunicado de ATE Agricultura Familiar.<\/p>\n","protected":false},"excerpt":{"rendered":"<p>Se reunieron en la sede de ATE para informar acerca del estado de las gestiones por las reincorporaciones y definir nuevas acciones al respecto. El pasado mi\u00e9rcoles 29 de enero, se desarroll\u00f3 una reuni\u00f3n de trabajadoras y trabajadores de la Subsecretar\u00eda de Agricultura Familiar en la sede de ATE C\u00f3rdoba. Con la presencia de compa\u00f1eros [&hellip;]<\/p>\n","protected":false},"author":1,"featured_media":19220,"comment_status":"open","ping_status":"open","sticky":true,"template":"","format":"standard","meta":{"_exactmetrics_skip_tracking":false,"_exactmetrics_sitenote_active":false,"_exactmetrics_sitenote_note":"","_exactmetrics_sitenote_category":0,"jnews-multi-image_gallery":[],"jnews_single_post":[],"jnews_primary_category":[],"jnews_social_meta":[],"jnews_review":[],"enable_review":"","type":"","name":"","summary":"","brand":"","sku":"","good":[],"bad":[],"score_override":"","override_value":"","rating":[],"price":[],"jnews_override_counter":[],"jnews_post_split":[],"footnotes":""},"categories":[1],"tags":[],"class_list":["post-12098","post","type-post","status-publish","format-standard","has-post-thumbnail","hentry","category-sin-categoria"],"jetpack_featured_media_url":"https:\/\/atecordoba.org\/wp-content\/uploads\/2020\/05\/logo-nuevochico-e1561581322808.png","_links":{"self":[{"href":"https:\/\/atecordoba.org\/index.php?rest_route=\/wp\/v2\/posts\/12098","targetHints":{"allow":["GET"]}}],"collection":[{"href":"https:\/\/atecordoba.org\/index.php?rest_route=\/wp\/v2\/posts"}],"about":[{"href":"https:\/\/atecordoba.org\/index.php?rest_route=\/wp\/v2\/types\/post"}],"author":[{"embeddable":true,"href":"https:\/\/atecordoba.org\/index.php?rest_route=\/wp\/v2\/users\/1"}],"replies":[{"embeddable":true,"href":"https:\/\/atecordoba.org\/index.php?rest_route=%2Fwp%2Fv2%2Fcomments&post=12098"}],"version-history":[{"count":1,"href":"https:\/\/atecordoba.org\/index.php?rest_route=\/wp\/v2\/posts\/12098\/revisions"}],"predecessor-version":[{"id":18829,"href":"https:\/\/atecordoba.org\/index.php?rest_route=\/wp\/v2\/posts\/12098\/revisions\/18829"}],"wp:featuredmedia":[{"embeddable":true,"href":"https:\/\/atecordoba.org\/index.php?rest_route=\/wp\/v2\/media\/19220"}],"wp:attachment":[{"href":"https:\/\/atecordoba.org\/index.php?rest_route=%2Fwp%2Fv2%2Fmedia&parent=12098"}],"wp:term":[{"taxonomy":"category","embeddable":true,"href":"https:\/\/atecordoba.org\/index.php?rest_route=%2Fwp%2Fv2%2Fcategories&post=12098"},{"taxonomy":"post_tag","embeddable":true,"href":"https:\/\/atecordoba.org\/index.php?rest_route=%2Fwp%2Fv2%2Ftags&post=12098"}],"curies":[{"name":"wp","href":"https:\/\/api.w.org\/{rel}","templated":true}]}}