{"id":12076,"date":"2020-01-28T13:53:01","date_gmt":"2020-01-28T16:53:01","guid":{"rendered":"https:\/\/www.atecordoba.org\/?p=12076"},"modified":"2020-05-05T09:12:14","modified_gmt":"2020-05-05T12:12:14","slug":"continua-la-organizacion-de-los-despedidos-de-fadea","status":"publish","type":"post","link":"https:\/\/atecordoba.org\/?p=12076","title":{"rendered":"Contin\u00faa la organizaci\u00f3n de despedidos y despedidas de FADEA"},"content":{"rendered":"\n<p><\/p>\n\n\n\n<p><em>Cerca de un centenar de trabajadores y trabajadoras despedidos\/as de FAdeA se reunieron en ATE para continuar organizando futuras acciones en pos de &#8220;visibilizar la situaci\u00f3n y pedir la reincorporaci\u00f3n&#8221;. &#8220;Tenemos experticia, trayectoria y sabemos c\u00f3mo se hacen las cosas para volver a poner la producci\u00f3n en marcha, sin mayor demora y volver a poner a la empresa en la vanguardia de la producci\u00f3n, tanto p\u00fablica como privada&#8221;, remarcaron.<\/em><\/p>\n\n\n\n<figure class=\"wp-block-gallery columns-3 is-cropped wp-block-gallery-1 is-layout-flex wp-block-gallery-is-layout-flex\"><ul class=\"blocks-gallery-grid\"><li class=\"blocks-gallery-item\"><figure><img decoding=\"async\" src=\"http:\/\/atecordoba.org\/wp-content\/uploads\/2020\/05\/28-01-Fadea-2-1024x572.jpg\" alt=\"\" data-id=\"12079\" data-full-url=\"https:\/\/www.atecordoba.org\/wp-content\/uploads\/2020\/01\/28-01-Fadea-2.jpeg\" data-link=\"https:\/\/www.atecordoba.org\/?attachment_id=12079\" class=\"wp-image-12079\"\/><\/figure><\/li><li class=\"blocks-gallery-item\"><figure><img decoding=\"async\" src=\"http:\/\/atecordoba.org\/wp-content\/uploads\/2020\/05\/28-01-Fadea-1024x603.jpg\" alt=\"\" data-id=\"12082\" data-full-url=\"https:\/\/www.atecordoba.org\/wp-content\/uploads\/2020\/01\/28-01-Fadea.jpeg\" data-link=\"https:\/\/www.atecordoba.org\/?attachment_id=12082\" class=\"wp-image-12082\"\/><\/figure><\/li><li class=\"blocks-gallery-item\"><figure><img decoding=\"async\" src=\"http:\/\/atecordoba.org\/wp-content\/uploads\/2020\/05\/28-01-Fadea-4-1024x570.jpg\" alt=\"\" data-id=\"12081\" data-full-url=\"https:\/\/www.atecordoba.org\/wp-content\/uploads\/2020\/01\/28-01-Fadea-4.jpeg\" data-link=\"https:\/\/www.atecordoba.org\/?attachment_id=12081\" class=\"wp-image-12081\"\/><\/figure><\/li><li class=\"blocks-gallery-item\"><figure><img decoding=\"async\" src=\"http:\/\/atecordoba.org\/wp-content\/uploads\/2020\/05\/28-01-Fadea-3-1024x576.jpg\" alt=\"\" data-id=\"12080\" data-full-url=\"https:\/\/www.atecordoba.org\/wp-content\/uploads\/2020\/01\/28-01-Fadea-3.jpeg\" data-link=\"https:\/\/www.atecordoba.org\/?attachment_id=12080\" class=\"wp-image-12080\"\/><\/figure><\/li><\/ul><\/figure>\n\n\n\n<p>Trabajadores\/as despedidos\/as de la F\u00e1brica Argentina de Aviones \u201cBrigadier San Mart\u00edn\u201d S.A. (FAdeA) durante la gesti\u00f3n macrista, junto a Federico Giuliani y otros\/as representantes del Consejo Directivo Provincial (CDP) de ATE, realizaron hoy una Conferencia de Prensa en la sede gremial de Entre R\u00edos 450. \u201cSomos un grupo de m\u00e1s de 160 compa\u00f1eros despedidos o forzados a acatar el retiro voluntario &#8211; de los casi 400 que sabemos quedaron a merced del desempleo en nuestra tan a\u00f1orada FAdeA-\u201d, se presentaban mediante un documento le\u00eddo y entregado a los presentes. \u201cEl objetivo final es la reincorporaci\u00f3n de todos los trabajadores que fueron descartados como escoria en los a\u00f1os de gerenciamiento macrista, desvirtuando el car\u00e1cter del trabajo aeron\u00e1utico, la experiencia de quienes lo ejerc\u00edamos y desestimando las necesidades de estas 160 familias\u201d, sostuvieron.<\/p>\n\n\n\n<p>\u201c\u00bfC\u00f3mo vamos a conseguir esto? \u2013se preguntaron en el escrito-, apostando a la representaci\u00f3n gremial que hoy nos ofrece ATE, que con pericia y maestr\u00eda logr\u00f3 la reincorporaci\u00f3n de 272 trabajadores en INTI y 350 trabajadores de TELAM que fueron despedidos injustamente\u201d, destacaron los\/as trabajadores\/as. Advirtieron, adem\u00e1s, que \u201cen ninguno de estos casos testigo se dispuso la verificaci\u00f3n institucional de situaciones individuales de los compa\u00f1eros enrolados en las listas de despedidos. La causa de nuestro despido no tiene ninguna justificaci\u00f3n y estamos en igualdad de condiciones para solicitar al estado nacional el mismo beneficio\u201d que estos trabajadores reincorporados. \u201cA nuestro favor tenemos las declaraciones de Daniela Castro -Secretaria de Ciencia, Tecnolog\u00eda e Industria para la Defensa, del Ministerio de Defensa-, quien expres\u00f3 que van a necesitar personal calificado para la continuidad de los proyectos existentes y la incorporaci\u00f3n de nuevos contratos, y \u00bfqui\u00e9nes sino nosotros?\u201d, remarcaron y sentenciaron: \u201cnosotros somos esa mano de obra. No permitamos que la tercericen, que la posterguen, que la descarten o que la busquen en otro lugar\u201d.<\/p>\n\n\n\n<figure class=\"wp-block-image size-large\"><img decoding=\"async\" src=\"http:\/\/atecordoba.org\/wp-content\/uploads\/2020\/05\/28-01-Fadea-1024x603.jpg\" alt=\"\" class=\"wp-image-12082\"\/><\/figure>\n\n\n\n<p><\/p>\n\n\n\n<p><strong>Avances<\/strong><\/p>\n\n\n\n<p>&#8220;El plan de acci\u00f3n aprobado tras la reuni\u00f3n de la\nsemana pasada est\u00e1 en marcha y, aunque a\u00fan no hay respuesta al pedido de\naudiencia -presentado el pasado jueves- con Mirta Iriondo -nueva presidenta de\nFAdeA-, es un paso que debemos cumplir para que nuestro reclamo circule por las\nv\u00edas del d\u00edalogo por las que siempre bregamos&#8221;, expres\u00f3 Federico Giuliani,\nSecretario General del Consejo Directivo Provincial (CDP) de ATE. &#8220;Sin\nembargo, nunca descartamos las acciones directas, en la calle. De hecho, ellas\nson parte de la visibilizaci\u00f3n y el cuerpo de nuestra voz&#8221;, manifest\u00f3\nGiuliani quien se hizo eco de la propuesta de comenzar la pr\u00f3xima semana con\nintervenciones p\u00fablicas en Plaza San Mart\u00edn &#8220;donde se explique a la\nciudadan\u00eda qu\u00e9 es FAdeA, la importancia estrat\u00e9gica para la Argentina de una\nindustria como \u00e9sta en manos del Estado, y lo notable de que la misma se\nencuentre en C\u00f3rdoba&#8221;, remarc\u00f3. En este punto, los trabajadores resaltaron\nque, de 1700 trabajadores que ten\u00eda la empresa a finales de 2015, hoy solo se\ncuenta con alrededor de 900 operarios, con una actividad diezmada.<\/p>\n\n\n\n<p>Por su parte, &#8220;en el marco de las acciones programadas,\ninformamos tambi\u00e9n que el d\u00eda viernes pasado, en reuni\u00f3n con Eduardo Fern\u00e1ndez\n-diputado del Frente de Todos- se obtuvo el compromiso del legislador de\ninterceder para que el pedido de audiencia con Iriondo se concrete\npronto&#8221;, expres\u00f3 Eva C\u00e1ceres delegada y vocera del grupo de despedidos\nrepresentados por ATE. En ese sentido, Giuliani record\u00f3 que &#8220;el directorio\nya se reuni\u00f3 con los 3 gremios que fueron c\u00f3mplices del vaciamiento y sigue sin\no\u00edr a quienes hemos asumido la defensa de los despedidos y despedidas.\nEsperamos que ello se revierta pronto. Sepamos que ATE es la casa de los\ntrabajadores que luchan, que se organizan, que buscan poner de pie al\nEstado&#8221;, remarc\u00f3. C\u00e1ceres complet\u00f3, adem\u00e1s, que en el d\u00eda de la fecha ya\nsolicitaron al &#8220;jefe del bloque oficialista del Concejo Deliberante local\n-que es tambi\u00e9n oficialismo en la provincia de C\u00f3rdoba-, que incorpore el tema\ndel reclamo de los despedidos de FADEA al cuerpo deliberativo local para que\neste se pronuncie a favor y se logre el aval municipal. Veremos qu\u00e9\nresponden&#8221;, expres\u00f3.<\/p>\n\n\n\n<p><\/p>\n\n\n\n<p><strong>Dato<\/strong><\/p>\n\n\n\n<p>La f\u00e1brica, fundada en 1927, supo ser \u201cejemplo para otras\nempresas de Am\u00e9rica y del mundo. Todo lo que ah\u00ed dentro se produc\u00eda se\nconvert\u00eda en \u00edcono. Fue industria y fue escuela, fue indispensable en la guerra\nde Malvinas, fue la cuna del Rastrojero, la del Pulqui, la de las Pumita\u201d, expresaron\ny recordaron que en FAdeA se realizaron importantes proyectos con las aeronaves\nPucar\u00e1, Tucano, Mentor, Pampa, distintos modelos de Boeing, Embraer, adem\u00e1s de\ntener personal afectado a proyectos tan importantes como ARSAT 1 y 2, los\nproyectos de radarizaci\u00f3n de INVAP, entre otros. \u201cSin embargo, fuimos\ndespedidos por la maquinaria nefasta de recortes que pretende quitarle al\nEstado funciones vitales como es la Defensa Nacional, el acceso a la\ninformaci\u00f3n y la producci\u00f3n de tecnolog\u00eda\u201d, expresaron en el documento.<\/p>\n\n\n\n<p><\/p>\n\n\n\n<p><strong>Testimonios<\/strong><\/p>\n\n\n\n<p>Los trabajadores y trabajadoras que fueron despedidos, impulsados a retiros voluntarios, jubilaciones anticipadas, etc, tienen marcada trayectoria y una calificaci\u00f3n innegable. A continuaci\u00f3n, reproducimos solo 4 testimonios de vida de los cientos que podr\u00edamos contar entre los compa\u00f1eros y compa\u00f1eras que han hecho con su trabajo, esfuerzo, dedicaci\u00f3n, estudio, de FAdeA ese establecimiento industrial insignia, reconocido en todo el mundo. <\/p>\n\n\n\n<figure class=\"wp-block-image size-large\"><img decoding=\"async\" src=\"http:\/\/atecordoba.org\/wp-content\/uploads\/2020\/05\/Despedidos-2-1024x576.jpg\" alt=\"\" class=\"wp-image-12078\"\/><figcaption><em> Ricardo Rodr\u00edguez (izq.) y Carlos Tosutti (der.), ambos con 39 a\u00f1os de trabajo y expertos en procesos industriales, de mantenimiento, en varios modelos de aeronaves: fuera de la f\u00e1brica tras el gerenciamiento macrista.<\/em><\/figcaption><\/figure>\n\n\n\n<p><strong>Carlos Tossutti<\/strong><\/p>\n\n\n\n<p>Yo realic\u00e9 mi retiro voluntario en un contexto de suspensiones, despidos, achiques. Nunca hubiese querido irme. Me fui con 39 a\u00f1os de servicio, y estoy por cumplir 60 a\u00f1os de edad. Tengo m\u00e1s tiempo dentro que fuera de la f\u00e1brica. Me desempe\u00f1aba como jefe del \u00e1rea de mantenimiento de aeronaves de peque\u00f1o porte -Pucar\u00e1, Tucano, Mentor-. Adem\u00e1s, durante mi vida en la f\u00e1brica, me capacit\u00e9 y particip\u00e9 en mantenimiento de Boeing 737 de Aerol\u00edneas Argentinas, en Pampa. Realmente hemos hecho un esfuerzo enorme en capacitarnos, no hay trabajadores con m\u00e1s experticia que nosotros, fueron much\u00edsimas horas abandonando muchas veces la familia por cumplir las solicitudes de la empresa, con voluntad, con saber, que es todo eso lo que podemos seguir ofreciendo cada uno hacia adelante tambi\u00e9n.<\/p>\n\n\n\n<p><strong>Ricardo Rodr\u00edguez<\/strong><\/p>\n\n\n\n<p>Fui despedido el 1 de mayo de 2018, tras haber trabajado 39\na\u00f1os en la f\u00e1brica y haber estado, previamente, 3 a\u00f1os como aprendiz. Era\ncontrolador de producci\u00f3n al momento del despido.<\/p>\n\n\n\n<p>Empec\u00e9 en los talleres complementarios, donde estuve 15\na\u00f1os. De all\u00ed pas\u00e9 a control de producci\u00f3n de Pampa y Boeing. Estuve en el\nproyecto de renovaci\u00f3n\/actulizaci\u00f3n de los aviones A4.<\/p>\n\n\n\n<p>Para m\u00ed y mi familia, FADEA ha sido todo. Hasta mis hijos nacieron ah\u00ed y hubo familiares trabajando en la empresa. Esto de que nos echaran as\u00ed cal\u00f3 muy ondo, fue muy triste.<\/p>\n\n\n\n<figure class=\"wp-block-image size-large\"><img decoding=\"async\" src=\"http:\/\/atecordoba.org\/wp-content\/uploads\/2020\/05\/Despedidos-1-1024x635.jpg\" alt=\"\" class=\"wp-image-12077\"\/><figcaption><em>Mariela Ludue\u00f1a (der.), trabajadora calificada y de destacada trayectoria en proyectos y consursos; e Iv\u00e1n Renardi (izq.), conocedor y con trayectoria en toda la planta. Ambos -a\u00fan-, fuera de la empresa.<\/em><\/figcaption><\/figure>\n\n\n\n<p><strong>Mariela Ludue\u00f1a<\/strong><\/p>\n\n\n\n<p>Soy T\u00e9cnica Aeron\u00e1utica, entr\u00e9 por consurso -entre 200\npostulantes- que FAdeA lanz\u00f3 para trabajar en Torno de Control Num\u00e9rico\nComputarizado (CNC).<\/p>\n\n\n\n<p>Ingres\u00e9 en el a\u00f1o 2012, estuve 6 a\u00f1os en la f\u00e1brica, donde\nparticip\u00e9 en varios concursos representando a la Argentina. De hecho, qued\u00e9\npara los proyectos ARSAT 1 y 2, con menci\u00f3n especial de brasile\u00f1a Embraer por\ndicho concurso. Luego particip\u00e9 en proyectos de radarizaci\u00f3n de INVAP y tambi\u00e9n\nconcurs\u00e9 y gan\u00e9 para, dentro de la empresa, estar en el \u00e1rea de dep\u00f3sito. Tras\nese ex\u00e1men en 2017, el jefe no me permite asumir en el lugar por el cual hab\u00eda\nconcursado aduciendo que \u00e9l era el jefe y no me quer\u00eda ah\u00ed, tenemos una\ndiscusi\u00f3n en la planta y, producto de la misma, debo ser trasladada a medicina\ncon el saldo de la p\u00e9rdida de mi embarazo en el hospital al cual debi\u00f3\ntrasladarme mi marido desde la f\u00e1brica. El jefe no se hizo cargo, no me\nllenaron los papeles de la ART y, tras recuperarme y volver a rendir el ex\u00e1men\nde manera satisfactoria para mi puesto, el jefe me dice que &#8220;la mano est\u00e1\ndif\u00edcil&#8221; y me suspenden a m\u00ed sola durante 9 meses, poniendo a gente sin\ncapacitaci\u00f3n ni examen en mi lugar. Al ver esa suspensi\u00f3n tan larga, la empresa\nme despidi\u00f3 sin causa en 2018. Y eso duele porque yo posicion\u00e9 a la f\u00e1brica en\nlo mejor mientras estuve, con mucho esfuerzo, y que un jefe me discrimine por\nser mujer, que desprecie el 9 que me saqu\u00e9 en el ex\u00e1men y me diga que no puedo\nestar en el dep\u00f3sito por mujer, es muy triste y da bronca. Le cuento a mi hija\nque estuve en tantas cosas, constru\u00ed tanto ah\u00ed, que hicimos tantas cosas\nimportantes que ella me dice que no abandonde esta lucha, y as\u00ed ser\u00e1 y para eso\nvamos a contarle a todo el mundo, todo.<\/p>\n\n\n\n<p><strong>Iv\u00e1n Renardi<\/strong><\/p>\n\n\n\n<p>Ingres\u00e9 en 2008 en la era de Lockheed Martin, en la l\u00ednea de\nproducci\u00f3n del avi\u00f3n Pampa, en la parte de armado de estructura, en fresado\nqu\u00edmico, en utilaje, en log\u00edstica. Me fui en julio de 2016 con retiro\nvoluntario, en un contexto de despidos, suspensiones, procesos preventivos de\ncrisis. Fueron 8 a\u00f1os donde aport\u00e9 en cada sector de la f\u00e1brica donde hubo\nnecesidad, voluntariamente, a cada momento, sin ning\u00fan problema con ning\u00fan\nsuperior ni ninguna situaci\u00f3n o queja en el trabajo.<\/p>\n\n\n\n<p>La f\u00e1brica ha aportado mucho en mano de obra en la Provincia\ny ha sido, en nuestro pa\u00eds y en el mundo, un emblema de la industria.<\/p>\n","protected":false},"excerpt":{"rendered":"<p>Cerca de un centenar de trabajadores y trabajadoras despedidos\/as de FAdeA se reunieron en ATE para continuar organizando futuras acciones en pos de &#8220;visibilizar la situaci\u00f3n y pedir la reincorporaci\u00f3n&#8221;. &#8220;Tenemos experticia, trayectoria y sabemos c\u00f3mo se hacen las cosas para volver a poner la producci\u00f3n en marcha, sin mayor demora y volver a poner [&hellip;]<\/p>\n","protected":false},"author":1,"featured_media":19220,"comment_status":"open","ping_status":"open","sticky":true,"template":"","format":"standard","meta":{"_exactmetrics_skip_tracking":false,"_exactmetrics_sitenote_active":false,"_exactmetrics_sitenote_note":"","_exactmetrics_sitenote_category":0,"jnews-multi-image_gallery":[],"jnews_single_post":[],"jnews_primary_category":[],"jnews_social_meta":[],"jnews_review":[],"enable_review":"","type":"","name":"","summary":"","brand":"","sku":"","good":[],"bad":[],"score_override":"","override_value":"","rating":[],"price":[],"jnews_override_counter":[],"jnews_post_split":[],"footnotes":""},"categories":[1],"tags":[],"class_list":["post-12076","post","type-post","status-publish","format-standard","has-post-thumbnail","hentry","category-sin-categoria"],"jetpack_featured_media_url":"https:\/\/atecordoba.org\/wp-content\/uploads\/2020\/05\/logo-nuevochico-e1561581322808.png","_links":{"self":[{"href":"https:\/\/atecordoba.org\/index.php?rest_route=\/wp\/v2\/posts\/12076","targetHints":{"allow":["GET"]}}],"collection":[{"href":"https:\/\/atecordoba.org\/index.php?rest_route=\/wp\/v2\/posts"}],"about":[{"href":"https:\/\/atecordoba.org\/index.php?rest_route=\/wp\/v2\/types\/post"}],"author":[{"embeddable":true,"href":"https:\/\/atecordoba.org\/index.php?rest_route=\/wp\/v2\/users\/1"}],"replies":[{"embeddable":true,"href":"https:\/\/atecordoba.org\/index.php?rest_route=%2Fwp%2Fv2%2Fcomments&post=12076"}],"version-history":[{"count":1,"href":"https:\/\/atecordoba.org\/index.php?rest_route=\/wp\/v2\/posts\/12076\/revisions"}],"predecessor-version":[{"id":18836,"href":"https:\/\/atecordoba.org\/index.php?rest_route=\/wp\/v2\/posts\/12076\/revisions\/18836"}],"wp:featuredmedia":[{"embeddable":true,"href":"https:\/\/atecordoba.org\/index.php?rest_route=\/wp\/v2\/media\/19220"}],"wp:attachment":[{"href":"https:\/\/atecordoba.org\/index.php?rest_route=%2Fwp%2Fv2%2Fmedia&parent=12076"}],"wp:term":[{"taxonomy":"category","embeddable":true,"href":"https:\/\/atecordoba.org\/index.php?rest_route=%2Fwp%2Fv2%2Fcategories&post=12076"},{"taxonomy":"post_tag","embeddable":true,"href":"https:\/\/atecordoba.org\/index.php?rest_route=%2Fwp%2Fv2%2Ftags&post=12076"}],"curies":[{"name":"wp","href":"https:\/\/api.w.org\/{rel}","templated":true}]}}