{"id":12070,"date":"2020-01-28T13:11:50","date_gmt":"2020-01-28T16:11:50","guid":{"rendered":"https:\/\/www.atecordoba.org\/?p=12070"},"modified":"2020-05-05T09:12:24","modified_gmt":"2020-05-05T12:12:24","slug":"ate-cordoba-presente-en-la-primer-reunion-de-delegadas-y-delegados-del-ministerio-de-trabajo-de-la-nacion","status":"publish","type":"post","link":"https:\/\/atecordoba.org\/?p=12070","title":{"rendered":"ATE C\u00f3rdoba presente en la primer reuni\u00f3n de delegadas y delegados del Ministerio de Trabajo de la Naci\u00f3n"},"content":{"rendered":"\n<p>El pasado lunes 27 de enero, en la Ciudad Aut\u00f3noma de Buenos Aires se llev\u00f3 adelante la primer reuni\u00f3n de delegadas y delegados del Ministerio de Trabajo de la Naci\u00f3n. Por C\u00f3rdoba participaron Mar\u00eda Sotti (Secretaria de Actas del CDP) y C\u00e9sar Theaux (Secretario de Formaci\u00f3n).<\/p>\n\n\n\n<figure class=\"wp-block-image size-large\"><img decoding=\"async\" src=\"http:\/\/atecordoba.org\/wp-content\/uploads\/2020\/05\/83268939_2784018105012848_7786714925270827008_o.jpg\" alt=\"\" class=\"wp-image-12071\"\/><\/figure>\n\n\n\n<p>&#8220;Pisamos nuevamente nuestra casa en nivel central, hoy como  Ministerio de Trabajo, Empleo y Seguridad Social. Como delegadas y delegados de la  Agencia Territorial C\u00f3rdoba estuvimos presentes en la primer reuni\u00f3n del  2020 con los compa\u00f1eros y compa\u00f1eras de Junta  Interna de ATE Trabajo confluyendo posiciones con representantes de todo el  pa\u00eds&#8221;, expres\u00f3 Mar\u00eda Sotti.<\/p>\n\n\n\n<figure class=\"wp-block-image size-large\"><img decoding=\"async\" src=\"http:\/\/atecordoba.org\/wp-content\/uploads\/2020\/05\/thumbnail_IMG_20200127_153804-1024x768.jpg\" alt=\"\" class=\"wp-image-12072\"\/><\/figure>\n\n\n\n<p>Se avanz\u00f3 en la definici\u00f3n de estrategias para presentar la  situaci\u00f3n cr\u00edtica de las delegaciones del interior del pa\u00eds a las nuevas  autoridades. Se elaborar\u00e1 un informe para elevar referido a presupuesto, situaci\u00f3n edilicia, la necesidad de activar de manera urgente los Programas de Empleo y Trabajo, &#8220;pudimos  ser parte de la audiencia con el Subsecretario de Articulaci\u00f3n  Territorial Lic. Gerardo Gir\u00f3n con su jefa de gabinete Ximena Merlo y  con el Director de Arquitectura Arq. Alejandro Diaz&#8221;, declar\u00f3 Sotti quien junto a C\u00e9sar Theaux participaron del lanzamiento de Luis Arce, candidato a Presidente por el MAS para las pr\u00f3ximas elecciones que se realizar\u00e1n en la hermana Rep\u00fablica Plurinacional de Bolivia.<\/p>\n\n\n\n<figure class=\"wp-block-image size-large\"><img decoding=\"async\" src=\"http:\/\/atecordoba.org\/wp-content\/uploads\/2020\/05\/thumbnail_IMG-20200127-WA0027-512x1024.jpg\" alt=\"\" class=\"wp-image-12073\"\/><\/figure>\n\n\n\n<p>La presentaci\u00f3n se realiz\u00f3 en el hotel H\u00e9ctor Quagliaro de ATE a la cual asisti\u00f3 el querido Evo Morales.<\/p>\n","protected":false},"excerpt":{"rendered":"<p>El pasado lunes 27 de enero, en la Ciudad Aut\u00f3noma de Buenos Aires se llev\u00f3 adelante la primer reuni\u00f3n de delegadas y delegados del Ministerio de Trabajo de la Naci\u00f3n. Por C\u00f3rdoba participaron Mar\u00eda Sotti (Secretaria de Actas del CDP) y C\u00e9sar Theaux (Secretario de Formaci\u00f3n). &#8220;Pisamos nuevamente nuestra casa en nivel central, hoy como [&hellip;]<\/p>\n","protected":false},"author":1,"featured_media":19220,"comment_status":"open","ping_status":"open","sticky":true,"template":"","format":"standard","meta":{"_exactmetrics_skip_tracking":false,"_exactmetrics_sitenote_active":false,"_exactmetrics_sitenote_note":"","_exactmetrics_sitenote_category":0,"jnews-multi-image_gallery":[],"jnews_single_post":[],"jnews_primary_category":[],"jnews_social_meta":[],"jnews_review":[],"enable_review":"","type":"","name":"","summary":"","brand":"","sku":"","good":[],"bad":[],"score_override":"","override_value":"","rating":[],"price":[],"jnews_override_counter":[],"jnews_post_split":[],"footnotes":""},"categories":[1],"tags":[],"class_list":["post-12070","post","type-post","status-publish","format-standard","has-post-thumbnail","hentry","category-sin-categoria"],"jetpack_featured_media_url":"https:\/\/atecordoba.org\/wp-content\/uploads\/2020\/05\/logo-nuevochico-e1561581322808.png","_links":{"self":[{"href":"https:\/\/atecordoba.org\/index.php?rest_route=\/wp\/v2\/posts\/12070","targetHints":{"allow":["GET"]}}],"collection":[{"href":"https:\/\/atecordoba.org\/index.php?rest_route=\/wp\/v2\/posts"}],"about":[{"href":"https:\/\/atecordoba.org\/index.php?rest_route=\/wp\/v2\/types\/post"}],"author":[{"embeddable":true,"href":"https:\/\/atecordoba.org\/index.php?rest_route=\/wp\/v2\/users\/1"}],"replies":[{"embeddable":true,"href":"https:\/\/atecordoba.org\/index.php?rest_route=%2Fwp%2Fv2%2Fcomments&post=12070"}],"version-history":[{"count":1,"href":"https:\/\/atecordoba.org\/index.php?rest_route=\/wp\/v2\/posts\/12070\/revisions"}],"predecessor-version":[{"id":18840,"href":"https:\/\/atecordoba.org\/index.php?rest_route=\/wp\/v2\/posts\/12070\/revisions\/18840"}],"wp:featuredmedia":[{"embeddable":true,"href":"https:\/\/atecordoba.org\/index.php?rest_route=\/wp\/v2\/media\/19220"}],"wp:attachment":[{"href":"https:\/\/atecordoba.org\/index.php?rest_route=%2Fwp%2Fv2%2Fmedia&parent=12070"}],"wp:term":[{"taxonomy":"category","embeddable":true,"href":"https:\/\/atecordoba.org\/index.php?rest_route=%2Fwp%2Fv2%2Fcategories&post=12070"},{"taxonomy":"post_tag","embeddable":true,"href":"https:\/\/atecordoba.org\/index.php?rest_route=%2Fwp%2Fv2%2Ftags&post=12070"}],"curies":[{"name":"wp","href":"https:\/\/api.w.org\/{rel}","templated":true}]}}