{"id":12067,"date":"2020-01-27T12:41:02","date_gmt":"2020-01-27T15:41:02","guid":{"rendered":"https:\/\/www.atecordoba.org\/?p=12067"},"modified":"2020-05-05T09:12:29","modified_gmt":"2020-05-05T12:12:29","slug":"ate-cordoba-tendra-su-biblioteca","status":"publish","type":"post","link":"https:\/\/atecordoba.org\/?p=12067","title":{"rendered":"ATE C\u00f3rdoba tendr\u00e1 su biblioteca"},"content":{"rendered":"\n<p>El derecho a leer es la consigna que atraviesa como un puente a la Asociaci\u00f3n de Trabajadores del Estado como parte fundamental\u00a0 de su propuesta cultural. Al derecho a leer lo consideramos vulnerado como lo han sido otros derechos, incluso los fundamentales de subsistencia alimentaria. \u00bfC\u00f3mo se vulnera el derecho a leer?\u00a0 Por las limitaciones en los ingresos familiares que generan las pol\u00edticas econ\u00f3micas recesivas; la falta de espacios de promoci\u00f3n de la lectura desde el propio Estado. <\/p>\n\n\n\n<figure class=\"wp-block-image size-large\"><img decoding=\"async\" src=\"http:\/\/atecordoba.org\/wp-content\/uploads\/2020\/05\/83550041_183095319715891_6055901022616813568_n.jpg\" alt=\"\" class=\"wp-image-12068\"\/><\/figure>\n\n\n\n<p>La tv promueve s\u00f3lo el entretenimiento del cual excluye a los libros, o a la lectura en cualquiera de sus manifestaciones, el fomento de la lectura de peri\u00f3dicos y revistas, la falta de promoci\u00f3n de buenos textos, entretenidos y gozables en la internet; es decir, un sistema facilista y permeable que genera desigualdad y del que se benefician los fabricantes de productos de r\u00e1pido consumo, entre los que un libro no cuenta.<\/p>\n\n\n\n<p>Entendemos\ncomo organizaci\u00f3n gremial que el derecho a leer empieza por casa. Y con esa\npremisa pusimos en marcha la Feria Independiente por el derecho a leer (FIDEL)\nque fue realizada este a\u00f1o 2019 durante 3 d\u00edas en el Centro Cultural Leopoldo\nGonz\u00e1lez en la ciudad de Buenos Aires.<\/p>\n\n\n\n<p>En\nla misma l\u00ednea de acci\u00f3n y pensamiento organizamos el 1\u00b0 Certamen Nacional de\nLiteratura \u201cOsvaldo Bayer\u201d que cont\u00f3 con la participaci\u00f3n de 600 escritoras y\nescritores de todo el pa\u00eds, estableciendo una categor\u00eda exclusiva para\nafiliados de nuestra central sindical. <\/p>\n\n\n\n<p>Y la\ntercera pata de la base ser\u00e1 la creaci\u00f3n y puesta en marcha de <strong>Bibliotecas en las sedes gremiales de ATE<\/strong>\ndel pa\u00eds, comenzando por los consejos directivos provinciales, \u201csiendo el de\nC\u00f3rdoba el primero en sumarse a este proyecto convocado por el CDN de ATE junto\nal Departamento de Cultura\u201d, se\u00f1al\u00f3 Julia Giuliani secretaria de prensa y comunicaci\u00f3n\ndel Consejo Directivo Provincial de ATE. &nbsp;<\/p>\n\n\n\n<p>Una\nbiblioteca ATE ser\u00e1 moderna que trabajar\u00e1 bajo la consigna EL DERECHO A LEER.<\/p>\n\n\n\n<p>Dispondr\u00e1\nde un lugar f\u00edsico adecuado, se vincular\u00e1 con las nuevas tecnolog\u00edas. Promover\u00e1\nel acceso libre, gratuito y democr\u00e1tico a los conocimientos, que sustenten y\ndefiendan el derecho a leer. <\/p>\n","protected":false},"excerpt":{"rendered":"<p>El derecho a leer es la consigna que atraviesa como un puente a la Asociaci\u00f3n de Trabajadores del Estado como parte fundamental\u00a0 de su propuesta cultural. Al derecho a leer lo consideramos vulnerado como lo han sido otros derechos, incluso los fundamentales de subsistencia alimentaria. \u00bfC\u00f3mo se vulnera el derecho a leer?\u00a0 Por las limitaciones [&hellip;]<\/p>\n","protected":false},"author":1,"featured_media":19220,"comment_status":"open","ping_status":"open","sticky":true,"template":"","format":"standard","meta":{"_exactmetrics_skip_tracking":false,"_exactmetrics_sitenote_active":false,"_exactmetrics_sitenote_note":"","_exactmetrics_sitenote_category":0,"jnews-multi-image_gallery":[],"jnews_single_post":[],"jnews_primary_category":[],"jnews_social_meta":[],"jnews_review":[],"enable_review":"","type":"","name":"","summary":"","brand":"","sku":"","good":[],"bad":[],"score_override":"","override_value":"","rating":[],"price":[],"jnews_override_counter":[],"jnews_post_split":[],"footnotes":""},"categories":[1],"tags":[],"class_list":["post-12067","post","type-post","status-publish","format-standard","has-post-thumbnail","hentry","category-sin-categoria"],"jetpack_featured_media_url":"https:\/\/atecordoba.org\/wp-content\/uploads\/2020\/05\/logo-nuevochico-e1561581322808.png","_links":{"self":[{"href":"https:\/\/atecordoba.org\/index.php?rest_route=\/wp\/v2\/posts\/12067","targetHints":{"allow":["GET"]}}],"collection":[{"href":"https:\/\/atecordoba.org\/index.php?rest_route=\/wp\/v2\/posts"}],"about":[{"href":"https:\/\/atecordoba.org\/index.php?rest_route=\/wp\/v2\/types\/post"}],"author":[{"embeddable":true,"href":"https:\/\/atecordoba.org\/index.php?rest_route=\/wp\/v2\/users\/1"}],"replies":[{"embeddable":true,"href":"https:\/\/atecordoba.org\/index.php?rest_route=%2Fwp%2Fv2%2Fcomments&post=12067"}],"version-history":[{"count":1,"href":"https:\/\/atecordoba.org\/index.php?rest_route=\/wp\/v2\/posts\/12067\/revisions"}],"predecessor-version":[{"id":18842,"href":"https:\/\/atecordoba.org\/index.php?rest_route=\/wp\/v2\/posts\/12067\/revisions\/18842"}],"wp:featuredmedia":[{"embeddable":true,"href":"https:\/\/atecordoba.org\/index.php?rest_route=\/wp\/v2\/media\/19220"}],"wp:attachment":[{"href":"https:\/\/atecordoba.org\/index.php?rest_route=%2Fwp%2Fv2%2Fmedia&parent=12067"}],"wp:term":[{"taxonomy":"category","embeddable":true,"href":"https:\/\/atecordoba.org\/index.php?rest_route=%2Fwp%2Fv2%2Fcategories&post=12067"},{"taxonomy":"post_tag","embeddable":true,"href":"https:\/\/atecordoba.org\/index.php?rest_route=%2Fwp%2Fv2%2Ftags&post=12067"}],"curies":[{"name":"wp","href":"https:\/\/api.w.org\/{rel}","templated":true}]}}