{"id":12063,"date":"2020-01-27T09:42:20","date_gmt":"2020-01-27T12:42:20","guid":{"rendered":"https:\/\/www.atecordoba.org\/?p=12063"},"modified":"2020-05-05T09:12:31","modified_gmt":"2020-05-05T12:12:31","slug":"federico-giuliani-en-el-congreso-nacional-de-la-cut-de-chile","status":"publish","type":"post","link":"https:\/\/atecordoba.org\/?p=12063","title":{"rendered":"Federico Giuliani en el Congreso Nacional de la CUT de Chile"},"content":{"rendered":"\n<p>El Secretario General de ATE de la provincia de C\u00f3rdoba,  Federico Giuliani, particip\u00f3 en representaci\u00f3n de la CTAA y de ATE del 12\u00ba Congreso Nacional de la Central Unitaria de  Trabajadores (CUT) de Chile.<\/p>\n\n\n\n<figure class=\"wp-block-image size-large\"><img decoding=\"async\" src=\"http:\/\/atecordoba.org\/wp-content\/uploads\/2020\/05\/84393533_1313323905539971_2640499662552825856_n-1.jpg\" alt=\"\" class=\"wp-image-12064\"\/><figcaption>B\u00e1rbara Figueroa Presidenta CUT y Federico Giuliani <\/figcaption><\/figure>\n\n\n\n<p>El dirigente riocuartense,  escribi\u00f3 por Facebook: \u201cNos encontramos en la Sede de la Central  Unitaria de Trabajadorxs (CUT) de Chile en la capital trasandina,  Santiago, participando de la Apertura del 12\u00ba Congreso Nacional de esta  Central hermana, realmente es emocionante la valent\u00eda del pueblo chileno, de nuestras compa\u00f1eras sindicalistas que siguen poni\u00e9ndole el cuerpo a la represi\u00f3n del gobierno de Pineda&#8221;.<\/p>\n\n\n\n<p>Numerosas comitivas sindicales internacionales de  Latinoam\u00e9rica y el Caribe, Europa, Asia y \u00c1frica expresaron su apoyo y solidaridad en un momento de insurrecci\u00f3n popular que se est\u00e1  desarrollando en Chile, que pone en jaque\u00a0no  s\u00f3lo este modelo neoliberal puesto como ejemplo por el capitalismo  mundial, sino que tambi\u00e9n interpela a esta democracia representativa de  bajo voltaje, que no ha resuelto los problemas m\u00e1s graves y urgentes de  nuestros pueblos y que ha generado una profunda desigualdad social en  nuestros pa\u00edses. <\/p>\n\n\n\n<p>En el Panel de Apertura del Congreso  estuvieron Tamara Mu\u00f1oz,\u00a0 Secretaria de Relaciones Internacionales de la  CUT,\u00a0 junto a su Presidenta, B\u00e1rbara Figueroa; Lais Abramo, ex Directora  de la CEPAL y OIT en Brasil; el paraguayo V\u00edctor B\u00e1ez, Secretario  General de la Confederaci\u00f3n Sindical Internacional (CSI) y el brasile\u00f1o  Rafael Freire, Secretario General de la Confederaci\u00f3n Sindical de  Trabajadores y Trabajadoras de las Americas (CSA)\u201d, finaliza el informe  de Giuliani por las redes sociales. <\/p>\n","protected":false},"excerpt":{"rendered":"<p>El Secretario General de ATE de la provincia de C\u00f3rdoba, Federico Giuliani, particip\u00f3 en representaci\u00f3n de la CTAA y de ATE del 12\u00ba Congreso Nacional de la Central Unitaria de Trabajadores (CUT) de Chile. El dirigente riocuartense, escribi\u00f3 por Facebook: \u201cNos encontramos en la Sede de la Central Unitaria de Trabajadorxs (CUT) de Chile en [&hellip;]<\/p>\n","protected":false},"author":1,"featured_media":19220,"comment_status":"open","ping_status":"open","sticky":true,"template":"","format":"standard","meta":{"_exactmetrics_skip_tracking":false,"_exactmetrics_sitenote_active":false,"_exactmetrics_sitenote_note":"","_exactmetrics_sitenote_category":0,"jnews-multi-image_gallery":[],"jnews_single_post":[],"jnews_primary_category":[],"jnews_social_meta":[],"jnews_review":[],"enable_review":"","type":"","name":"","summary":"","brand":"","sku":"","good":[],"bad":[],"score_override":"","override_value":"","rating":[],"price":[],"jnews_override_counter":[],"jnews_post_split":[],"footnotes":""},"categories":[1],"tags":[],"class_list":["post-12063","post","type-post","status-publish","format-standard","has-post-thumbnail","hentry","category-sin-categoria"],"jetpack_featured_media_url":"https:\/\/atecordoba.org\/wp-content\/uploads\/2020\/05\/logo-nuevochico-e1561581322808.png","_links":{"self":[{"href":"https:\/\/atecordoba.org\/index.php?rest_route=\/wp\/v2\/posts\/12063","targetHints":{"allow":["GET"]}}],"collection":[{"href":"https:\/\/atecordoba.org\/index.php?rest_route=\/wp\/v2\/posts"}],"about":[{"href":"https:\/\/atecordoba.org\/index.php?rest_route=\/wp\/v2\/types\/post"}],"author":[{"embeddable":true,"href":"https:\/\/atecordoba.org\/index.php?rest_route=\/wp\/v2\/users\/1"}],"replies":[{"embeddable":true,"href":"https:\/\/atecordoba.org\/index.php?rest_route=%2Fwp%2Fv2%2Fcomments&post=12063"}],"version-history":[{"count":1,"href":"https:\/\/atecordoba.org\/index.php?rest_route=\/wp\/v2\/posts\/12063\/revisions"}],"predecessor-version":[{"id":18844,"href":"https:\/\/atecordoba.org\/index.php?rest_route=\/wp\/v2\/posts\/12063\/revisions\/18844"}],"wp:featuredmedia":[{"embeddable":true,"href":"https:\/\/atecordoba.org\/index.php?rest_route=\/wp\/v2\/media\/19220"}],"wp:attachment":[{"href":"https:\/\/atecordoba.org\/index.php?rest_route=%2Fwp%2Fv2%2Fmedia&parent=12063"}],"wp:term":[{"taxonomy":"category","embeddable":true,"href":"https:\/\/atecordoba.org\/index.php?rest_route=%2Fwp%2Fv2%2Fcategories&post=12063"},{"taxonomy":"post_tag","embeddable":true,"href":"https:\/\/atecordoba.org\/index.php?rest_route=%2Fwp%2Fv2%2Ftags&post=12063"}],"curies":[{"name":"wp","href":"https:\/\/api.w.org\/{rel}","templated":true}]}}